{"id":22229,"date":"2015-07-23T12:05:12","date_gmt":"2015-07-23T10:05:12","guid":{"rendered":"http:\/\/www.invarena.cz\/?p=22229"},"modified":"2015-07-23T12:05:12","modified_gmt":"2015-07-23T10:05:12","slug":"jsem-postizeny-praktickou-hluchotou-mam-narok-na-invalidni-duchod-3-stupne","status":"publish","type":"post","link":"https:\/\/www.invarena.cz\/?p=22229","title":{"rendered":"Jsem posti\u017een\u00fd praktickou hluchotou. M\u00e1m n\u00e1rok na invalidn\u00ed d\u016fchod 3. stupn\u011b?"},"content":{"rendered":"<p><strong>Dotaz: Jsem posti\u017een\u00fd praktickou hluchotou,\u00a0 ztr\u00e1ta sluchu dle Fowlera p\u0159\u00edstroj audiogram je pres 98 procent. Cht\u011bl bych se zeptat m\u011bl bych m\u00edt n\u00e1rok na 3stupen invalidn\u00edho d\u016fchodu?<\/strong><br \/>\n<!--more--><\/p>\n<p><strong>Dotaz:<\/strong> Jsem posti\u017een\u00fd praktickou hluchotou ztr\u00e1ta sluchu dle Fowlera p\u0159\u00edstroj audiogram je pres 98 procent. M\u00e1m probl\u00e9my s dorozum\u00edv\u00e1n\u00edm, i kdy\u017e m\u00e1m sluchadlo tak \u0161patn\u011b rozum\u00edm slov\u016fm sp\u00ed\u0161e odez\u00edr\u00e1m. Cht\u011bl bych se zeptat m\u011bl bych m\u00edt n\u00e1rok na 3stupen invalidn\u00edho d\u016fchodu? M\u00e1m jen 2stupen a to je\u0161t\u011b d\u00edky tomu, \u017ee jsem m\u011bl psychick\u00e9 probl\u00e9my.<br \/>\n<strong>Odpov\u011b\u010f:<\/strong><br \/>\nNa invalidn\u00ed d\u016fchod 3. Stupn\u011b nejsp\u00ed\u0161e n\u00e1rok nem\u00e1te. Pro p\u0159izn\u00e1n\u00ed t\u0159et\u00edho stupn\u011b je toti\u017e nutn\u00e9, aby ve Va\u0161em p\u0159\u00edpad\u011b L\u00e9ka\u0159sk\u00e1 posudkov\u00e1 slu\u017eba \u010cSSZ uznala, \u017ee Va\u0161e m\u00edra poklesu pracovn\u00ed schopnosti dosahuje alespo\u0148 70%.<\/p>\n<p>Dle P\u0159edpisu \u010d. 359\/2009 Sb. toti\u017e podle Va\u0161eho popisu zdravotn\u00edho posti\u017een\u00ed nejsp\u00ed\u0161e dosahujete pouze na 40%.<\/p>\n<p>Ve Va\u0161em p\u0159\u00edpad\u011b bych si o zv\u00fd\u0161en\u00ed invalidn\u00edho d\u016fchodu ne\u017e\u00e1dal, proto\u017ee je mo\u017en\u00e9, \u017ee byste mohl p\u0159ij\u00edt i o sou\u010dasn\u00fd druh\u00fd stupe\u0148, pokud u\u017e se Va\u0161e psychick\u00e9 pot\u00ed\u017ee zm\u00edrnily.<\/p>\n<p>P\u0159edpis \u010d. 359\/2009 Sb.<br \/>\nVyhl\u00e1\u0161ka, kterou se stanov\u00ed procentn\u00ed m\u00edry poklesu pracovn\u00ed schopnosti<br \/>\nDruh zdravotn\u00edho posti\u017een\u00ed<br \/>\nM\u00edra poklesu pracovn\u00ed schopnosti v %<br \/>\n1<br \/>\nOboustrann\u00e1 praktick\u00e1 hluchota<br \/>\nztr\u00e1ta sluchu p\u0159i t\u00f3nov\u00e9 audiometrii v rozsahu 70-90 dB, zbytkov\u00fd sluch se ztr\u00e1tou sly\u0161en\u00ed 85-90%,<br \/>\nsluchov\u011b posti\u017een\u00fd je schopen vn\u00edmat zvuk mluven\u00e9 \u0159e\u010di jen se sluchadlem, ale rozum\u00ed mu jen minim\u00e1ln\u011b (z 10-15%)<br \/>\n40<br \/>\n2<br \/>\nOboustrann\u00e1 \u00fapln\u00e1 hluchota<br \/>\nneschopnost sly\u0161et zvuky a rozum\u011bt \u0159e\u010di ani s nejv\u00fdkonn\u011bj\u0161\u00edm sluchadlem<br \/>\n50-60<br \/>\n3<br \/>\nOboustrann\u00e1 \u00fapln\u00e1 nebo praktick\u00e1 hluchota,<br \/>\nse z\u00e1va\u017en\u00fdm posti\u017een\u00edm intelektu nebo zraku na \u00farovni t\u011b\u017ek\u00e9 slabozrakosti obou o\u010d\u00ed<br \/>\n70-80<\/p>\n<p>Ji\u0159\u00ed Marek<br \/>\ninvArena<\/p>\n","protected":false},"excerpt":{"rendered":"<div class=\"mh-excerpt\"><p>Dotaz: Jsem posti\u017een\u00fd praktickou hluchotou,\u00a0 ztr\u00e1ta sluchu dle Fowlera p\u0159\u00edstroj audiogram je pres 98 procent. Cht\u011bl bych se zeptat m\u011bl bych m\u00edt n\u00e1rok na 3stupen <a class=\"mh-excerpt-more\" href=\"https:\/\/www.invarena.cz\/?p=22229\" title=\"Jsem posti\u017een\u00fd praktickou hluchotou. M\u00e1m n\u00e1rok na invalidn\u00ed d\u016fchod 3. stupn\u011b?\">[&#8230;]<\/a><\/p>\n<\/div>","protected":false},"author":3,"featured_media":16054,"comment_status":"open","ping_status":"closed","sticky":false,"template":"","format":"standard","meta":{"footnotes":""},"categories":[18],"tags":[],"class_list":["post-22229","post","type-post","status-publish","format-standard","has-post-thumbnail","hentry","category-poradna"],"_links":{"self":[{"href":"https:\/\/www.invarena.cz\/index.php?rest_route=\/wp\/v2\/posts\/22229","targetHints":{"allow":["GET"]}}],"collection":[{"href":"https:\/\/www.invarena.cz\/index.php?rest_route=\/wp\/v2\/posts"}],"about":[{"href":"https:\/\/www.invarena.cz\/index.php?rest_route=\/wp\/v2\/types\/post"}],"author":[{"embeddable":true,"href":"https:\/\/www.invarena.cz\/index.php?rest_route=\/wp\/v2\/users\/3"}],"replies":[{"embeddable":true,"href":"https:\/\/www.invarena.cz\/index.php?rest_route=%2Fwp%2Fv2%2Fcomments&post=22229"}],"version-history":[{"count":0,"href":"https:\/\/www.invarena.cz\/index.php?rest_route=\/wp\/v2\/posts\/22229\/revisions"}],"wp:featuredmedia":[{"embeddable":true,"href":"https:\/\/www.invarena.cz\/index.php?rest_route=\/wp\/v2\/media\/16054"}],"wp:attachment":[{"href":"https:\/\/www.invarena.cz\/index.php?rest_route=%2Fwp%2Fv2%2Fmedia&parent=22229"}],"wp:term":[{"taxonomy":"category","embeddable":true,"href":"https:\/\/www.invarena.cz\/index.php?rest_route=%2Fwp%2Fv2%2Fcategories&post=22229"},{"taxonomy":"post_tag","embeddable":true,"href":"https:\/\/www.invarena.cz\/index.php?rest_route=%2Fwp%2Fv2%2Ftags&post=22229"}],"curies":[{"name":"wp","href":"https:\/\/api.w.org\/{rel}","templated":true}]}}