{"id":22232,"date":"2015-07-24T15:55:29","date_gmt":"2015-07-24T13:55:29","guid":{"rendered":"http:\/\/www.invarena.cz\/?p=22232"},"modified":"2015-07-24T15:55:59","modified_gmt":"2015-07-24T13:55:59","slug":"mesto-obhajilo-tvrde-podminky-ve-smlouve-o-stacionari","status":"publish","type":"post","link":"https:\/\/www.invarena.cz\/?p=22232","title":{"rendered":"M\u011bsto obh\u00e1jilo tvrd\u00e9 podm\u00ednky ve smlouv\u011b o stacion\u00e1\u0159i"},"content":{"rendered":"<p><strong>Byl to boj, ale Sokolov neustoupil. O co jde? M\u011bsto darovalo objekt j\u00eddelny a dru\u017einy b\u00fdval\u00e9 z\u00e1kladn\u00ed \u0161koly v Sokolovsk\u00e9 ulici na z\u0159\u00edzen\u00ed denn\u00edho stacion\u00e1\u0159e pro posti\u017een\u00e9.<\/strong> <!--more--><\/p>\n<p>Sokolov \u2013 Ten chce provozovat obecn\u011b prosp\u011b\u0161n\u00e1 spole\u010dnost Mate\u0159\u00eddou\u0161ka, kter\u00e1 m\u00e1 podobn\u00e9 za\u0159\u00edzen\u00ed v Chodov\u011b. Veden\u00ed Mate\u0159\u00eddou\u0161ky se v\u0161ak nel\u00edbily n\u011bkter\u00e9 tvrd\u00e9 podm\u00ednky ve smlouv\u011b. Nakonec v\u0161ak do\u0161lo ke shod\u011b, ani\u017e by m\u011bsto n\u011bjak v\u00fdrazn\u011b couvlo.<\/p>\n<p>&#8222;Podm\u00ednky darovac\u00ed smlouvy jsou nastaven\u00e9 tak, aby m\u011blo m\u011bsto z\u00e1ruky, \u017ee se z\u00e1m\u011br uskute\u010dn\u00ed. M\u011bsto se u\u017e d\u0159\u00edve shodlo na tom, \u017ee slu\u017ebu, kterou Mate\u0159\u00eddou\u0161ka nab\u00edz\u00ed, ve m\u011bst\u011b chceme. Ale hledaly se cesty, jak uskute\u010dnit p\u0159edpokl\u00e1dan\u00fd dar. A jsem r\u00e1d, \u017ee Mate\u0159\u00eddou\u0161ka nakonec po jedn\u00e1n\u00edch akceptovala navr\u017eenou smlouvu a za m\u011bsto mohu \u0159\u00edct, \u017ee my zase nebudeme hledat n\u011bjak\u00e9 z\u00e1drhele a naopak se budeme sna\u017eit slu\u017ebu podpo\u0159it&#8220;, \u0159ekl starosta Sokolova Jan Picka.<\/p>\n<p>Podle n\u011bj by Mate\u0159\u00eddou\u0161ka m\u011bla do t\u0159\u00ed let za\u0159\u00edzen\u00ed pro ment\u00e1ln\u011b a kombinovan\u011b posti\u017een\u00e9 otev\u0159\u00edt a dal\u0161\u00edch deset let provozovat. Pokud ne, budova p\u0159ejde zp\u011bt do majetku m\u011bsta. Odhadovan\u00e9 n\u00e1klady p\u0159estavby objektu na denn\u00ed stacion\u00e1\u0159 jsou a\u017e 15 milion\u016f korun.<\/p>\n<p>Mate\u0159\u00eddou\u0161ka u\u017e v z\u00e1\u0159\u00ed mus\u00ed \u017e\u00e1dat o pot\u0159ebn\u00e9 finance. Zm\u011bnu smlouvy proto museli odsouhlasit zastupitel\u00e9 na sv\u00e9m mimo\u0159\u00e1dn\u00e9m zased\u00e1n\u00ed.<\/p>\n<p>Mate\u0159\u00eddou\u0161ka chce v objektu z\u0159\u00eddit denn\u00ed stacion\u00e1\u0159 a respitn\u00ed a ranou p\u00e9\u010di. V\u011bk klient\u016f 1 a\u017e 64 let. Neziskov\u00e1 organizace p\u016fsob\u00edc\u00ed v soci\u00e1ln\u00edch slu\u017eb\u00e1ch m\u00e1 v\u011bt\u0161\u00ed \u0161anci z\u00edskat prost\u0159edky na rekonstrukci ne\u017e m\u011bsto. I proto Sokolov zvolil formu daru. &#8222;Jedn\u00e1n\u00ed na radnici byla velmi emotivn\u00ed. B\u00fdval\u00e9 veden\u00ed n\u00e1m sl\u00edbilo jeden objekt, nov\u00e9 veden\u00ed ho smetlo ze stolu. Rodi\u010de \u0161\u00edleli. Pot\u00e9 n\u00e1m p\u0159isl\u00edbili objekt dru\u017einy a j\u00eddelny u b\u00fdval\u00e9 4. Z\u0160 v Sokolov\u011b. Objekt je v\u011bt\u0161\u00ed, komfortn\u011bj\u0161\u00ed, a t\u00edm p\u00e1dem jsou zde i v\u011bt\u0161\u00ed mo\u017enosti do budoucna,&#8220; \u0159ekl mana\u017eer Mate\u0159\u00eddou\u0161ky Pavel Br\u00e1borec. Objekt b\u00fdval\u00e9 \u0161koly je rozd\u011blen na t\u0159i \u010d\u00e1sti. Krom\u011b dru\u017einy je to t\u011blocvi\u010dna a hlavn\u00ed budova \u0161koly.<\/p>\n<p>Chebsk\u00fd den\u00edk<br \/>\nhttp:\/\/chebsky.denik.cz\/<\/p>\n","protected":false},"excerpt":{"rendered":"<div class=\"mh-excerpt\"><p>Byl to boj, ale Sokolov neustoupil. O co jde? M\u011bsto darovalo objekt j\u00eddelny a dru\u017einy b\u00fdval\u00e9 z\u00e1kladn\u00ed \u0161koly v Sokolovsk\u00e9 ulici na z\u0159\u00edzen\u00ed denn\u00edho stacion\u00e1\u0159e <a class=\"mh-excerpt-more\" href=\"https:\/\/www.invarena.cz\/?p=22232\" title=\"M\u011bsto obh\u00e1jilo tvrd\u00e9 podm\u00ednky ve smlouv\u011b o stacion\u00e1\u0159i\">[&#8230;]<\/a><\/p>\n<\/div>","protected":false},"author":1,"featured_media":4002,"comment_status":"open","ping_status":"closed","sticky":false,"template":"","format":"standard","meta":{"footnotes":""},"categories":[7],"tags":[],"class_list":["post-22232","post","type-post","status-publish","format-standard","has-post-thumbnail","hentry","category-spolecnost"],"_links":{"self":[{"href":"https:\/\/www.invarena.cz\/index.php?rest_route=\/wp\/v2\/posts\/22232","targetHints":{"allow":["GET"]}}],"collection":[{"href":"https:\/\/www.invarena.cz\/index.php?rest_route=\/wp\/v2\/posts"}],"about":[{"href":"https:\/\/www.invarena.cz\/index.php?rest_route=\/wp\/v2\/types\/post"}],"author":[{"embeddable":true,"href":"https:\/\/www.invarena.cz\/index.php?rest_route=\/wp\/v2\/users\/1"}],"replies":[{"embeddable":true,"href":"https:\/\/www.invarena.cz\/index.php?rest_route=%2Fwp%2Fv2%2Fcomments&post=22232"}],"version-history":[{"count":0,"href":"https:\/\/www.invarena.cz\/index.php?rest_route=\/wp\/v2\/posts\/22232\/revisions"}],"wp:featuredmedia":[{"embeddable":true,"href":"https:\/\/www.invarena.cz\/index.php?rest_route=\/wp\/v2\/media\/4002"}],"wp:attachment":[{"href":"https:\/\/www.invarena.cz\/index.php?rest_route=%2Fwp%2Fv2%2Fmedia&parent=22232"}],"wp:term":[{"taxonomy":"category","embeddable":true,"href":"https:\/\/www.invarena.cz\/index.php?rest_route=%2Fwp%2Fv2%2Fcategories&post=22232"},{"taxonomy":"post_tag","embeddable":true,"href":"https:\/\/www.invarena.cz\/index.php?rest_route=%2Fwp%2Fv2%2Ftags&post=22232"}],"curies":[{"name":"wp","href":"https:\/\/api.w.org\/{rel}","templated":true}]}}