{"id":22240,"date":"2015-07-24T15:54:20","date_gmt":"2015-07-24T13:54:20","guid":{"rendered":"http:\/\/www.invarena.cz\/?p=22240"},"modified":"2015-07-24T15:54:20","modified_gmt":"2015-07-24T13:54:20","slug":"vytah-ve-skole-chteji-mit-rousinovsti-do-zari","status":"publish","type":"post","link":"https:\/\/www.invarena.cz\/?p=22240","title":{"rendered":"V\u00fdtah ve \u0161kole cht\u011bj\u00ed m\u00edt Rous\u00ednov\u0161t\u00ed do z\u00e1\u0159\u00ed"},"content":{"rendered":"<p><strong>Bezbari\u00e9rov\u00fd p\u0159\u00edstupdov\u0161ech paterbudovym\u00e1 b\u00fdt od p\u0159\u00ed\u0161t\u00edho \u0161koln\u00edho roku k dispozici na Z\u00e1kladn\u00ed \u0161kole Habrovansk\u00e1 v Rous\u00ednov\u011b. M\u011bsto tam toti\u017e nech\u00e1v\u00e1 instalovat v\u00fdtah, o co\u017e usilovalo n\u011bkolik let.<\/strong><!--more--><br \/>\n&#8222;S pracemi na v\u00fdtahu se u\u017e za\u010dalo. Budeme d\u011blat v\u0161echno pro to, aby byly hotov\u00e9 do konce pr\u00e1zdnin, a v\u00fdtah tak byl p\u0159ipraven\u00fd k pou\u017eit\u00ed u\u017e od za\u010d\u00e1tku \u0161koln\u00edho roku. Nen\u00ed v\u0161ak jist\u00e9, jestli se to poda\u0159\u00ed, mo\u017en\u00e1 se na n\u011bm bude pracovat je\u0161t\u011b n\u011bjak\u00fd t\u00fdden po za\u010d\u00e1tku z\u00e1\u0159\u00ed. Ani v tom p\u0159\u00edpad\u011b to ale nijak neomez\u00ed provoz \u0161koly,&#8220; informoval tajemn\u00edk Rous\u00ednova Mari\u00e1n Tl\u010dik.<br \/>\nV\u00fdtah bude k dispozici ka\u017ed\u00e9mu se st\u00ed\u017eenou pohyblivost\u00ed: mimo jin\u00e9 tedy i dv\u011bma \u017e\u00e1k\u016fm na invalidn\u00edm voz\u00edku, kte\u0159\u00ed v sou\u010dasn\u00e9 dob\u011b \u0161kolu nav\u0161t\u011bvuj\u00ed. &#8222;Vyjde zhruba na dva miliony sedm set \u0161edes\u00e1t tis\u00edc korun. Z ministerstva \u0161kolstv\u00ed se na n\u011bj m\u011bstu poda\u0159ilo z\u00edskat dotaci ve v\u00fd\u0161i tak\u0159ka dvou milion\u016f sto tis\u00edc,&#8220; dodal Tl\u010dik.<br \/>\nVeden\u00ed m\u011bsta nech\u00e1v\u00e1 z\u00e1rove\u0148 tak\u00e9 zpracov\u00e1vat projekt na v\u00fdtah pro budovu deta\u0161ovan\u00e9ho pracovi\u0161t\u011b \u0161koly v Tyr\u0161ov\u011b ulici, na kter\u00fd takt\u00e9\u017e sh\u00e1n\u00ed dotace.<\/p>\n<p>Vy\u0161kovsk\u00fd den\u00edk<\/p>\n","protected":false},"excerpt":{"rendered":"<div class=\"mh-excerpt\"><p>Bezbari\u00e9rov\u00fd p\u0159\u00edstupdov\u0161ech paterbudovym\u00e1 b\u00fdt od p\u0159\u00ed\u0161t\u00edho \u0161koln\u00edho roku k dispozici na Z\u00e1kladn\u00ed \u0161kole Habrovansk\u00e1 v Rous\u00ednov\u011b. M\u011bsto tam toti\u017e nech\u00e1v\u00e1 instalovat v\u00fdtah, o co\u017e usilovalo <a class=\"mh-excerpt-more\" href=\"https:\/\/www.invarena.cz\/?p=22240\" title=\"V\u00fdtah ve \u0161kole cht\u011bj\u00ed m\u00edt Rous\u00ednov\u0161t\u00ed do z\u00e1\u0159\u00ed\">[&#8230;]<\/a><\/p>\n<\/div>","protected":false},"author":1,"featured_media":0,"comment_status":"open","ping_status":"closed","sticky":false,"template":"","format":"standard","meta":{"footnotes":""},"categories":[9],"tags":[],"class_list":["post-22240","post","type-post","status-publish","format-standard","hentry","category-zpravy"],"_links":{"self":[{"href":"https:\/\/www.invarena.cz\/index.php?rest_route=\/wp\/v2\/posts\/22240","targetHints":{"allow":["GET"]}}],"collection":[{"href":"https:\/\/www.invarena.cz\/index.php?rest_route=\/wp\/v2\/posts"}],"about":[{"href":"https:\/\/www.invarena.cz\/index.php?rest_route=\/wp\/v2\/types\/post"}],"author":[{"embeddable":true,"href":"https:\/\/www.invarena.cz\/index.php?rest_route=\/wp\/v2\/users\/1"}],"replies":[{"embeddable":true,"href":"https:\/\/www.invarena.cz\/index.php?rest_route=%2Fwp%2Fv2%2Fcomments&post=22240"}],"version-history":[{"count":0,"href":"https:\/\/www.invarena.cz\/index.php?rest_route=\/wp\/v2\/posts\/22240\/revisions"}],"wp:attachment":[{"href":"https:\/\/www.invarena.cz\/index.php?rest_route=%2Fwp%2Fv2%2Fmedia&parent=22240"}],"wp:term":[{"taxonomy":"category","embeddable":true,"href":"https:\/\/www.invarena.cz\/index.php?rest_route=%2Fwp%2Fv2%2Fcategories&post=22240"},{"taxonomy":"post_tag","embeddable":true,"href":"https:\/\/www.invarena.cz\/index.php?rest_route=%2Fwp%2Fv2%2Ftags&post=22240"}],"curies":[{"name":"wp","href":"https:\/\/api.w.org\/{rel}","templated":true}]}}