{"id":22241,"date":"2015-07-24T15:53:47","date_gmt":"2015-07-24T13:53:47","guid":{"rendered":"http:\/\/www.invarena.cz\/?p=22241"},"modified":"2015-07-24T15:53:47","modified_gmt":"2015-07-24T13:53:47","slug":"90-let-od-zalozeni-socialni-sluzby-domov-vetrny-mlyn-skalicka","status":"publish","type":"post","link":"https:\/\/www.invarena.cz\/?p=22241","title":{"rendered":"90 let od zalo\u017een\u00ed soci\u00e1ln\u00ed slu\u017eby Domov V\u011btrn\u00fd ml\u00fdn Skali\u010dka"},"content":{"rendered":"<p><strong>V t\u011bchto dnech slav\u00ed za\u0159\u00edzen\u00ed soci\u00e1ln\u00ed p\u00e9\u010de pro osoby se zdravotn\u00edm posti\u017een\u00edm 90 let od sv\u00e9ho zalo\u017een\u00ed.<\/strong> <!--more--><\/p>\n<p>Dovolte mi, abych laskav\u00e9mu \u010dten\u00e1\u0159i p\u0159edest\u0159el n\u011bco m\u00e1lo \u00fadaj\u016f z bohat\u00e9 a dlouh\u00e9 historie na\u0161eho domova po dne\u0161n\u00ed dny.<br \/>\nPrvn\u00ed zm\u00ednky o obci Skali\u010dka, kter\u00e1 se p\u016fvodn\u011b naz\u00fdvala Skalka, se objevuj\u00ed u\u017e ve 12. stolet\u00ed. Prvn\u00ed p\u00edsemn\u00e1 zpr\u00e1va je z roku 1328. N\u011bkdy v 16. stolet\u00ed ji\u017e st\u00e1la ve Skali\u010dce tvrz, kter\u00e1 byla po\u010d\u00e1tkem 18. stolet\u00ed p\u0159ebudov\u00e1na na z\u00e1me\u010dek. Vlastnick\u00e1 pr\u00e1va ke Skali\u010dce m\u011blo v\u00edce majitel\u016f z \u0159ad ni\u017e\u0161\u00ed \u0161lechty, kte\u0159\u00ed se zde pom\u011brn\u011b \u010dasto st\u0159\u00eddali. V roce 1878 koupilo Skali\u010dku arcibiskupstv\u00ed olomouck\u00e9. Arcibiskupstv\u00ed prodalo, na z\u00e1klad\u011b kupn\u00ed smlouvy ze dne 14. listopadu 1924, z\u00e1me\u010dek sestr\u00e1m Dru\u017einy Cyrilo\u00acMethod\u011bjsk\u00e9. N\u00e1sledovaly nezbytn\u00e9 stavebn\u00ed \u00fapravy. Pot\u00e9, 14. \u010dervna roku 1925, se st\u00e1v\u00e1 \u00dastavem Cyrilo\u00acMethod\u011bjsk\u00fdm. Pr\u00e1v\u011b v t\u011bchto dnech tedy slav\u00edme 90 let od jeho vzniku. Zprvu byl ur\u010den pro d\u011bti od 3 a\u017e 18 let v\u011bku posti\u017een\u00e9 epilepsi\u00ed. V uveden\u00fd pam\u00e1tn\u00fd den se z Brna p\u0159ist\u011bhovalo 5 \u0159\u00e1dov\u00fdch sester a 22 d\u011bt\u00ed. Za\u0159\u00edzen\u00ed je po celou dobu existence ur\u010deno \u017een\u00e1m.<br \/>\nZa dobu sv\u00e9 existence n\u011bkolikr\u00e1t zm\u011bnilo za\u0159\u00edzen\u00ed n\u00e1zev. Na tomto m\u00edst\u011b pod\u00e1v\u00e1me p\u0159ehled v\u0161ech jeho n\u00e1zv\u016f. 01925 \u00dastav \u010desk\u00e9 katolick\u00e9 Charity 01960 \u00dastav soci\u00e1ln\u00ed p\u00e9\u010de pro d\u011bti a ml\u00e1de\u017e 01997 \u00dastav soci\u00e1ln\u00ed p\u00e9\u010de pro ml\u00e1de\u017e a dosp\u011bl\u00e9 Skali\u010dka 02007 Domov V\u011btrn\u00fd ml\u00fdn Skali\u010dka Aktu\u00e1ln\u00ed stav: Z\u0159izovatelem je Olomouck\u00fd kraj. Kapacita 78 klientek \u2013 v\u011bkov\u00e1 hranice od 3 let v\u011bku, horn\u00ed hranice je neomezen\u00e1. Celkem 54 zam\u011bstnanc\u016f, z toho v p\u0159\u00edm\u00e9 p\u00e9\u010di o klientky pracuje 35 pracovn\u00edk\u016f. 19 zam\u011bstnanc\u016f zabezpe\u010duje chod domova na hospod\u00e1\u0159sk\u00e9m \u00faseku (THP, kuchy\u0148, pr\u00e1delna, \u0161vadlena, \u00fadr\u017eba, ukl\u00edze\u010dky). V domov\u011b je mo\u017eno vykon\u00e1vat na\u0159\u00edzenou \u00fastavn\u00ed v\u00fdchovu, jinak slou\u017e\u00ed domov p\u0159edev\u0161\u00edm ment\u00e1ln\u011b a t\u011blesn\u011b posti\u017een\u00fdm \u017een\u00e1m.<br \/>\nZabezpe\u010dujeme zdravotn\u00ed p\u00e9\u010di ve spolupr\u00e1ci s d\u011btsk\u00fdm l\u00e9ka\u0159em, praktick\u00fdm l\u00e9ka\u0159em, zuba\u0159em, psychiatrem a neurologem. Prakti\u010dt\u00ed l\u00e9ka\u0159i pro d\u011bti a dosp\u011bl\u00e9 u n\u00e1s ordinuj\u00ed zpravidla 1x za 14 dn\u016f. Ostatn\u00ed specialist\u00e9 dle pot\u0159eby, zpravidla v\u0161ak 1x za 6 t\u00fddn\u016f. Na zdravotn\u00edm \u00faseku pracuj\u00ed jak zdravotn\u00ed sestry, tak pracovnice v soci\u00e1ln\u00edch slu\u017eb\u00e1ch pro v\u00fdkon o\u0161et\u0159ovatelsk\u00e9 p\u00e9\u010de.<br \/>\nVe spolupr\u00e1ci se speci\u00e1ln\u011b pedagogick\u00fdm centrem a na jeho doporu\u010den\u00ed, voz\u00edme n\u011bkter\u00e9 d\u011bti do nedalek\u00fdch Hranic do \u0161koly, do D\u011btsk\u00e9ho centra na Struhlovsku.<br \/>\nC\u00edlem p\u00e9\u010de v na\u0161em za\u0159\u00edzen\u00ed je dosa\u017een\u00ed co mo\u017en\u00e1 nejvy\u0161\u0161\u00edho stupn\u011b spole\u010densk\u00e9ho a pracovn\u00edho zapojen\u00ed a zaji\u0161t\u011bn\u00ed harmonick\u00e9ho a v\u0161estrann\u00e9ho rozvoje osobnosti klientky. V\u00fdchovu a vzd\u011bl\u00e1v\u00e1n\u00ed v za\u0159\u00edzen\u00ed uskute\u010d\u0148ujeme prost\u0159ednictv\u00edm z\u00e1jmov\u00e9 \u010dinnosti, individu\u00e1ln\u00edho pl\u00e1nov\u00e1n\u00ed a mo\u017enost\u00ed seberealizace. Vychovatelka a pracovnice v soci\u00e1ln\u00edch slu\u017eb\u00e1ch pro nepedagogickou v\u00fdchovnou \u010dinnost pracuj\u00ed s klientkami s r\u016fzn\u00fdm stupn\u011bm posti\u017een\u00ed. V\u00fdchovn\u00e9 \u010dinnosti jsou zam\u011b\u0159eny na sebeobsluhu a jednoduch\u00e9 dom\u00e1c\u00ed pr\u00e1ce. Klientky se u\u010d\u00ed pe\u010dovat o sebe i o druh\u00e9, staraj\u00ed se o pr\u00e1dlo, ukl\u00edz\u00ed si a podle z\u00e1jmu se u\u010d\u00ed v krou\u017eku va\u0159en\u00ed p\u0159ipravovat jednoduch\u00e1 j\u00eddla. Podle z\u00e1jmu, schopnost\u00ed a pot\u0159eb nav\u0161t\u011bvuj\u00ed klientky terapeutick\u00e9 d\u00edlny \u2013 keramickou, textiln\u011b v\u00fdtvarnou a d\u00edlnu ru\u010dn\u00edch prac\u00ed. Zde nal\u00e9zaj\u00ed pracovn\u00ed uplatn\u011bn\u00ed, seberealizaci a zdokonaluj\u00ed svou zru\u010dnost. Sv\u00e9 vlohy mohou rozvinout v oblasti ru\u010dn\u00edch prac\u00ed i v ovl\u00e1d\u00e1n\u00ed PC. Pod veden\u00edm cvi\u010ditele maj\u00ed mo\u017enost upev\u0148ovat svou kondici v posilovn\u011b, cvi\u010dit j\u00f3gu nebo jezdit na cyklotrena\u017e\u00e9rech. Pravideln\u011b ka\u017ed\u00fd t\u00fdden chod\u00ed cvi\u010dit do m\u00edstn\u00ed sokolovny. Chod\u00ed na vych\u00e1zky do p\u0159\u00edrody. Dal\u0161\u00ed hezk\u00e9 chvilky tr\u00e1v\u00ed v muzikoterapii nebo p\u0159i relaxaci na vodn\u00edm l\u016f\u017eku. S n\u011bkter\u00fdmi klientkami s naru\u0161enou komunika\u010dn\u00ed schopnost\u00ed pracuje speci\u00e1ln\u00ed pedagog \u2013 logoped. Ve voln\u00e9m \u010dase se klientky v\u011bnuj\u00ed sv\u00fdm kon\u00ed\u010dk\u016fm \u2013 pleten\u00ed, h\u00e1\u010dkov\u00e1n\u00ed, sledov\u00e1n\u00ed televize, proch\u00e1zk\u00e1m a poslechu hudby. D\u016fle\u017eitou slo\u017ekou v\u00fdchovy je pracovn\u00ed terapie, kdy klientky v r\u00e1mci sv\u00fdch mo\u017enost\u00ed a schopnost\u00ed vypom\u00e1haj\u00ed v kuchyni a pr\u00e1deln\u011b.<br \/>\nV roce 2012 jsme v \u0159\u00edjnu zah\u00e1jili provoz ve zcela nov\u00e9m l\u016f\u017ekov\u00e9m pavilonu. Byl vybudov\u00e1n n\u00e1kladem 35 milion\u016f korun a slou\u017e\u00ed p\u0159edev\u0161\u00edm jako ubytovac\u00ed kapacita pro 40 klientek. Pavilon pln\u00ed vysok\u00e9 n\u00e1roky na sou\u010dasn\u00e9 trendy v ubytov\u00e1n\u00ed klientek soci\u00e1ln\u00ed p\u00e9\u010de. P\u0159ev\u00e1\u017en\u011b t\u0159\u00edl\u016f\u017ekov\u00e9 pokoje, ale tak\u00e9 i dvoul\u016f\u017ekov\u00e9 pokoje jsou vybaveny vlastn\u00edm soci\u00e1ln\u00ed za\u0159\u00edzen\u00edm. V tomto pavilonu se nyn\u00ed nov\u011b nach\u00e1z\u00ed i tzv.cvi\u010dn\u00fd byt,kdese dv\u011b klientky sna\u017e\u00edme v\u00e9st k co nejv\u011bt\u0161\u00ed samostatnosti v p\u00e9\u010di o sebeobsluhu a dom\u00e1cnost. Byt je standardn\u011b vybaven jako jak\u00e1koliv b\u011b\u017en\u00e1 dom\u00e1cnost spot\u0159ebi\u010di a dal\u0161\u00edm vybaven\u00edm.<br \/>\nCel\u00fd domov je um\u00edst\u011bn v rozlehl\u00e9m parku, v n\u011bm\u017e se zrcadl\u00ed i cca 0,4 ha rybn\u00edk. Je zde velk\u00e9 mno\u017estv\u00ed star\u00fdch, velebn\u00fdch strom\u016f. V roce 2011 vyhr\u00e1la na\u0161e alej n\u00e1rodn\u00ed sout\u011b\u017e &#8222;strom roku&#8220;. V sou\u010dasn\u00e9 dob\u011b je dokon\u010dov\u00e1na jeho kompletn\u00ed a rozs\u00e1hl\u00e1 revitalizace. P\u0159ed\u00e1n\u00ed hotov\u00e9ho d\u00edla m\u00e1 prob\u011bhnout v polovin\u011b pr\u00e1zdnin. Revitalizace trvala rok a p\u016fl. Uskute\u010dnila se pomoc\u00ed fond\u016f EU. N\u00e1klady \u010dinily 6,7 milionu korun. B\u011bhem revitalizace bylo vyk\u00e1ceno kolem 300 star\u00fdch strom\u016f. N\u00e1sledn\u011b bylo vysazeno kolem 400 strom\u016f nov\u00fdch. Upraveno bylo nespo\u010detn\u00e9 mno\u017estv\u00ed ke\u0159ov\u00fdch skupin a porost\u016f. Zalo\u017eena byla nov\u00e1 \u0161t\u011bpnice, sad 75 ovocn\u00fdch strom\u016f, hlavn\u011b p\u016fvodn\u00edch \u010desk\u00fdch druh\u016f a odr\u016fd. Celkov\u00e1 v\u00fdm\u011bra upravovan\u00e9 plochy je cca 7 ha. Park chceme, za dodr\u017eov\u00e1n\u00ed jist\u00fdch pravidel z d\u016fvodu posl\u00e1n\u00ed za\u0159\u00edzen\u00ed, zp\u0159\u00edstupnit i ve\u0159ejnosti. Jako logo domova jsme si zvolili v\u011btrn\u00fd ml\u00fdn. V obci je toti\u017e star\u00fd d\u0159ev\u011bn\u00fd v\u011bt\u0159\u00e1k, jen\u017e je veden jako kulturn\u00ed pam\u00e1tka. Tato okolnost n\u00e1s inspirovala i k nov\u00e9mu pojmenov\u00e1n\u00ed za\u0159\u00edzen\u00ed na &#8222;Domov V\u011btrn\u00fd ml\u00fdn Skali\u010dka&#8220; v polovin\u011b roku 2007.<br \/>\nSkali\u010dku najdete nedaleko od Hranic, kdy po j\u00edzd\u011b kolem l\u00e1zn\u00ed Teplice nad Be\u010dvou ve sm\u011bru na Vala\u0161sk\u00e9 Mezi\u0159\u00ed\u010d\u00ed, odbo\u010d\u00edte ve sm\u011bru na Byst\u0159ici pod Host\u00fdnem. Vz\u00e1p\u011bt\u00ed, ihned po p\u0159ejet\u00ed mostu p\u0159es \u0159eku Be\u010dvu, v\u0161ak odbo\u010d\u00edte ve sm\u011bru na Kel\u010d a \u00dast\u00ed. V \u00dast\u00ed se d\u00e1te po projet\u00ed obce vlevo a p\u0159ijedete rovnou k n\u00e1m.<br \/>\nNashledanou ve Skali\u010dce.<\/p>\n<p>Foto:<\/p>\n<p>O autorovi: Zaslal Anton\u00edn N\u011bmec \u0159editel DVM Skali\u010dka<\/p>\n<p>Hranick\u00fd t\u00fdden<\/p>\n","protected":false},"excerpt":{"rendered":"<div class=\"mh-excerpt\"><p>V t\u011bchto dnech slav\u00ed za\u0159\u00edzen\u00ed soci\u00e1ln\u00ed p\u00e9\u010de pro osoby se zdravotn\u00edm posti\u017een\u00edm 90 let od sv\u00e9ho zalo\u017een\u00ed.<\/p>\n<\/div>","protected":false},"author":1,"featured_media":0,"comment_status":"open","ping_status":"closed","sticky":false,"template":"","format":"standard","meta":{"footnotes":""},"categories":[9],"tags":[],"class_list":["post-22241","post","type-post","status-publish","format-standard","hentry","category-zpravy"],"_links":{"self":[{"href":"https:\/\/www.invarena.cz\/index.php?rest_route=\/wp\/v2\/posts\/22241","targetHints":{"allow":["GET"]}}],"collection":[{"href":"https:\/\/www.invarena.cz\/index.php?rest_route=\/wp\/v2\/posts"}],"about":[{"href":"https:\/\/www.invarena.cz\/index.php?rest_route=\/wp\/v2\/types\/post"}],"author":[{"embeddable":true,"href":"https:\/\/www.invarena.cz\/index.php?rest_route=\/wp\/v2\/users\/1"}],"replies":[{"embeddable":true,"href":"https:\/\/www.invarena.cz\/index.php?rest_route=%2Fwp%2Fv2%2Fcomments&post=22241"}],"version-history":[{"count":0,"href":"https:\/\/www.invarena.cz\/index.php?rest_route=\/wp\/v2\/posts\/22241\/revisions"}],"wp:attachment":[{"href":"https:\/\/www.invarena.cz\/index.php?rest_route=%2Fwp%2Fv2%2Fmedia&parent=22241"}],"wp:term":[{"taxonomy":"category","embeddable":true,"href":"https:\/\/www.invarena.cz\/index.php?rest_route=%2Fwp%2Fv2%2Fcategories&post=22241"},{"taxonomy":"post_tag","embeddable":true,"href":"https:\/\/www.invarena.cz\/index.php?rest_route=%2Fwp%2Fv2%2Ftags&post=22241"}],"curies":[{"name":"wp","href":"https:\/\/api.w.org\/{rel}","templated":true}]}}