{"id":22265,"date":"2015-07-29T09:49:52","date_gmt":"2015-07-29T07:49:52","guid":{"rendered":"http:\/\/www.invarena.cz\/?p=22265"},"modified":"2015-07-29T09:49:52","modified_gmt":"2015-07-29T07:49:52","slug":"mam-86-ztratu-sluchu-dle-fowlera-proc-mi-nechteji-dat-prukaz-ztp","status":"publish","type":"post","link":"https:\/\/www.invarena.cz\/?p=22265","title":{"rendered":"M\u00e1m 86% ztr\u00e1tu sluchu dle Fowlera. Pro\u010d mi necht\u011bj\u00ed d\u00e1t pr\u016fkaz ZTP?"},"content":{"rendered":"<p><strong>Dotaz: jsem nedosl\u00fdchav\u00fd, je mi 16 let a chod\u00edm na st\u0159edn\u00ed \u0161kolu mezi sly\u0161\u00edc\u00edma, ale te\u010f p\u0159ejdu k v\u011bci, p\u0159ibli\u017en\u011b p\u0159ed rokem jsme s otcem za\u017e\u00e1dali o pr\u016fkaz ZTP, jeliko\u017e mi vypr\u0161ela platnost p\u0159edchoz\u00edho, m\u00e1m 86 % ztr\u00e1tu dle Fowlera a pr\u016fkazku mi zam\u00edtli i p\u0159es odvol\u00e1n\u00ed, pl\u00e1nujeme se odvolat znovu, jen bych cht\u011bl poradit od V\u00e1s jako\u017eto od odborn\u00edka, co bychom s otcem m\u011bli napsat do odvol\u00e1vac\u00ed zpr\u00e1vy, aby si komise uv\u011bdomila, \u017ee \u017eivot s naslouchadly nen\u00ed tak lehk\u00fd a \u017ee pr\u016fkazku ZTP bych pr\u00e1voplatn\u011b dostat m\u011bl. <\/strong><br \/>\n<!--more--><\/p>\n<p><strong>Odpov\u011b\u010f:<\/strong><br \/>\nP\u0159i rozhodov\u00e1n\u00ed o n\u00e1roku na pr\u016fkaz OZP se u nesly\u0161\u00edc\u00edch osob rozli\u0161uje zda se jedn\u00e1 o osobu nezletilou nebo zletilou.<\/p>\n<p>P\u0159i naprosto stejn\u00e9m posti\u017een\u00ed m\u00e1 nezletil\u00e1 osoba n\u00e1rok na pr\u016fkaz ZTP\/P a zletil\u00e1 jen na pr\u016fkaz ZTP.<br \/>\nRozhoduje se dle n\u00e1sleduj\u00edc\u00edho krit\u00e9ria:<br \/>\nCelkov\u00e1 ztr\u00e1ta sluchu podle Fowlera 85% a v\u00edce s neschopnost\u00ed sly\u0161et zvuky a rozum\u011bt \u0159e\u010di i p\u0159es nejlep\u0161\u00ed korekci (oboustrann\u00e1 praktick\u00e1 nebo \u00fapln\u00e1 hluchota) u osoby mlad\u0161\u00ed 18 let v\u011bku.<\/p>\n<p>Z toho vypl\u00fdv\u00e1, \u017ee Vy v\u016fbec nem\u00e1te n\u00e1rok na pr\u016fkaz ZTP, ale m\u011bl by V\u00e1m p\u0159\u00edpadn\u011b b\u00fdt p\u0159izn\u00e1n pr\u016fkaz ZTP\/P.<br \/>\nP\u0159i odvol\u00e1n\u00ed je dobr\u00e9 se op\u00edrat o z\u00e1kon. Konkr\u00e9tn\u011b o P\u0159\u00edlohu \u010d. 4 k vyhl\u00e1\u0161ce \u010d. 388\/2011 Sb. Zde jsou uvedeny zdravotn\u00ed stavy, na z\u00e1klad\u011b kter\u00fdch se rozhoduje o n\u00e1roku na pr\u016fkaz OZP.<\/p>\n<p>M\u016f\u017eete argumentovat, \u017ee v p\u0159\u00edloze se uv\u00e1d\u00ed, \u017ee n\u00e1rok na pr\u016fkaz ZTP\/P m\u00e1 ta osoba, kter\u00e1 m\u00e1 ztr\u00e1tu sluchu 85% dle Fowlera a jeliko\u017e Vy m\u00e1te 86%, domn\u00edv\u00e1te se, \u017ee byste m\u011bl m\u00edt na pr\u016fkaz n\u00e1rok.<br \/>\nUr\u010dit\u011b m\u016f\u017ee pomoci, kdy\u017e k odvol\u00e1n\u00ed p\u0159ilo\u017e\u00edte i n\u011bjakou novou l\u00e9ka\u0159skou zpr\u00e1vu, kter\u00e1 bude jasn\u011b prokazovat Va\u0161\u00ed ztr\u00e1tu sluchu.<\/p>\n<p>Cel\u00fd z\u00e1kon, ve kter\u00e9m jsou uveden\u00e9 krit\u00e9ria naleznete nap\u0159\u00edklad zde:<br \/>\n<A href=https:\/\/www.zakonyprolidi.cz\/cs\/2011-388>P\u0159edpis \u010d. 388\/2011 Sb.<\/A><\/p>\n<p>Ji\u0159\u00ed Marek<br \/>\ninvArena<\/p>\n","protected":false},"excerpt":{"rendered":"<div class=\"mh-excerpt\"><p>Dotaz: jsem nedosl\u00fdchav\u00fd, je mi 16 let a chod\u00edm na st\u0159edn\u00ed \u0161kolu mezi sly\u0161\u00edc\u00edma, ale te\u010f p\u0159ejdu k v\u011bci, p\u0159ibli\u017en\u011b p\u0159ed rokem jsme s otcem <a class=\"mh-excerpt-more\" href=\"https:\/\/www.invarena.cz\/?p=22265\" title=\"M\u00e1m 86% ztr\u00e1tu sluchu dle Fowlera. Pro\u010d mi necht\u011bj\u00ed d\u00e1t pr\u016fkaz ZTP?\">[&#8230;]<\/a><\/p>\n<\/div>","protected":false},"author":3,"featured_media":5900,"comment_status":"open","ping_status":"closed","sticky":false,"template":"","format":"standard","meta":{"footnotes":""},"categories":[18],"tags":[],"class_list":["post-22265","post","type-post","status-publish","format-standard","has-post-thumbnail","hentry","category-poradna"],"_links":{"self":[{"href":"https:\/\/www.invarena.cz\/index.php?rest_route=\/wp\/v2\/posts\/22265","targetHints":{"allow":["GET"]}}],"collection":[{"href":"https:\/\/www.invarena.cz\/index.php?rest_route=\/wp\/v2\/posts"}],"about":[{"href":"https:\/\/www.invarena.cz\/index.php?rest_route=\/wp\/v2\/types\/post"}],"author":[{"embeddable":true,"href":"https:\/\/www.invarena.cz\/index.php?rest_route=\/wp\/v2\/users\/3"}],"replies":[{"embeddable":true,"href":"https:\/\/www.invarena.cz\/index.php?rest_route=%2Fwp%2Fv2%2Fcomments&post=22265"}],"version-history":[{"count":0,"href":"https:\/\/www.invarena.cz\/index.php?rest_route=\/wp\/v2\/posts\/22265\/revisions"}],"wp:featuredmedia":[{"embeddable":true,"href":"https:\/\/www.invarena.cz\/index.php?rest_route=\/wp\/v2\/media\/5900"}],"wp:attachment":[{"href":"https:\/\/www.invarena.cz\/index.php?rest_route=%2Fwp%2Fv2%2Fmedia&parent=22265"}],"wp:term":[{"taxonomy":"category","embeddable":true,"href":"https:\/\/www.invarena.cz\/index.php?rest_route=%2Fwp%2Fv2%2Fcategories&post=22265"},{"taxonomy":"post_tag","embeddable":true,"href":"https:\/\/www.invarena.cz\/index.php?rest_route=%2Fwp%2Fv2%2Ftags&post=22265"}],"curies":[{"name":"wp","href":"https:\/\/api.w.org\/{rel}","templated":true}]}}