{"id":22267,"date":"2015-07-29T09:15:29","date_gmt":"2015-07-29T07:15:29","guid":{"rendered":"http:\/\/www.invarena.cz\/?p=22267"},"modified":"2015-07-29T09:15:29","modified_gmt":"2015-07-29T07:15:29","slug":"v-cine-ziskavaji-cim-dal-vetsi-popularitu-oblicejove-plavky","status":"publish","type":"post","link":"https:\/\/www.invarena.cz\/?p=22267","title":{"rendered":"V \u010c\u00edn\u011b z\u00edsk\u00e1vaj\u00ed \u010d\u00edm d\u00e1l v\u011bt\u0161\u00ed popularitu obli\u010dejov\u00e9 plavky"},"content":{"rendered":"<p><strong>\u010c\u00edm d\u00e1l v\u00edce \u010c\u00ed\u0148anek za\u010d\u00edn\u00e1 nosit takzvan\u00e9 facekiny &#8211; plavky zakr\u00fdvaj\u00edc\u00ed obli\u010dej, aby jej chr\u00e1nily p\u0159ed sluncem a rizikem, \u017ee se na pl\u00e1\u017ei op\u00e1l\u00ed.<\/strong><!--more--><\/p>\n<p> Sv\u011btl\u00e1 ple\u0165 je toti\u017e v \u010c\u00edn\u011b vysoce cen\u011bn\u00e1, proto\u017ee op\u00e1len\u00e1 poko\u017eka je tradi\u010dn\u011b spojov\u00e1na s chud\u00fdmi venkovankami, je\u017e musej\u00ed dlouh\u00e9 hodiny pracovat na slunci.<\/p>\n<p>    Tento nylonov\u00fd dopln\u011bk m\u00e1 otvory na \u00fasta a nos, a \u017een\u00e1m, kter\u00e9 ho spoj\u00ed s plavkami pokr\u00fdvaj\u00edc\u00edmi cel\u00e9 t\u011blo, zaji\u0161\u0165uje nejen ochranu p\u0159ed sluncem, ale tak\u00e9 p\u0159ed kom\u00e1ry \u010di med\u00fazami.<br \/>\n    Tyto masky se poprv\u00e9 objevily p\u0159ed deseti lety a \u010d\u00ednsk\u00e9 sd\u011blovac\u00ed prost\u0159edky uv\u00e1d\u011bj\u00ed, \u017ee je vytvo\u0159il majitel jednoho z obchod\u016f s plaveck\u00fdmi pot\u0159ebami ve m\u011bst\u011b \u010cching-tao. Pr\u00e1v\u011b na pl\u00e1\u017e\u00edch tohoto m\u011bsta ve v\u00fdchodo\u010d\u00ednsk\u00e9 provincii \u0160an-tung jsou facekiny k vid\u011bn\u00ed ne\u010dast\u011bji, uv\u00e1d\u00ed agentura AFP.<br \/>\n    Z p\u016fvodn\u011b ochrann\u00e9ho prost\u0159edku se pro mnoh\u00e9 st\u00e1v\u00e1 i m\u00f3dn\u00ed dopln\u011bk &#8211; a n\u011bkter\u00e9 facekiny tak nap\u0159\u00edklad p\u0159ipom\u00ednaj\u00ed pestrobarevn\u00e9 masky z tradi\u010dn\u00ed \u010d\u00ednsk\u00e9 opery. <\/p>\n","protected":false},"excerpt":{"rendered":"<div class=\"mh-excerpt\"><p>\u010c\u00edm d\u00e1l v\u00edce \u010c\u00ed\u0148anek za\u010d\u00edn\u00e1 nosit takzvan\u00e9 facekiny &#8211; plavky zakr\u00fdvaj\u00edc\u00ed obli\u010dej, aby jej chr\u00e1nily p\u0159ed sluncem a rizikem, \u017ee se na pl\u00e1\u017ei op\u00e1l\u00ed.<\/p>\n<\/div>","protected":false},"author":1,"featured_media":0,"comment_status":"open","ping_status":"closed","sticky":false,"template":"","format":"standard","meta":{"footnotes":""},"categories":[9],"tags":[],"class_list":["post-22267","post","type-post","status-publish","format-standard","hentry","category-zpravy"],"_links":{"self":[{"href":"https:\/\/www.invarena.cz\/index.php?rest_route=\/wp\/v2\/posts\/22267","targetHints":{"allow":["GET"]}}],"collection":[{"href":"https:\/\/www.invarena.cz\/index.php?rest_route=\/wp\/v2\/posts"}],"about":[{"href":"https:\/\/www.invarena.cz\/index.php?rest_route=\/wp\/v2\/types\/post"}],"author":[{"embeddable":true,"href":"https:\/\/www.invarena.cz\/index.php?rest_route=\/wp\/v2\/users\/1"}],"replies":[{"embeddable":true,"href":"https:\/\/www.invarena.cz\/index.php?rest_route=%2Fwp%2Fv2%2Fcomments&post=22267"}],"version-history":[{"count":0,"href":"https:\/\/www.invarena.cz\/index.php?rest_route=\/wp\/v2\/posts\/22267\/revisions"}],"wp:attachment":[{"href":"https:\/\/www.invarena.cz\/index.php?rest_route=%2Fwp%2Fv2%2Fmedia&parent=22267"}],"wp:term":[{"taxonomy":"category","embeddable":true,"href":"https:\/\/www.invarena.cz\/index.php?rest_route=%2Fwp%2Fv2%2Fcategories&post=22267"},{"taxonomy":"post_tag","embeddable":true,"href":"https:\/\/www.invarena.cz\/index.php?rest_route=%2Fwp%2Fv2%2Ftags&post=22267"}],"curies":[{"name":"wp","href":"https:\/\/api.w.org\/{rel}","templated":true}]}}