{"id":22272,"date":"2015-07-29T08:44:25","date_gmt":"2015-07-29T06:44:25","guid":{"rendered":"http:\/\/www.invarena.cz\/?p=22272"},"modified":"2015-07-29T09:47:53","modified_gmt":"2015-07-29T07:47:53","slug":"pro-ceske-deti-penize-nejsou-ale-pro-imigranty-ano-podivuje-se-zeman","status":"publish","type":"post","link":"https:\/\/www.invarena.cz\/?p=22272","title":{"rendered":"Pro \u010desk\u00e9 d\u011bti pen\u00edze nejsou, ale pro imigranty ano? podivuje se Zeman"},"content":{"rendered":"<p><strong>Prezident Milo\u0161 Zeman nech\u00e1pe, \u017ee se nepoda\u0159ilo sehnat 30 mili\u00f3n\u016f pro Klok\u00e1nky, kter\u00e9 pe\u010duj\u00ed o odebran\u00e9 \u010di opu\u0161t\u011bn\u00e9 d\u011bti, ale pen\u00edze pro imigranty \u010cesko m\u00e1. Prezidentova slova tlumo\u010dil v \u00fater\u00fd na tiskov\u00e9 konferenci Zeman\u016fv mluv\u010d\u00ed Ji\u0159\u00ed Ov\u010d\u00e1\u010dek.<\/strong><!--more--><\/p>\n<p><a href=\"http:\/\/www.novinky.cz\/domaci\/376147-pro-ceske-deti-penize-nejsou-ale-pro-imigranty-ano-podivuje-se-zeman.html\">\u010cL\u00c1NEK ZDE<\/a><\/p>\n","protected":false},"excerpt":{"rendered":"<div class=\"mh-excerpt\"><p>Prezident Milo\u0161 Zeman nech\u00e1pe, \u017ee se nepoda\u0159ilo sehnat 30 mili\u00f3n\u016f pro Klok\u00e1nky, kter\u00e9 pe\u010duj\u00ed o odebran\u00e9 \u010di opu\u0161t\u011bn\u00e9 d\u011bti, ale pen\u00edze pro imigranty \u010cesko m\u00e1. <a class=\"mh-excerpt-more\" href=\"https:\/\/www.invarena.cz\/?p=22272\" title=\"Pro \u010desk\u00e9 d\u011bti pen\u00edze nejsou, ale pro imigranty ano? podivuje se Zeman\">[&#8230;]<\/a><\/p>\n<\/div>","protected":false},"author":1,"featured_media":2134,"comment_status":"open","ping_status":"closed","sticky":false,"template":"","format":"standard","meta":{"footnotes":""},"categories":[7],"tags":[],"class_list":["post-22272","post","type-post","status-publish","format-standard","has-post-thumbnail","hentry","category-spolecnost"],"_links":{"self":[{"href":"https:\/\/www.invarena.cz\/index.php?rest_route=\/wp\/v2\/posts\/22272","targetHints":{"allow":["GET"]}}],"collection":[{"href":"https:\/\/www.invarena.cz\/index.php?rest_route=\/wp\/v2\/posts"}],"about":[{"href":"https:\/\/www.invarena.cz\/index.php?rest_route=\/wp\/v2\/types\/post"}],"author":[{"embeddable":true,"href":"https:\/\/www.invarena.cz\/index.php?rest_route=\/wp\/v2\/users\/1"}],"replies":[{"embeddable":true,"href":"https:\/\/www.invarena.cz\/index.php?rest_route=%2Fwp%2Fv2%2Fcomments&post=22272"}],"version-history":[{"count":0,"href":"https:\/\/www.invarena.cz\/index.php?rest_route=\/wp\/v2\/posts\/22272\/revisions"}],"wp:featuredmedia":[{"embeddable":true,"href":"https:\/\/www.invarena.cz\/index.php?rest_route=\/wp\/v2\/media\/2134"}],"wp:attachment":[{"href":"https:\/\/www.invarena.cz\/index.php?rest_route=%2Fwp%2Fv2%2Fmedia&parent=22272"}],"wp:term":[{"taxonomy":"category","embeddable":true,"href":"https:\/\/www.invarena.cz\/index.php?rest_route=%2Fwp%2Fv2%2Fcategories&post=22272"},{"taxonomy":"post_tag","embeddable":true,"href":"https:\/\/www.invarena.cz\/index.php?rest_route=%2Fwp%2Fv2%2Ftags&post=22272"}],"curies":[{"name":"wp","href":"https:\/\/api.w.org\/{rel}","templated":true}]}}