{"id":22276,"date":"2015-07-30T18:39:30","date_gmt":"2015-07-30T16:39:30","guid":{"rendered":"http:\/\/www.invarena.cz\/?p=22276"},"modified":"2015-07-30T18:39:30","modified_gmt":"2015-07-30T16:39:30","slug":"nejvetsi-radosti-je-kazdy-vyleceny-detsky-pacient","status":"publish","type":"post","link":"https:\/\/www.invarena.cz\/?p=22276","title":{"rendered":"Nejv\u011bt\u0161\u00ed radost\u00ed je ka\u017ed\u00fd vyl\u00e9\u010den\u00fd d\u011btsk\u00fd pacient"},"content":{"rendered":"<p><strong>Mahulena Moj\u017e\u00ed\u0161ov\u00e1 je novou prim\u00e1\u0159kou d\u011btsk\u00e9ho odd\u011blen\u00ed Nemocnice Ho\u0159ovice. V rozhovoru Berounsk\u00e9ho den\u00edku se vyj\u00e1d\u0159ila nejen k neut\u011b\u0161en\u00e9 situaci s d\u011btsk\u00fdmi l\u00e9ka\u0159i. Nav\u00edc nazna\u010dila, jak by se mohly tyto probl\u00e9my \u0159e\u0161it. <\/strong><br \/>\n<!--more--><br \/>\nfoto: stock.xchng<\/p>\n<p>V ho\u0159ovick\u00e9 nemocnici jste p\u016fsobila v p\u0159edchoz\u00edch letech, mohla byste se p\u0159edstavit d\u011btsk\u00fdm pacient\u016fm a jejich rodi\u010d\u016fm? <\/p>\n<p>V medic\u00edn\u011b aktivn\u011b p\u016fsob\u00edm od roku 1997, kdy jsem zakon\u010dila studium na 2. L\u00e9ka\u0159sk\u00e9 fakult\u011b na Univerzit\u011b Karlov\u011b a nastoupila jako pediatr na Jednotku intenzivn\u00ed p\u00e9\u010de Kliniky d\u011btsk\u00e9 chirurgie FN Motol. Postupn\u011b jsem slo\u017eila atesta\u010dn\u00ed zkou\u0161ky z pediatrie I. a II. stupn\u011b a po sedmi letech pr\u00e1ce v intenzivn\u00ed medic\u00edn\u011b jsem ode\u0161la na mate\u0159skou dovolenou. Narodila se mi dcera \u0160t\u011bp\u00e1nka, se kterou jsem z\u016fstala rok doma a pot\u00e9 jsem se postupn\u011b za\u010dala vracet zp\u011bt do pr\u00e1ce. Sou\u010dasn\u011b jsem za\u010dala jeden den v t\u00fddnu pracovat v ordinaci praktick\u00e9ho pediatra. V roce 2008 p\u0159i\u0161la na \u0159adu atestace z intenzivn\u00ed medic\u00edny. <\/p>\n<p>&#8211; Odkdy se datuje spolupr\u00e1ce s ho\u0159ovickou nemocnic\u00ed? <\/p>\n<p>Od roku 2010, kdy jsem za\u010dala slou\u017eit na d\u011btsk\u00e9m odd\u011blen\u00ed a od roku 2011 jsem zde rok a p\u016fl p\u016fsobila jako z\u00e1stupkyn\u011b tehdej\u0161\u00edho prim\u00e1\u0159e. <\/p>\n<p>&#8211; Co se v\u00e1m zde poda\u0159ilo? <\/p>\n<p>P\u0159izvat ke spolupr\u00e1ci kolegy d\u011btsk\u00e9 chirurgy a anesteziology z m\u00e9ho tehdej\u0161\u00edho pracovi\u0161t\u011b v Motole a rozb\u011bhnout sobotn\u00ed opera\u010dn\u00ed program, kter\u00fd nyn\u00ed \u00fasp\u011b\u0161n\u011b pokra\u010duje ji\u017e p\u00e1t\u00fdm rokem. V roce 2013 jsem se na dva roky vr\u00e1tila do Motola a od \u010dervna tohoto roku jsem zp\u011bt na d\u011btsk\u00e9m odd\u011blen\u00ed v pozici prim\u00e1\u0159ky. D\u00e1le ji\u017e v\u00edce ne\u017e rok p\u016fsob\u00edm jako extern\u00ed pediatr mobiln\u00edho hospice Cesta dom\u016f. <\/p>\n<p>&#8211; Jak\u00e9 jsou nejd\u016fle\u017eit\u011bj\u0161\u00ed zm\u011bny, kter\u00e9 jste zaznamenala b\u011bhem va\u0161\u00ed dvoulet\u00e9 absence v nemocnici? <\/p>\n<p>Ud\u011blal se zde po\u0159\u00e1dn\u00fd kus pr\u00e1ce v rekonstrukci nemocnice. Vzhledem k m\u00e9mu profesn\u00edmu zam\u011b\u0159en\u00ed bych vyzdvihla zejm\u00e9na prostory novorozeneck\u00e9ho odd\u011blen\u00ed i jeho jednotky intenzivn\u00ed p\u00e9\u010de, kde se maminky m\u016f\u017eou c\u00edtit opravdu jako doma. D\u011btsk\u00e9 odd\u011blen\u00ed se p\u0159est\u011bhovalo do nov\u00fdch prostor. B\u011bhem sv\u00e9ho minul\u00e9ho p\u016fsoben\u00ed jsem str\u00e1vila mnoho hodin \u010dasu p\u0159\u00edpravou jeho rekonstrukce nejen v pl\u00e1nech, ale i p\u0159\u00edmo na stavb\u011b. Dnes se s radost\u00ed d\u00edv\u00e1m na v\u00fdsledek tehdej\u0161\u00ed pr\u00e1ce. <\/p>\n<p>&#8211; Velmi diskutovan\u00e9 t\u00e9ma v sou\u010dasn\u00e9 dob\u011b je neut\u011b\u0161en\u00e1 situace s d\u011btsk\u00fdmi l\u00e9ka\u0159i. Jak byste hodnotila situaci po t\u00e9to str\u00e1nce v r\u00e1mci cel\u00e9 republiky a zvl\u00e1\u0161\u0165 na Berounsku? <\/p>\n<p>Situace je opravdu, dovol\u00edm si \u0159\u00edci to slovo, kritick\u00e1 a nevyj\u00edmala bych nijak zvl\u00e1\u0161\u0165 Berounsko nebo Ho\u0159ovicko. Jedn\u00e1 se toti\u017e o celorepublikov\u00fd probl\u00e9m. <\/p>\n<p>&#8211; Jak\u00e9 jsou p\u0159\u00ed\u010diny? <\/p>\n<p>Dle m\u00e9ho soudu jich je hned n\u011bkolik. V prv\u00e9 \u0159ad\u011b je to zm\u011bna postgradu\u00e1ln\u00edho syst\u00e9mu vzd\u011bl\u00e1v\u00e1n\u00ed l\u00e9ka\u0159\u016f. Sv\u016fj pod\u00edl maj\u00ed i ne zcela ide\u00e1ln\u00ed platov\u00e9 podm\u00ednky zejm\u00e9na za\u010d\u00ednaj\u00edc\u00edch l\u00e9ka\u0159\u016f a jejich \u010dast\u00fd odchod do zahrani\u010d\u00ed. Dal\u0161\u00edm limituj\u00edc\u00edm faktorem je nejist\u00e1 budoucnost praktick\u00fdch l\u00e9ka\u0159\u016f pro d\u011bti a dorost. Domn\u00edv\u00e1m se, \u017ee v\u0161echny v\u00fd\u0161e uveden\u00e9 faktory pak vedou k nedostate\u010dn\u00e9mu z\u00e1jmu o pediatrii obecn\u011b. <\/p>\n<p>&#8211; Jak\u00e9 vyhl\u00eddky jsou pro \u0159e\u0161en\u00ed tohoto probl\u00e9mu? Jak pl\u00e1nujete person\u00e1ln\u011b zabezpe\u010dit va\u0161e odd\u011blen\u00ed? <\/p>\n<p>S nads\u00e1zkou bych \u0159ekla, \u017ee se z\u0159ejm\u011b budu muset naklonovat&#8230; Ale v\u00e1\u017en\u011b. B\u011bhem kr\u00e1tk\u00e9 doby se mi poda\u0159ilo zabezpe\u010dit na\u0161i ordinaci praktick\u00e9ho l\u00e9ka\u0159e, v horizontu n\u011bkolika t\u00fddn\u016f nastoup\u00ed nov\u00e1 doktorka, kter\u00e1 se na\u0161emu obvodu bude cele v\u011bnovat. D\u00e1le pot\u0159ebuji sehnat je\u0161t\u011b dal\u0161\u00edho minim\u00e1ln\u011b jednoho atestovan\u00e9ho l\u00e9ka\u0159e s dostate\u010dn\u011b dlouhou prax\u00ed. Jinak po\u010det mlad\u00fdch l\u00e9ka\u0159\u016f na odd\u011blen\u00ed je v tuto chv\u00edli zcela dostate\u010dn\u00fd a mus\u00edm s pot\u011b\u0161en\u00edm konstatovat, \u017ee jsou v\u0161ichni do jednoho velmi \u0161ikovn\u00ed, pracovit\u00ed a zap\u00e1len\u00ed pro obor. Velmi \u00fazce tak\u00e9 spolupracujeme s novorozeneck\u00fdm odd\u011blen\u00edm a odd\u011blen\u00edm chronick\u00e9 resuscita\u010dn\u00ed p\u00e9\u010de pro d\u011bti. <\/p>\n<p>&#8211; Cht\u011bla jste b\u00fdt u\u017e v d\u011btstv\u00ed l\u00e9ka\u0159kou? <\/p>\n<p>Up\u0159\u00edmn\u011b? Jestli si dob\u0159e vzpom\u00edn\u00e1m, tak l\u00e9ka\u0159kou jsem cht\u011bla b\u00fdt velmi kr\u00e1tce v obdob\u00ed, kdy jsem byla hodn\u011b mal\u00e1, a pak dlouh\u00e1 l\u00e9ta v\u016fbec ne. Oba m\u00ed rodi\u010de byli u\u010ditel\u00e9 a j\u00e1 jsem si vlastn\u011b neum\u011bla p\u0159edstavit jinou budoucnost. Postupn\u011b jsem se posouvala sm\u011brem ke speci\u00e1ln\u00ed pedagogice, v pr\u016fb\u011bhu studia na gymn\u00e1ziu jsem jako dobrovolnice doch\u00e1zela do Jedli\u010dkova \u00fastavu v Praze a pom\u00e1hala s hendikepovan\u00fdmi d\u011btmi. Tak to bylo a\u017e do \u010dtvrt\u00e9ho ro\u010dn\u00edku, kdy jsem se pom\u011brn\u011b na posledn\u00ed chv\u00edli rozhodla, \u017ee p\u0159eci jen p\u016fjdu na medic\u00ednu. Od za\u010d\u00e1tku jsem ale v\u011bd\u011bla, \u017ee bych cht\u011bla pracovat s d\u011btmi, tak\u017ee jsem sv\u00e9 \u00fasil\u00ed sm\u011b\u0159ovala k p\u0159ijet\u00ed na 2. LF UK, kter\u00e1 je na d\u011btskou populaci nejv\u00edce zam\u011b\u0159en\u00e1. <\/p>\n<p>&#8211; Co se v\u00e1m na t\u00e9to profesi lib\u00ed? <\/p>\n<p>Mnohokr\u00e1t jsem si tuto ot\u00e1zku sama polo\u017eila a mnohokr\u00e1t nena\u0161la jednozna\u010dnou odpov\u011b\u010f. Co to je, co mi p\u0159in\u00e1\u0161\u00ed nejv\u011bt\u0161\u00ed radost? Asi mo\u017enost, kter\u00e1 n\u00e1m l\u00e9ka\u0159\u016fm byla d\u00e1na do v\u00ednku, tedy co nejl\u00e9pe pomoci tam, kde je to t\u0159eba. Nejv\u011bt\u0161\u00ed satisfakc\u00ed je pro mne ka\u017ed\u00fd vyl\u00e9\u010den\u00fd d\u011btsk\u00fd pacient a jeho spokojen\u00ed rodi\u010de. Ale i tam, kde vyl\u00e9\u010dit neum\u00edme, a do takov\u00fdch situac\u00ed se st\u00e1le i p\u0159es v\u0161echny obrovsk\u00e9 pokroky v medic\u00edn\u011b dost\u00e1v\u00e1me, vid\u00edm v na\u0161\u00ed pr\u00e1ci obrovsk\u00fd smysl a dok\u00e1\u017eu se i p\u0159es ur\u010dit\u00fd smutek radovat. <\/p>\n<p>&#8212; <\/p>\n<p>&#8222;Situace s d\u011btsk\u00fdmi l\u00e9ka\u0159i je kritick\u00e1 a nevyj\u00edmala bych nijak zvl\u00e1\u0161\u0165 Berounsko nebo Ho\u0159ovicko. Jedn\u00e1 se toti\u017e o celorepublikov\u00fd probl\u00e9m.&#8220; <\/p>\n<p>&#8222;Sv\u016fj pod\u00edl maj\u00ed i ne zcela ide\u00e1ln\u00ed platov\u00e9 podm\u00ednky zejm\u00e9na za\u010d\u00ednaj\u00edc\u00edch l\u00e9ka\u0159\u016f a jejich \u010dast\u00fd odchod do zahrani\u010d\u00ed.&#8220;<\/p>\n<p>RADKA KO\u010cOV\u00c1, KONSTANTINOS TSIVOS<br \/>\nBerounsk\u00fd den\u00edk<\/p>\n","protected":false},"excerpt":{"rendered":"<div class=\"mh-excerpt\"><p>Mahulena Moj\u017e\u00ed\u0161ov\u00e1 je novou prim\u00e1\u0159kou d\u011btsk\u00e9ho odd\u011blen\u00ed Nemocnice Ho\u0159ovice. V rozhovoru Berounsk\u00e9ho den\u00edku se vyj\u00e1d\u0159ila nejen k neut\u011b\u0161en\u00e9 situaci s d\u011btsk\u00fdmi l\u00e9ka\u0159i. Nav\u00edc nazna\u010dila, jak <a class=\"mh-excerpt-more\" href=\"https:\/\/www.invarena.cz\/?p=22276\" title=\"Nejv\u011bt\u0161\u00ed radost\u00ed je ka\u017ed\u00fd vyl\u00e9\u010den\u00fd d\u011btsk\u00fd pacient\">[&#8230;]<\/a><\/p>\n<\/div>","protected":false},"author":1,"featured_media":21454,"comment_status":"open","ping_status":"closed","sticky":false,"template":"","format":"standard","meta":{"footnotes":""},"categories":[12],"tags":[],"class_list":["post-22276","post","type-post","status-publish","format-standard","has-post-thumbnail","hentry","category-rozhovory"],"_links":{"self":[{"href":"https:\/\/www.invarena.cz\/index.php?rest_route=\/wp\/v2\/posts\/22276","targetHints":{"allow":["GET"]}}],"collection":[{"href":"https:\/\/www.invarena.cz\/index.php?rest_route=\/wp\/v2\/posts"}],"about":[{"href":"https:\/\/www.invarena.cz\/index.php?rest_route=\/wp\/v2\/types\/post"}],"author":[{"embeddable":true,"href":"https:\/\/www.invarena.cz\/index.php?rest_route=\/wp\/v2\/users\/1"}],"replies":[{"embeddable":true,"href":"https:\/\/www.invarena.cz\/index.php?rest_route=%2Fwp%2Fv2%2Fcomments&post=22276"}],"version-history":[{"count":0,"href":"https:\/\/www.invarena.cz\/index.php?rest_route=\/wp\/v2\/posts\/22276\/revisions"}],"wp:featuredmedia":[{"embeddable":true,"href":"https:\/\/www.invarena.cz\/index.php?rest_route=\/wp\/v2\/media\/21454"}],"wp:attachment":[{"href":"https:\/\/www.invarena.cz\/index.php?rest_route=%2Fwp%2Fv2%2Fmedia&parent=22276"}],"wp:term":[{"taxonomy":"category","embeddable":true,"href":"https:\/\/www.invarena.cz\/index.php?rest_route=%2Fwp%2Fv2%2Fcategories&post=22276"},{"taxonomy":"post_tag","embeddable":true,"href":"https:\/\/www.invarena.cz\/index.php?rest_route=%2Fwp%2Fv2%2Ftags&post=22276"}],"curies":[{"name":"wp","href":"https:\/\/api.w.org\/{rel}","templated":true}]}}