{"id":22285,"date":"2015-07-30T18:36:23","date_gmt":"2015-07-30T16:36:23","guid":{"rendered":"http:\/\/www.invarena.cz\/?p=22285"},"modified":"2015-07-30T18:36:23","modified_gmt":"2015-07-30T16:36:23","slug":"dobrovolnici-loni-usetrili-organizacim-svou-praci-temer-ctvrt-milionu-korun","status":"publish","type":"post","link":"https:\/\/www.invarena.cz\/?p=22285","title":{"rendered":"Dobrovoln\u00edci loni u\u0161et\u0159ili organizac\u00edm svou prac\u00ed t\u00e9m\u011b\u0159 \u010dtvrt milionu korun"},"content":{"rendered":"<p><strong>Des\u00edtky dobrovoln\u00edk\u016f z D\u011b\u010d\u00edna a okol\u00ed ka\u017edoro\u010dn\u011b pom\u00e1haj\u00ed v nejr\u016fzn\u011bj\u0161\u00edch neziskov\u00fdch organizac\u00edch. Jen ti sdru\u017een\u00ed pod Dobrovolnick\u00fdm centrem ob\u010dansk\u00e9ho sdru\u017een\u00ed Slune\u010dnice loni u\u0161et\u0159ili t\u00e9m\u011b\u0159 \u010dtvrt milionu korun, kter\u00e9 by tyto organizace jinak musely vyplatit na mzd\u00e1ch.<\/strong><br \/>\n<!--more--><br \/>\nhttp:\/\/decinsky.denik.cz\/zpravy_region\/dobrovolnici-loni-usetrili-organizacim-svou-praci-temer-ctvrt-milionu-korun-20150729.html<\/p>\n","protected":false},"excerpt":{"rendered":"<div class=\"mh-excerpt\"><p>Des\u00edtky dobrovoln\u00edk\u016f z D\u011b\u010d\u00edna a okol\u00ed ka\u017edoro\u010dn\u011b pom\u00e1haj\u00ed v nejr\u016fzn\u011bj\u0161\u00edch neziskov\u00fdch organizac\u00edch. Jen ti sdru\u017een\u00ed pod Dobrovolnick\u00fdm centrem ob\u010dansk\u00e9ho sdru\u017een\u00ed Slune\u010dnice loni u\u0161et\u0159ili t\u00e9m\u011b\u0159 \u010dtvrt <a class=\"mh-excerpt-more\" href=\"https:\/\/www.invarena.cz\/?p=22285\" title=\"Dobrovoln\u00edci loni u\u0161et\u0159ili organizac\u00edm svou prac\u00ed t\u00e9m\u011b\u0159 \u010dtvrt milionu korun\">[&#8230;]<\/a><\/p>\n<\/div>","protected":false},"author":1,"featured_media":0,"comment_status":"open","ping_status":"closed","sticky":false,"template":"","format":"standard","meta":{"footnotes":""},"categories":[9],"tags":[],"class_list":["post-22285","post","type-post","status-publish","format-standard","hentry","category-zpravy"],"_links":{"self":[{"href":"https:\/\/www.invarena.cz\/index.php?rest_route=\/wp\/v2\/posts\/22285","targetHints":{"allow":["GET"]}}],"collection":[{"href":"https:\/\/www.invarena.cz\/index.php?rest_route=\/wp\/v2\/posts"}],"about":[{"href":"https:\/\/www.invarena.cz\/index.php?rest_route=\/wp\/v2\/types\/post"}],"author":[{"embeddable":true,"href":"https:\/\/www.invarena.cz\/index.php?rest_route=\/wp\/v2\/users\/1"}],"replies":[{"embeddable":true,"href":"https:\/\/www.invarena.cz\/index.php?rest_route=%2Fwp%2Fv2%2Fcomments&post=22285"}],"version-history":[{"count":0,"href":"https:\/\/www.invarena.cz\/index.php?rest_route=\/wp\/v2\/posts\/22285\/revisions"}],"wp:attachment":[{"href":"https:\/\/www.invarena.cz\/index.php?rest_route=%2Fwp%2Fv2%2Fmedia&parent=22285"}],"wp:term":[{"taxonomy":"category","embeddable":true,"href":"https:\/\/www.invarena.cz\/index.php?rest_route=%2Fwp%2Fv2%2Fcategories&post=22285"},{"taxonomy":"post_tag","embeddable":true,"href":"https:\/\/www.invarena.cz\/index.php?rest_route=%2Fwp%2Fv2%2Ftags&post=22285"}],"curies":[{"name":"wp","href":"https:\/\/api.w.org\/{rel}","templated":true}]}}