{"id":22288,"date":"2015-07-30T18:40:54","date_gmt":"2015-07-30T16:40:54","guid":{"rendered":"http:\/\/www.invarena.cz\/?p=22288"},"modified":"2015-07-30T18:40:34","modified_gmt":"2015-07-30T16:40:34","slug":"pred-volbami-chtely-strany-zvratit-drabkovy-kroky-ale-ted","status":"publish","type":"post","link":"https:\/\/www.invarena.cz\/?p=22288","title":{"rendered":"P\u0159ed volbami cht\u011bly strany zvr\u00e1tit Dr\u00e1bkovy kroky. Ale te\u010f&#8230;"},"content":{"rendered":"<p><strong>N\u00e1vrh skupiny poslanc\u016f, aby se pravidla p\u0159izn\u00e1v\u00e1n\u00ed p\u0159\u00edsp\u011bvku na p\u00e9\u010di lidem se zdravotn\u00edm posti\u017een\u00edm vr\u00e1tila do podoby, kter\u00e1 platila do konce roku 2011, dnes narazil na nesouhlas vl\u00e1dy. Vypl\u00fdv\u00e1 to z p\u0159edb\u011b\u017en\u00fdch v\u00fdsledk\u016f jedn\u00e1n\u00ed kabinetu. Podle n\u011bj je nov\u00e1 pr\u00e1vn\u00ed \u00faprava platn\u00e1 od 1. ledna 2012 klientsky p\u0159\u00edv\u011btiv\u011bj\u0161\u00ed, srozumiteln\u011bj\u0161\u00ed a p\u0159ehledn\u011bj\u0161\u00ed. <\/strong><br \/>\n<!--more--><br \/>\nN\u00e1vrh novely z\u00e1kona o soci\u00e1ln\u00edch slu\u017eb\u00e1ch p\u0159edlo\u017eila skupina poslanc\u016f ze v\u0161ech sn\u011bmovn\u00edch stran v \u010dele z poslankyn\u00ed z klubu \u00dasvitu Janou Hnykovou. Syst\u00e9m zm\u011bnila reforma b\u00fdval\u00e9ho ministra pr\u00e1ce a soci\u00e1ln\u00edch v\u011bc\u00ed Jarom\u00edra Dr\u00e1bka (TOP 09). M\u00edsto 36 krit\u00e9ri\u00ed se od roku 2012 hodnot\u00ed deset, nap\u0159\u00edklad zvl\u00e1d\u00e1n\u00ed hygieny, pohybu, stravov\u00e1n\u00ed \u010di komunikace. Posti\u017een\u00ed si ale na nyn\u011bj\u0161\u00ed zp\u016fsob posuzov\u00e1n\u00ed z\u00e1vislosti na pomoci druh\u00fdch st\u011b\u017euj\u00ed. Podle p\u0159edkladatel\u016f se tak\u00e9 sn\u00ed\u017een\u00edm po\u010dtu posuzovan\u00fdch v\u00fdkon\u016f zv\u00fd\u0161ila administrativn\u00ed n\u00e1ro\u010dnost. <\/p>\n<p>Za zm\u011bnu pravidel se zasazuje i petice, kterou podepsalo podle organiz\u00e1tor\u016f ze Sdru\u017een\u00ed zdravotn\u011b posti\u017een\u00fdch v \u010cR p\u0159es 11.300 lid\u00ed. Ve Sn\u011bmovn\u011b by se m\u011bla projedn\u00e1vat v z\u00e1\u0159\u00ed. V n\u00e1vrhu vl\u00e1dn\u00edho stanoviska ale st\u00e1lo, \u017ee znovuzaveden\u00ed syst\u00e9mu posuzov\u00e1n\u00ed s hodnocen\u00edm 36 \u00fakon\u016f a dal\u0161\u00edch 129 \u010dinnost\u00ed by p\u0159edstavovalo n\u00e1vrat k p\u016fvodn\u00edmu syst\u00e9mu s jeho nedostatky a aplika\u010dn\u00edmi probl\u00e9my. N\u011bkter\u00e9 skute\u010dnosti pr\u00fd nebylo mo\u017en\u00e9 zjistit ani l\u00e9ka\u0159sk\u00fdmi metodami ani soci\u00e1ln\u00edmi pracovn\u00edky v r\u00e1mci soci\u00e1ln\u00edho \u0161et\u0159en\u00ed. <\/p>\n<p>Vl\u00e1da se odvol\u00e1v\u00e1 i na anal\u00fdzu ministerstva pr\u00e1ce, kter\u00e1 zkoumala posuzov\u00e1n\u00ed pro \u00fa\u010dely p\u0159izn\u00e1v\u00e1n\u00ed p\u0159\u00edsp\u011bvku v letech 2010 a\u017e 2014, tedy za star\u00e9 i nov\u00e9 \u00fapravy. Z anal\u00fdzy vyplynulo, \u017ee zm\u011bna zp\u016fsobu posuzov\u00e1n\u00ed stupn\u011b z\u00e1vislosti od 1. ledna 2012 nezhor\u0161ila situaci osob se zdravotn\u00edm posti\u017een\u00edm jako celku, a to ani osob star\u0161\u00edch 18 let v\u011bku, ani osob do 18 let v\u011bku. <\/p>\n<p>Bez ohledu na dne\u0161n\u00ed stanovisko vl\u00e1dy dostanou p\u0159edlohu k projedn\u00e1n\u00ed poslanci. Zab\u00fdvat se j\u00ed budou na n\u011bkter\u00e9 z p\u0159\u00ed\u0161t\u00edch sch\u016fz\u00ed.<\/p>\n<p>Parlamentn\u00edlisty.cz<\/p>\n","protected":false},"excerpt":{"rendered":"<div class=\"mh-excerpt\"><p>N\u00e1vrh skupiny poslanc\u016f, aby se pravidla p\u0159izn\u00e1v\u00e1n\u00ed p\u0159\u00edsp\u011bvku na p\u00e9\u010di lidem se zdravotn\u00edm posti\u017een\u00edm vr\u00e1tila do podoby, kter\u00e1 platila do konce roku 2011, dnes narazil <a class=\"mh-excerpt-more\" href=\"https:\/\/www.invarena.cz\/?p=22288\" title=\"P\u0159ed volbami cht\u011bly strany zvr\u00e1tit Dr\u00e1bkovy kroky. Ale te\u010f&#8230;\">[&#8230;]<\/a><\/p>\n<\/div>","protected":false},"author":1,"featured_media":21046,"comment_status":"open","ping_status":"closed","sticky":false,"template":"","format":"standard","meta":{"footnotes":""},"categories":[6],"tags":[],"class_list":["post-22288","post","type-post","status-publish","format-standard","has-post-thumbnail","hentry","category-politika"],"_links":{"self":[{"href":"https:\/\/www.invarena.cz\/index.php?rest_route=\/wp\/v2\/posts\/22288","targetHints":{"allow":["GET"]}}],"collection":[{"href":"https:\/\/www.invarena.cz\/index.php?rest_route=\/wp\/v2\/posts"}],"about":[{"href":"https:\/\/www.invarena.cz\/index.php?rest_route=\/wp\/v2\/types\/post"}],"author":[{"embeddable":true,"href":"https:\/\/www.invarena.cz\/index.php?rest_route=\/wp\/v2\/users\/1"}],"replies":[{"embeddable":true,"href":"https:\/\/www.invarena.cz\/index.php?rest_route=%2Fwp%2Fv2%2Fcomments&post=22288"}],"version-history":[{"count":0,"href":"https:\/\/www.invarena.cz\/index.php?rest_route=\/wp\/v2\/posts\/22288\/revisions"}],"wp:featuredmedia":[{"embeddable":true,"href":"https:\/\/www.invarena.cz\/index.php?rest_route=\/wp\/v2\/media\/21046"}],"wp:attachment":[{"href":"https:\/\/www.invarena.cz\/index.php?rest_route=%2Fwp%2Fv2%2Fmedia&parent=22288"}],"wp:term":[{"taxonomy":"category","embeddable":true,"href":"https:\/\/www.invarena.cz\/index.php?rest_route=%2Fwp%2Fv2%2Fcategories&post=22288"},{"taxonomy":"post_tag","embeddable":true,"href":"https:\/\/www.invarena.cz\/index.php?rest_route=%2Fwp%2Fv2%2Ftags&post=22288"}],"curies":[{"name":"wp","href":"https:\/\/api.w.org\/{rel}","templated":true}]}}