{"id":22299,"date":"2015-07-31T01:02:50","date_gmt":"2015-07-30T23:02:50","guid":{"rendered":"http:\/\/www.invarena.cz\/?p=22299"},"modified":"2015-07-31T11:03:00","modified_gmt":"2015-07-31T09:03:00","slug":"postizeni-predstavi-na-zamku-svet-barevnych-pohadek","status":"publish","type":"post","link":"https:\/\/www.invarena.cz\/?p=22299","title":{"rendered":"Posti\u017een\u00ed p\u0159edstav\u00ed na z\u00e1mku sv\u011bt barevn\u00fdch poh\u00e1dek"},"content":{"rendered":"<p><strong>Barevn\u00fd sv\u011bt poh\u00e1dek &#8211; m\u016fj sv\u011bt. Takov\u00fd je n\u00e1zev v\u00fdstavy, jej\u00ed\u017e vernis\u00e1\u017e se z\u00edtra, v sobotu 1. 8. uskute\u010dn\u00ed v prostorech u kav\u00e1rny Spln\u011bn\u00fd sen na z\u00e1mku v Jarom\u011b\u0159ic\u00edch nad Rokytnou.<\/strong><!--more--><\/p>\n<p>N\u00e1v\u0161t\u011bvn\u00edky nech\u00e1 nahl\u00e9dnout do toho, jak poh\u00e1dkov\u00e9 t\u00e9ma zpracovali lid\u00e9 s ment\u00e1ln\u00edm a kombinovan\u00fdm posti\u017een\u00edm.<br \/>\n&#8222;Zveme v\u00e1s na v\u00fdlet do sv\u011bta sn\u016f a fantazie, do vesel\u00e9ho sv\u011bta barev. Do sv\u011bta, kam se ka\u017ed\u00fd vrac\u00ed r\u00e1d, kde dobro v\u00edt\u011bz\u00ed nad zlem a \u0161\u0165astn\u00e9 konce jsou pravidlem,&#8220; l\u00e1kaj\u00ed k n\u00e1v\u0161t\u011bv\u011b organiz\u00e1to\u0159i z t\u0159eb\u00ed\u010dsk\u00e9ho sdru\u017een\u00ed Denn\u00ed centrum Barevn\u00fd sv\u011bt.<br \/>\n\u010c\u00e1st vystavovan\u00fdch obraz\u016f vznikla na z\u00e1klad\u011b p\u0159edlohy z poh\u00e1dkov\u00fdch knih, kter\u00e9 auto\u0159i reprodukovali dle vlastn\u00edho vid\u011bn\u00ed. Dal\u0161\u00ed \u010d\u00e1st vystavovan\u00fdch d\u011bl pak vych\u00e1z\u00ed z fantazie a vlastn\u00edho vnit\u0159n\u00edho sv\u011bta autor\u016f.<br \/>\nSv\u00e9 vesel\u00e9 kresby na v\u00fdstav\u011b p\u0159edstav\u00ed i Filip Z\u00e1poto\u010dn\u00fd, mlad\u00fd mu\u017e s Aspergerov\u00fdm syndromem.<br \/>\nV\u00fdstava bude na z\u00e1mku v Jarom\u011b\u0159ic\u00edch nad Rokytnou a\u017e do 31. srpna.<\/p>\n","protected":false},"excerpt":{"rendered":"<div class=\"mh-excerpt\"><p>Barevn\u00fd sv\u011bt poh\u00e1dek &#8211; m\u016fj sv\u011bt. Takov\u00fd je n\u00e1zev v\u00fdstavy, jej\u00ed\u017e vernis\u00e1\u017e se z\u00edtra, v sobotu 1. 8. uskute\u010dn\u00ed v prostorech u kav\u00e1rny Spln\u011bn\u00fd sen <a class=\"mh-excerpt-more\" href=\"https:\/\/www.invarena.cz\/?p=22299\" title=\"Posti\u017een\u00ed p\u0159edstav\u00ed na z\u00e1mku sv\u011bt barevn\u00fdch poh\u00e1dek\">[&#8230;]<\/a><\/p>\n<\/div>","protected":false},"author":1,"featured_media":8202,"comment_status":"open","ping_status":"closed","sticky":false,"template":"","format":"standard","meta":{"footnotes":""},"categories":[17],"tags":[],"class_list":["post-22299","post","type-post","status-publish","format-standard","has-post-thumbnail","hentry","category-kultura"],"_links":{"self":[{"href":"https:\/\/www.invarena.cz\/index.php?rest_route=\/wp\/v2\/posts\/22299","targetHints":{"allow":["GET"]}}],"collection":[{"href":"https:\/\/www.invarena.cz\/index.php?rest_route=\/wp\/v2\/posts"}],"about":[{"href":"https:\/\/www.invarena.cz\/index.php?rest_route=\/wp\/v2\/types\/post"}],"author":[{"embeddable":true,"href":"https:\/\/www.invarena.cz\/index.php?rest_route=\/wp\/v2\/users\/1"}],"replies":[{"embeddable":true,"href":"https:\/\/www.invarena.cz\/index.php?rest_route=%2Fwp%2Fv2%2Fcomments&post=22299"}],"version-history":[{"count":0,"href":"https:\/\/www.invarena.cz\/index.php?rest_route=\/wp\/v2\/posts\/22299\/revisions"}],"wp:featuredmedia":[{"embeddable":true,"href":"https:\/\/www.invarena.cz\/index.php?rest_route=\/wp\/v2\/media\/8202"}],"wp:attachment":[{"href":"https:\/\/www.invarena.cz\/index.php?rest_route=%2Fwp%2Fv2%2Fmedia&parent=22299"}],"wp:term":[{"taxonomy":"category","embeddable":true,"href":"https:\/\/www.invarena.cz\/index.php?rest_route=%2Fwp%2Fv2%2Fcategories&post=22299"},{"taxonomy":"post_tag","embeddable":true,"href":"https:\/\/www.invarena.cz\/index.php?rest_route=%2Fwp%2Fv2%2Ftags&post=22299"}],"curies":[{"name":"wp","href":"https:\/\/api.w.org\/{rel}","templated":true}]}}