{"id":22317,"date":"2015-08-05T10:49:32","date_gmt":"2015-08-05T08:49:32","guid":{"rendered":"http:\/\/www.invarena.cz\/?p=22317"},"modified":"2015-08-05T10:49:32","modified_gmt":"2015-08-05T08:49:32","slug":"jsem-nedoslychavy-a-mam-potize-se-zrakem-na-jake-kompenzace-mam-narok","status":"publish","type":"post","link":"https:\/\/www.invarena.cz\/?p=22317","title":{"rendered":"Jsem nedosl\u00fdchav\u00fd a m\u00e1m pot\u00ed\u017ee se zrakem. Na jak\u00e9 kompenzace m\u00e1m n\u00e1rok?"},"content":{"rendered":"<p><strong>Dotaz:<\/strong><br \/>\n<strong> Jsem nedosl\u00fdchav\u00fd na obou stran\u00e1ch. Schv\u00e1lili mi ZTP, t\u011b\u017ek\u00e1 nedosl\u00fdchavost. Ale tak\u00e9 nos\u00edm br\u00fdle do d\u00e1lky, dvoj\u00ed se mi zrak. Na jak\u00e9 kompenzace m\u00e1m n\u00e1rok?<\/strong><br \/>\n<!--more--><br \/>\nOdpov\u011b\u010f:<\/p>\n<p>Bohu\u017eel neuv\u00e1d\u00edte konkr\u00e9tn\u011bj\u0161\u00ed informace t\u00fdkaj\u00edc\u00ed se Va\u0161eho posti\u017een\u00ed. Proto V\u00e1m nejsem schopen d\u00e1t jasnou odpov\u011b\u010f. Av\u0161ak krom\u011b pr\u016fkazu ZTP byste mohl m\u00edt n\u00e1rok alespo\u0148 na invalidn\u00ed d\u016fchod. Na jak\u00fd stupe\u0148 V\u00e1m nejsem schopen sd\u011blit. Z\u00e1le\u017e\u00ed tak\u00e9 na m\u00ed\u0159e posti\u017een\u00ed Va\u0161eho zraku.<\/p>\n<p>Konkr\u00e9tn\u011bji jsme se v\u011bnovali problematice nesly\u0161\u00edc\u00edch a invalidn\u00edho d\u016fchodu v tomto \u010dl\u00e1nku:<br \/>\n<a href=\"https:\/\/www.invarena.cz\/?p=22229\">Jsem posti\u017een\u00fd praktickou hluchotou. M\u00e1m n\u00e1rok na invalidn\u00ed d\u016fchod 3. stupn\u011b?<\/a><\/p>\n<p>Ji\u0159\u00ed Marek<br \/>\ninvArena.cz<\/p>\n","protected":false},"excerpt":{"rendered":"<div class=\"mh-excerpt\"><p>Dotaz: Jsem nedosl\u00fdchav\u00fd na obou stran\u00e1ch. Schv\u00e1lili mi ZTP, t\u011b\u017ek\u00e1 nedosl\u00fdchavost. Ale tak\u00e9 nos\u00edm br\u00fdle do d\u00e1lky, dvoj\u00ed se mi zrak. Na jak\u00e9 kompenzace m\u00e1m <a class=\"mh-excerpt-more\" href=\"https:\/\/www.invarena.cz\/?p=22317\" title=\"Jsem nedosl\u00fdchav\u00fd a m\u00e1m pot\u00ed\u017ee se zrakem. Na jak\u00e9 kompenzace m\u00e1m n\u00e1rok?\">[&#8230;]<\/a><\/p>\n<\/div>","protected":false},"author":3,"featured_media":16054,"comment_status":"open","ping_status":"closed","sticky":false,"template":"","format":"standard","meta":{"footnotes":""},"categories":[18,9],"tags":[],"class_list":["post-22317","post","type-post","status-publish","format-standard","has-post-thumbnail","hentry","category-poradna","category-zpravy"],"_links":{"self":[{"href":"https:\/\/www.invarena.cz\/index.php?rest_route=\/wp\/v2\/posts\/22317","targetHints":{"allow":["GET"]}}],"collection":[{"href":"https:\/\/www.invarena.cz\/index.php?rest_route=\/wp\/v2\/posts"}],"about":[{"href":"https:\/\/www.invarena.cz\/index.php?rest_route=\/wp\/v2\/types\/post"}],"author":[{"embeddable":true,"href":"https:\/\/www.invarena.cz\/index.php?rest_route=\/wp\/v2\/users\/3"}],"replies":[{"embeddable":true,"href":"https:\/\/www.invarena.cz\/index.php?rest_route=%2Fwp%2Fv2%2Fcomments&post=22317"}],"version-history":[{"count":0,"href":"https:\/\/www.invarena.cz\/index.php?rest_route=\/wp\/v2\/posts\/22317\/revisions"}],"wp:featuredmedia":[{"embeddable":true,"href":"https:\/\/www.invarena.cz\/index.php?rest_route=\/wp\/v2\/media\/16054"}],"wp:attachment":[{"href":"https:\/\/www.invarena.cz\/index.php?rest_route=%2Fwp%2Fv2%2Fmedia&parent=22317"}],"wp:term":[{"taxonomy":"category","embeddable":true,"href":"https:\/\/www.invarena.cz\/index.php?rest_route=%2Fwp%2Fv2%2Fcategories&post=22317"},{"taxonomy":"post_tag","embeddable":true,"href":"https:\/\/www.invarena.cz\/index.php?rest_route=%2Fwp%2Fv2%2Ftags&post=22317"}],"curies":[{"name":"wp","href":"https:\/\/api.w.org\/{rel}","templated":true}]}}