{"id":22325,"date":"2015-08-29T08:33:36","date_gmt":"2015-08-29T06:33:36","guid":{"rendered":"http:\/\/www.invarena.cz\/?p=22325"},"modified":"2015-08-29T08:33:36","modified_gmt":"2015-08-29T06:33:36","slug":"ze-specialni-olympiady-vezou-fotbaliste-stribro","status":"publish","type":"post","link":"https:\/\/www.invarena.cz\/?p=22325","title":{"rendered":"Ze speci\u00e1ln\u00ed olympi\u00e1dy vezou fotbalist\u00e9 st\u0159\u00edbro"},"content":{"rendered":"<p><strong>V\u00fdraznou zl\u00ednskou stopu zanechala \u010desk\u00e1 reprezentace na Speci\u00e1ln\u00ed letn\u00ed olympi\u00e1d\u011bvLos Angeles, kter\u00e1 se konalaod25. \u010dervence do 2. srpna pod \u017ehav\u00fdm kalifornsk\u00fdm sluncem. <\/strong><!--more--><\/p>\n<p>T\u00fdm sjednocen\u00e9 kopan\u00e9 vyhr\u00e1l st\u0159\u00edbrnou medaili pod veden\u00edm tren\u00e9ra Davida B\u011bl\u016fnka ze Zl\u00edna, mezi hr\u00e1\u010di nechyb\u011bl brank\u00e1\u0159 Zden\u011bk Dvo\u0159\u00e1k, handicapovan\u00fd hr\u00e1\u010d ze zl\u00ednsk\u00e9 Nad\u011bje. Partnery posti\u017een\u00fdch hr\u00e1\u010d\u016f na h\u0159i\u0161ti byli dal\u0161\u00ed Zl\u00ed\u0148an\u00e9 Zden\u011bk Jokl, Luk\u00e1\u0161 L\u00edsal a Luk\u00e1\u0161 Svobodn\u00edk. &#8222;Zisk st\u0159\u00edbrn\u00e9 medaile je v t\u011b\u017ek\u00e9 konkurenci velk\u00fd \u00fasp\u011bch,&#8220; komentoval v\u00fdborn\u00e9 sportovn\u00ed v\u00fdkony t\u00fdmu tren\u00e9r David B\u011bl\u016fnek. &#8222;D\u016fle\u017eit\u00e9 ale bylo, \u017ee se n\u00e1mpoda\u0159ilo t\u00e1hnout za jeden provaza hr\u00e1t fair play, proto\u017ee to je smyslem speci\u00e1ln\u00edch olympi\u00e1d,&#8220;dodal.<\/p>\n<p>Zl\u00ednsk\u00fd den\u00edk<br \/>\n<a href=\"http:\/\/www.zlinsky.denik.cz\/\">http:\/\/www.zlinsky.denik.cz\/<\/a><\/p>\n","protected":false},"excerpt":{"rendered":"<div class=\"mh-excerpt\"><p>V\u00fdraznou zl\u00ednskou stopu zanechala \u010desk\u00e1 reprezentace na Speci\u00e1ln\u00ed letn\u00ed olympi\u00e1d\u011bvLos Angeles, kter\u00e1 se konalaod25. \u010dervence do 2. srpna pod \u017ehav\u00fdm kalifornsk\u00fdm sluncem.<\/p>\n<\/div>","protected":false},"author":1,"featured_media":0,"comment_status":"open","ping_status":"closed","sticky":false,"template":"","format":"standard","meta":{"footnotes":""},"categories":[9],"tags":[],"class_list":["post-22325","post","type-post","status-publish","format-standard","hentry","category-zpravy"],"_links":{"self":[{"href":"https:\/\/www.invarena.cz\/index.php?rest_route=\/wp\/v2\/posts\/22325","targetHints":{"allow":["GET"]}}],"collection":[{"href":"https:\/\/www.invarena.cz\/index.php?rest_route=\/wp\/v2\/posts"}],"about":[{"href":"https:\/\/www.invarena.cz\/index.php?rest_route=\/wp\/v2\/types\/post"}],"author":[{"embeddable":true,"href":"https:\/\/www.invarena.cz\/index.php?rest_route=\/wp\/v2\/users\/1"}],"replies":[{"embeddable":true,"href":"https:\/\/www.invarena.cz\/index.php?rest_route=%2Fwp%2Fv2%2Fcomments&post=22325"}],"version-history":[{"count":0,"href":"https:\/\/www.invarena.cz\/index.php?rest_route=\/wp\/v2\/posts\/22325\/revisions"}],"wp:attachment":[{"href":"https:\/\/www.invarena.cz\/index.php?rest_route=%2Fwp%2Fv2%2Fmedia&parent=22325"}],"wp:term":[{"taxonomy":"category","embeddable":true,"href":"https:\/\/www.invarena.cz\/index.php?rest_route=%2Fwp%2Fv2%2Fcategories&post=22325"},{"taxonomy":"post_tag","embeddable":true,"href":"https:\/\/www.invarena.cz\/index.php?rest_route=%2Fwp%2Fv2%2Ftags&post=22325"}],"curies":[{"name":"wp","href":"https:\/\/api.w.org\/{rel}","templated":true}]}}