{"id":22326,"date":"2015-08-06T16:49:59","date_gmt":"2015-08-06T14:49:59","guid":{"rendered":"http:\/\/www.invarena.cz\/?p=22326"},"modified":"2015-08-06T16:49:59","modified_gmt":"2015-08-06T14:49:59","slug":"valka-s-vlastnimi-demony-sipkar-wade-ji-zatim-vyhrava","status":"publish","type":"post","link":"https:\/\/www.invarena.cz\/?p=22326","title":{"rendered":"V\u00e1lka s vlastn\u00edmi d\u00e9mony. \u0160ipka\u0159 Wade ji zat\u00edm vyhr\u00e1v\u00e1"},"content":{"rendered":"<p><strong>Byl ve\u010der 25. \u010dervence. V honosn\u00e9m prost\u0159ed\u00ed Winter Gardens v anglick\u00e9m Blackpoolu tis\u00edce bou\u0159\u00edc\u00edch fanou\u0161k\u016f sledovalo rozuzlen\u00ed semifin\u00e1lov\u00e9ho dramatu \u0161ipka\u0159sk\u00e9ho turnaje World Matchplay.<\/strong> <!--more--><\/p>\n<p>Proti legend\u00e1rn\u00edmu Philu Taylorovi, kter\u00fd v blackpoolsk\u00e9m kl\u00e1n\u00ed neprohr\u00e1l od roku 2007 jedin\u00fd z\u00e1pas, stoj\u00ed James Wade. Nen\u00e1padn\u00fd chlap\u00edk v br\u00fdl\u00edch, kter\u00fd \u2013 na rozd\u00edl od mnoha jin\u00fdch \u0161ipka\u0159\u016f \u2013 b\u011bhem z\u00e1pasu prakticky neprojevuje emoce.<\/p>\n<p>A\u017e po z\u00e1pase si zajuchal. Dvaat\u0159icetilet\u00fd Wade ten ve\u010der r\u00e1zn\u011b ukon\u010dil v\u00edt\u011bznou s\u00e9rii o dvaadvacet let star\u0161\u00edho Taylora (porazil ho 17:14) a dostal se po\u0161est\u00e9 v kari\u00e9\u0159e do fin\u00e1le World Matchplay, po mistrovstv\u00ed sv\u011bta druh\u00e9ho nejpresti\u017en\u011bj\u0161\u00edho \u0161ipkov\u00e9ho turnaje organizace PDC. V boji o titul sice nesta\u010dil na sv\u011btovou jedni\u010dku Michaela van Gerwena, i tak ale z\u00edskal dal\u0161\u00ed \u00fasp\u011bch do sv\u00e9 bohat\u00e9 sb\u00edrky a tak\u00e9 \u0161ek na 50 tis\u00edc liber (bezm\u00e1la dva miliony korun).<\/p>\n<p>&#8222;Jsem \u0161\u0165astn\u00fd, \u017ee jsem se tu dostal znovu a\u017e do fin\u00e1le. Na druhou stranu v\u00edm, \u017ee jsem dnes nehr\u00e1l dob\u0159e. Od za\u010d\u00e1tku do konce z\u00e1pasu jsem se tr\u00e1pil. Je to zni\u010duj\u00edc\u00ed, proto\u017ee v\u00edm, \u017ee jsem m\u011bl na to vyhr\u00e1t,&#8220; \u0159ekl Wade, moment\u00e1ln\u011b \u0161est\u00fd hr\u00e1\u010d \u017eeb\u0159\u00ed\u010dku. Sebekritick\u00e1 slova. I tak je ale jeho dlouhodob\u011b vysok\u00e1 v\u00fdkonnost u \u0161ipkov\u00e9ho ter\u010de neuv\u011b\u0159iteln\u00e1. Oto v\u00edc, \u017ee se na rozd\u00edl od ostatn\u00edch hr\u00e1\u010d\u016f pot\u00fdk\u00e1 je\u0161t\u011b s jedn\u00edm soupe\u0159em nav\u00edc.<\/p>\n<p>&#8222;Od d\u011btstv\u00ed jsem v\u011bd\u011bl, \u017ee jsem v n\u011b\u010dem jin\u00fd ne\u017e ostatn\u00ed d\u011bti,&#8220; popsal Wade p\u0159ed p\u00e1r lety v rozhovoru pro The Sun. &#8222;M\u011bl jsem jin\u00fd pohled na \u017eivot ne\u017e ony a dokonce jsem se ptal rodi\u010d\u016f, jestli nejsem ment\u00e1ln\u011b posti\u017een\u00fd.&#8220; Co mu bylo? Slavn\u00fd \u0161ipka\u0159 cel\u00fd \u017eivot trp\u00ed bipol\u00e1rn\u00ed poruchou a tak\u00e9 hyperkinetickou poruchou.<\/p>\n<p>V jednu chv\u00edli se c\u00edt\u00ed \u0161\u0165astn\u00fd jako blecha, vz\u00e1p\u011bt\u00ed je mu na um\u0159en\u00ed. &#8222;P\u0159ed rokem jsem o sv\u00fdch narozenin\u00e1ch le\u017eel cel\u00fd den v posteli, bre\u010del a cht\u011bl um\u0159\u00edt,&#8220; sv\u011b\u0159il se Wade. A\u017e pak vyhledal odbornou pomoc a l\u00e9\u010d\u00ed se. Pod\u00edl\u00ed se tak\u00e9 na charit\u011b pro pacienty s bipol\u00e1rn\u00ed poruchou. Je neuv\u011b\u0159iteln\u00e9, \u017ee p\u0159es tyto celo\u017eivotn\u00ed probl\u00e9my dok\u00e1zal jako profesion\u00e1ln\u00ed \u0161ipka\u0159 to, co dok\u00e1zal. Po Taylorovi a van Gerwenovi je t\u0159et\u00edm nej\u00fasp\u011b\u0161n\u011bj\u0161\u00edm hr\u00e1\u010dem v historii PDC, vyhr\u00e1l osm major\u016f.<\/p>\n<p>&#8222;Je to z\u00e1zrak,&#8220; \u0159ekl pro Daily Record b\u00fdval\u00fd hr\u00e1\u010d Chris Mason, kter\u00fd m\u00e1 podobn\u00e9 zdravotn\u00ed pot\u00ed\u017ee jako Wade. &#8222;M\u00edchat bipol\u00e1rn\u00ed poruchu a sout\u011b\u017en\u00ed sport je ten nejhor\u0161\u00ed koktejl. Kdy\u017e mi l\u00e9ka\u0159 poprv\u00e9 sd\u011blil mou diagn\u00f3zu, zeptal se m\u011b, jestli d\u011bl\u00e1m n\u011bco sout\u011b\u017en\u011b. \u0158ekl jsem mu, \u017ee jsem profesion\u00e1ln\u00ed \u0161ipka\u0159. Chytil se za hlavu a \u0159ekl, \u017ee tyhle dv\u011b v\u011bci prakticky nejde skloubit,&#8220; vypravoval Mason.<\/p>\n<p>Wadeovi to p\u0159esto jde. &#8222;Mysl\u00edm, \u017ee lid\u00e9 nedok\u00e1\u017e\u00ed dostate\u010dn\u011b ocenit, co mus\u00ed vytrp\u011bt. Nehraje jen proti protihr\u00e1\u010di na p\u00f3diu, ale nejv\u011bt\u0161\u00edho soupe\u0159e m\u00e1 ve sv\u00e9 mysli,&#8220; zd\u016fraznil Mason.<\/p>\n<p>\u0160ipky nejsou fyzicky zvl\u00e1\u0161\u0165 n\u00e1ro\u010dn\u00e1 discipl\u00edna, o to v\u011bt\u0161\u00ed n\u00e1por ale p\u0159edstavuj\u00ed na psychiku \u2013 hr\u00e1\u010d mus\u00ed b\u00fdt neust\u00e1le pln\u011b soust\u0159ed\u011bn\u00fd. &#8222;N\u011bkdy na Jamesovi vid\u00edm, jak p\u0159\u00edmo p\u0159i z\u00e1pase bojuje se sv\u00fdmi d\u00e9mony. P\u0159i bipol\u00e1rn\u00ed poru\u0161e se n\u00e1lada m\u011bn\u00ed zni\u010dehonic a bez d\u016fvodu,&#8220; \u0159ekl Mason.<\/p>\n<p>Wade na \u010dervencov\u00e9m World Matchplay op\u011bt potvrdil, \u017ee pat\u0159\u00ed do absolutn\u00ed sv\u011btov\u00e9 \u0161pi\u010dky. Dok\u00e1zal to i n\u011bkter\u00fdm lidem, kte\u0159\u00ed ho dvakr\u00e1t nemus\u00ed. T\u0159eba loni ho veden\u00ed PDC p\u0159ekvapiv\u011b nepozvalo do presti\u017en\u00ed Premier League \u2013 pr\u00fd proto, aby m\u011bl v\u00edc \u010dasu starat se o sv\u00e9 du\u0161evn\u00ed zdrav\u00ed. Wadea to tehdy t\u011b\u017ece zas\u00e1hlo (letos u\u017e v des\u00edtce vyvolen\u00fdch \u00fa\u010dastn\u00edk\u016f Premier League nechyb\u011bl).<\/p>\n<p>N\u011bkter\u00fdm hr\u00e1\u010d\u016fm se zase \u00fadajn\u011b nezdaj\u00ed Wadeovy l\u00e9ky, kter\u00e9 kv\u016fli bipol\u00e1rn\u00ed poru\u0161e u\u017e\u00edv\u00e1. &#8222;Jsem nesm\u00edrn\u011b zklaman\u00fd, \u017ee n\u011bkolik m\u00fdch spoluhr\u00e1\u010d\u016f z Premier League \u0159\u00edk\u00e1, \u017ee l\u00e9ky mi d\u00e1vaj\u00ed nef\u00e9r v\u00fdhodu,&#8220; napsal letos Wade na Twitteru. \u0160\u00e9f PDC Barry Hearn rad\u011bji okam\u017eit\u011b uvedl, \u017ee nic takov\u00e9ho nikdo ne\u0159ekl. Podle odborn\u00edk\u016f nav\u00edc doty\u010dn\u00e9 l\u00e9ky rozhodn\u011b nelze pova\u017eovat za formu dopingu. &#8222;Pom\u00e1haj\u00ed Jamesovi stabilizovat emoce a dostat se na tu \u00farove\u0148, kter\u00e1 je pro ostatn\u00ed norm\u00e1ln\u00ed,&#8220; \u0159ekl Mason.<\/p>\n<p>VOJT\u011aCH \u017dI\u017dKA<br \/>\nPra\u017esk\u00fd den\u00edk<br \/>\n<a href=\"http:\/\/www.prazsky.denik.cz\/\">http:\/\/www.prazsky.denik.cz\/<\/a><\/p>\n","protected":false},"excerpt":{"rendered":"<div class=\"mh-excerpt\"><p>Byl ve\u010der 25. \u010dervence. V honosn\u00e9m prost\u0159ed\u00ed Winter Gardens v anglick\u00e9m Blackpoolu tis\u00edce bou\u0159\u00edc\u00edch fanou\u0161k\u016f sledovalo rozuzlen\u00ed semifin\u00e1lov\u00e9ho dramatu \u0161ipka\u0159sk\u00e9ho turnaje World Matchplay.<\/p>\n<\/div>","protected":false},"author":1,"featured_media":0,"comment_status":"open","ping_status":"closed","sticky":false,"template":"","format":"standard","meta":{"footnotes":""},"categories":[9],"tags":[],"class_list":["post-22326","post","type-post","status-publish","format-standard","hentry","category-zpravy"],"_links":{"self":[{"href":"https:\/\/www.invarena.cz\/index.php?rest_route=\/wp\/v2\/posts\/22326","targetHints":{"allow":["GET"]}}],"collection":[{"href":"https:\/\/www.invarena.cz\/index.php?rest_route=\/wp\/v2\/posts"}],"about":[{"href":"https:\/\/www.invarena.cz\/index.php?rest_route=\/wp\/v2\/types\/post"}],"author":[{"embeddable":true,"href":"https:\/\/www.invarena.cz\/index.php?rest_route=\/wp\/v2\/users\/1"}],"replies":[{"embeddable":true,"href":"https:\/\/www.invarena.cz\/index.php?rest_route=%2Fwp%2Fv2%2Fcomments&post=22326"}],"version-history":[{"count":0,"href":"https:\/\/www.invarena.cz\/index.php?rest_route=\/wp\/v2\/posts\/22326\/revisions"}],"wp:attachment":[{"href":"https:\/\/www.invarena.cz\/index.php?rest_route=%2Fwp%2Fv2%2Fmedia&parent=22326"}],"wp:term":[{"taxonomy":"category","embeddable":true,"href":"https:\/\/www.invarena.cz\/index.php?rest_route=%2Fwp%2Fv2%2Fcategories&post=22326"},{"taxonomy":"post_tag","embeddable":true,"href":"https:\/\/www.invarena.cz\/index.php?rest_route=%2Fwp%2Fv2%2Ftags&post=22326"}],"curies":[{"name":"wp","href":"https:\/\/api.w.org\/{rel}","templated":true}]}}