{"id":22335,"date":"2015-08-29T08:30:22","date_gmt":"2015-08-29T06:30:22","guid":{"rendered":"http:\/\/www.invarena.cz\/?p=22335"},"modified":"2015-08-29T08:30:22","modified_gmt":"2015-08-29T06:30:22","slug":"matouskova-ma-ze-dvou-medaili-z-me-obrovskou-radost","status":"publish","type":"post","link":"https:\/\/www.invarena.cz\/?p=22335","title":{"rendered":"Matou\u0161kov\u00e1 m\u00e1 ze dvou medail\u00ed z ME obrovskou radost"},"content":{"rendered":"<p><strong>V polsk\u00e9 Bydho\u0161ti se konalo 9. mistrovstv\u00ed Evropy nesly\u0161\u00edc\u00edch sportovc\u016f v atletice. Na startu byla b\u00fdval\u00e1 v\u00fdborn\u00e1 vla\u0161imsk\u00e1 atletka Lenka Matou\u0161kov\u00e1, kter\u00e1 nyn\u00ed reprezentuje PSK Olymp Praha. <\/strong><!--more--><\/p>\n<p>Poda\u0159ilo se j\u00ed vybojovat dv\u011b medaile \u2013 st\u0159\u00edbro v hodu diskem a bronz v kouli.<br \/>\n\u010ceskou republiku krom\u011b Lenky Matou\u0161kov\u00e9 za doprovodu tren\u00e9ra Luk\u00e1\u0161e Ho\u0161ka a vedouc\u00edho Romana Kauta hrd\u011b reprezentovali: Jakub Nosek (SKN Hradec Kr\u00e1lov\u00e9) \u2013 skok do d\u00e1lky, hod o\u0161t\u011bpem, Michal Stanovsk\u00fd (Sport NES Ostrava) \u2013 1500 m, 5000 m, 3000 m p\u0159ek\u00e1\u017eek a Lenka Hornov\u00e1 (SK SKIVELO Olomouc) \u2013 sedmiboj, hod o\u0161t\u011bpem, vrh koul\u00ed.<br \/>\nPo z\u00e1vodech se Lenka Matou\u0161kov\u00e1 sv\u011b\u0159ila s pocity, a jak na mistrovstv\u00ed v Polsku bude vzpom\u00ednat.<br \/>\n&#8222;Z\u00e1vodilo se na kr\u00e1sn\u00e9m modr\u00e9m stadionu u hotelu Zawisza, kter\u00fd byl bohu\u017eel obsazen\u00fd Ruskem a Pol\u00e1ky, tak\u017ee jsme bydleli deset minut j\u00edzdy autobusem v centru m\u011bsta, v hotelu Brda.<br \/>\nS Luk\u00e1\u0161em Ho\u0161kem (univerz\u00e1ln\u00edm tren\u00e9rem pro v\u0161echny) jsme r\u00e1no vyrazili spole\u010dn\u011b vlakem do Olomouce, m\u00edsta srazu. Odtud jsme v\u0161ichni jeli osm hodin mikrobusem do Bydho\u0161t\u011b, m\u011bsta, kde se akce konala. Po ve\u010de\u0159i a ubytov\u00e1n\u00ed jsme se druh\u00fd den sna\u017eili co nejl\u00e9pe aklimatizovat a zorientovat se v organiza\u010dn\u00edch v\u011bcech a spoj\u00edch z hotelu na stadion a zp\u011bt. Jeli jsme se pod\u00edvat na stadion, kde jsme se v de\u0161ti rozcvi\u010dovali a protahovali na n\u00e1sleduj\u00edc\u00ed den, den z\u00e1vod\u016f. D\u00e9\u0161\u0165 n\u00e1m v\u016fbec nevadil, \u0159\u00edkali jsme mu &#8222;kapky \u0161t\u011bst\u00ed&#8220; a tak\u00e9, \u017ee byly. <\/p>\n<p>Na za\u010d\u00e1tku ME hned st\u0159\u00edbro <\/p>\n<p>Hned prvn\u00ed z\u00e1vodn\u00ed den jsme s Kubou Noskem z\u00edskali dv\u011b medaile pro \u010desk\u00e9 barvy. J\u00e1 jsem si ve sv\u00e9 nejobl\u00edben\u011bj\u0161\u00ed discipl\u00edn\u011b hodu diskem, za slo\u017eit\u00fdch pov\u011btrnostn\u00edch podm\u00ednek, vyh\u00e1zela druh\u00e9 m\u00edsto. Nesta\u010dila jsem pouze na suver\u00e9nn\u00ed Ukrajinku. My dv\u011b jsme jako jedin\u00e9 p\u0159ekonaly \u010dty\u0159iceti metrovou hranici, t\u0159et\u00ed skon\u010dila reprezentantka Ruska. A Jakub si v d\u00e1lce sko\u010dil pro bronz.<br \/>\nOba jsme byli neuv\u011b\u0159iteln\u011b \u0161\u0165astn\u00ed, \u017ee se n\u00e1m povedlo na\u0161e proklet\u00ed (\u010dtvrt\u00e1 m\u00edsta) z p\u0159edchoz\u00edch z\u00e1vod\u016f jako ME, MS a Deaflympi\u00e1da, prolomit. U\u017e\u00edvali jsem si chv\u00edle sl\u00e1vy na stupn\u00edch v\u00edt\u011bz\u016f, kde jsme hrd\u011b vzhl\u00ed\u017eeli k n\u00e1rodn\u00ed vlajce \u010cesk\u00e9 republiky a r\u00e1di se nechali s ka\u017ed\u00fdm vyfotit.<br \/>\nV ten sam\u00fd den v dopoledn\u00edch hodin\u00e1ch se konalo zah\u00e1jen\u00ed mistrovstv\u00ed Evropy na z\u00e1vodn\u00ed dr\u00e1ze stadionu, kde jsme s Kubou z d\u016fvodu p\u0159\u00edprav na odpoledn\u00ed z\u00e1vody chyb\u011bli. <\/p>\n<p>Po kouli se leskl na hrudi Lenky bronz <\/p>\n<p>V p\u00e1tek v 16 hodin se konal z\u00e1vod ve vrhu koul\u00ed, kde n\u00e1s z\u00e1vodilo deset. Mus\u00edm se p\u0159iznat, \u017ee m\u011b druh\u00e9 m\u00edsto v disku nakoplo tolik, \u017ee jsem si i p\u0159es \u0161est\u00e9 m\u00edsto v tabulk\u00e1ch v\u011b\u0159ila na urv\u00e1n\u00ed alespo\u0148 bronzu. Motivac\u00ed pro m\u011b bylo i v\u00edt\u011bzstv\u00ed m\u00e9ho d\u0159\u00edv\u011bj\u0161\u00edho tren\u00e9ra (Remigius Machura) v roce 1979 pr\u00e1v\u011b na tomto stadionu. Za c\u00edl jsem si dala vrhnout co nejd\u00e1le za hranici osobn\u00edho rekordu, a to se tak\u00e9 stalo. Po vyrovnan\u00fdch pokusech jsem p\u00e1t\u00fdm pokusem vrhla osobn\u00ed rekord a brala jsem bronz. Po boji s Ruskou, kdy jsme se p\u0159ehazovaly ka\u017ed\u00fdm pokusem, jsem byla velmi \u0161\u0165astn\u00e1 a jsem si jist\u00e1, \u017ee bronz byl skute\u010dn\u011b vybojovan\u00fd. <\/p>\n<p>Se z\u00e1zem\u00edm v Polsku panovala spokojenost <\/p>\n<p>B\u011bhem pobytu jsme samoz\u0159ejm\u011b museli i dola\u010fovat formu tr\u00e9nink\u016f za vyu\u017eit\u00ed tamn\u00edho z\u00e1zem\u00ed. Tentokr\u00e1t jsem byla s prostory ur\u010den\u00e9 pro tr\u00e9nov\u00e1n\u00ed a z\u00e1vody spokojen\u00e1. Z\u00e1vodn\u00ed stadion a tr\u00e9ninkov\u00e9 z\u00e1zem\u00ed byly hned vedle sebe, v\u010detn\u011b posilovny a kryt\u00e9ho tunelu (haly). V\u00e1\u017een\u00ed n\u00e1\u010din\u00ed tentokr\u00e1t tak\u00e9 prob\u011bhlo bezprobl\u00e9mov\u011b (oproti MEJ v roce 2012) a Call Room u\u017e se tak\u00e9 \u010dasov\u011b neprotahoval a \u0161li jsme hned po odprezentov\u00e1n\u00ed na v\u011bc.<br \/>\nByla jsem nesm\u00edrn\u011b r\u00e1da, \u017ee jsem sv\u00fdm ziskem bronzu &#8222;zkompletovala&#8220; svoji medailovou sb\u00edrku. V roce 2012 jsem zde toti\u017e z\u00edskala na mistrovstv\u00ed Evropy junior\u016f t\u0159i zlata a k nim jsem nyn\u00ed mohla p\u0159idat st\u0159\u00edbro z disku a bronz z koule.<br \/>\nP\u0159i vyhla\u0161ov\u00e1n\u00ed posledn\u00edch v\u00edt\u011bz\u016f \u0161tafet se konal ceremoni\u00e1l zakon\u010den\u00ed ME nesly\u0161\u00edc\u00edch v atletice a p\u0159ed\u00e1n\u00ed odpov\u011bdnosti N\u011bmecku, kde se bude konat p\u0159\u00ed\u0161t\u00ed mistrovstv\u00ed Evropy nesly\u0161\u00edc\u00edch (21. \u2013 28. \u010dervence 2019, Bochum\u00acWattenscheid). Ve\u010der n\u00e1s \u010dekal z\u00e1v\u011bre\u010dn\u00fd raut, po kter\u00e9m jsme hned sedli do mikrobusu a celou noc jeli zp\u011bt ke sv\u00fdm rodin\u00e1m.<br \/>\nZa mnoh\u00e9 vd\u011b\u010d\u00edm Luk\u00e1\u0161ovi Ho\u0161kovi, kter\u00fd se o v\u0161echny organiza\u010dn\u00ed v\u011bci postaral a v\u011bnoval mi ka\u017edou pot\u0159ebnou chv\u00edli b\u011bhem na\u0161eho pobytu v Bydho\u0161ti. <\/p>\n<p>Za medaile nebrala ani korunu <\/p>\n<p>Je\u0161t\u011b bych vzpomenula na jednu m\u00e9n\u011b p\u0159\u00edjemnou z\u00e1le\u017eitost spojenou s touto akc\u00ed. Po n\u00e1vratu se n\u00e1s mnoho lid\u00ed ptalo, kolik jsme dostali za medaile a za vzorn\u00e9 reprezentov\u00e1n\u00ed na\u0161\u00ed republiky. Mus\u00edm se smutkem podotknout, \u017ee jsme nedostali v\u016fbec nic. Na m\u00edst\u011b n\u00e1m svaz zaplatil ubytov\u00e1n\u00ed a stravu, hradil tak\u00e9 cestu a startovn\u00e9. O n\u011bjak\u00e9m kapesn\u00e9m na m\u00edst\u011b a o odm\u011bn\u011b za skv\u011bl\u00e9 reprezentov\u00e1n\u00ed se n\u00e1m v\u0161ak m\u016f\u017ee jen zd\u00e1t. Bohu\u017eel, sponzor\u016f je v tomto sportu velmi m\u00e1lo a proto je t\u0159eba atletiku d\u011blat p\u0159edev\u0161\u00edm srdcem a pro radost, nikoliv v\u0161ak pro n\u011bjakou finan\u010dn\u00ed odm\u011bnu.<br \/>\nChci tak\u00e9 pod\u011bkovat Honzovi Hlav\u00e1\u010dkovi, \u017ee mi umo\u017enil touto cestou pod\u011bkovat sv\u00e9 rodin\u011b a tren\u00e9rovi Josefovi \u0160ilhav\u00e9mu za jejich nesm\u00edrn\u011b velkou trp\u011blivost p\u0159i ka\u017edodenn\u00edm tr\u00e9nov\u00e1n\u00ed (v dob\u00e1ch n\u00e1ro\u010dn\u00fdch i lep\u0161\u00edch). D\u011bkuji tak\u00e9 v\u0161em za podporu, kterou mi pos\u00edlali do Bydho\u0161t\u011b.&#8220;<\/p>\n<p>JAN HLAV\u00c1\u010cEK<br \/>\nBene\u0161ovsk\u00fd den\u00edk<br \/>\n<a href=\"http:\/\/www.benesovsky.denik.cz\/\">http:\/\/www.benesovsky.denik.cz\/<\/a><\/p>\n","protected":false},"excerpt":{"rendered":"<div class=\"mh-excerpt\"><p>V polsk\u00e9 Bydho\u0161ti se konalo 9. mistrovstv\u00ed Evropy nesly\u0161\u00edc\u00edch sportovc\u016f v atletice. Na startu byla b\u00fdval\u00e1 v\u00fdborn\u00e1 vla\u0161imsk\u00e1 atletka Lenka Matou\u0161kov\u00e1, kter\u00e1 nyn\u00ed reprezentuje PSK <a class=\"mh-excerpt-more\" href=\"https:\/\/www.invarena.cz\/?p=22335\" title=\"Matou\u0161kov\u00e1 m\u00e1 ze dvou medail\u00ed z ME obrovskou radost\">[&#8230;]<\/a><\/p>\n<\/div>","protected":false},"author":1,"featured_media":0,"comment_status":"open","ping_status":"closed","sticky":false,"template":"","format":"standard","meta":{"footnotes":""},"categories":[9],"tags":[],"class_list":["post-22335","post","type-post","status-publish","format-standard","hentry","category-zpravy"],"_links":{"self":[{"href":"https:\/\/www.invarena.cz\/index.php?rest_route=\/wp\/v2\/posts\/22335","targetHints":{"allow":["GET"]}}],"collection":[{"href":"https:\/\/www.invarena.cz\/index.php?rest_route=\/wp\/v2\/posts"}],"about":[{"href":"https:\/\/www.invarena.cz\/index.php?rest_route=\/wp\/v2\/types\/post"}],"author":[{"embeddable":true,"href":"https:\/\/www.invarena.cz\/index.php?rest_route=\/wp\/v2\/users\/1"}],"replies":[{"embeddable":true,"href":"https:\/\/www.invarena.cz\/index.php?rest_route=%2Fwp%2Fv2%2Fcomments&post=22335"}],"version-history":[{"count":0,"href":"https:\/\/www.invarena.cz\/index.php?rest_route=\/wp\/v2\/posts\/22335\/revisions"}],"wp:attachment":[{"href":"https:\/\/www.invarena.cz\/index.php?rest_route=%2Fwp%2Fv2%2Fmedia&parent=22335"}],"wp:term":[{"taxonomy":"category","embeddable":true,"href":"https:\/\/www.invarena.cz\/index.php?rest_route=%2Fwp%2Fv2%2Fcategories&post=22335"},{"taxonomy":"post_tag","embeddable":true,"href":"https:\/\/www.invarena.cz\/index.php?rest_route=%2Fwp%2Fv2%2Ftags&post=22335"}],"curies":[{"name":"wp","href":"https:\/\/api.w.org\/{rel}","templated":true}]}}