{"id":22342,"date":"2015-08-29T08:29:00","date_gmt":"2015-08-29T06:29:00","guid":{"rendered":"http:\/\/www.invarena.cz\/?p=22342"},"modified":"2015-08-29T08:29:19","modified_gmt":"2015-08-29T06:29:19","slug":"postizeni-jezdi-na-tabor-v-cekyni-uz-patnact-let","status":"publish","type":"post","link":"https:\/\/www.invarena.cz\/?p=22342","title":{"rendered":"Posti\u017een\u00ed jezd\u00ed na t\u00e1bor v \u010cekyni"},"content":{"rendered":"<p><strong>P\u0159erov \u2013 &#8222;Po stop\u00e1ch Sherlocka Holmese&#8220; \u2013 takov\u00fd je tematick\u00fd n\u00e1zev t\u00e1bora, kter\u00fd za\u010dal na letn\u00ed chatov\u00e9 z\u00e1kladn\u011b v \u010cekyni. <\/strong><!--more--><\/p>\n<p>Jde o patn\u00e1ct\u00fd ro\u010dn\u00edk integrovan\u00e9ho letn\u00edho t\u00e1bora pro zdravotn\u011b posti\u017een\u00e9, kter\u00e9ho se \u00fa\u010dastn\u00ed d\u011bti i dosp\u011bl\u00ed, vyu\u017e\u00edvaj\u00edc\u00ed p\u00e9\u010di Soci\u00e1ln\u00edch slu\u017eeb m\u011bsta P\u0159erova.<br \/>\nZa t\u00e1born\u00edky dorazili v pond\u011bl\u00ed tak\u00e9 komun\u00e1ln\u00ed politici. &#8222;Proto\u017ee m\u00e1m k handikepovan\u00fdm lidem bl\u00edzko, p\u0159i\u0161el jsem p\u0159ed lety s n\u00e1padem uspo\u0159\u00e1dat pro n\u011b t\u00e1bor. Mysl\u00edm, \u017ee je d\u016fle\u017eit\u00e9, aby zdrav\u00ed t\u00e1born\u00edci vid\u011bli, \u017ee i posti\u017een\u00e9 d\u011bti maj\u00ed sv\u00e9 z\u00e1jmy, a aby spole\u010dn\u011b tr\u00e1vili \u010das,&#8220; \u0159ekl t\u0159eba Anton\u00edn Pracha\u0159, kter\u00fd st\u00e1l u zrodu tradice. T\u00e1bor se kon\u00e1 pod hlavi\u010dkou odborov\u00e9ho sdru\u017een\u00ed \u017eelezni\u010d\u00e1\u0159\u016f a pod z\u00e1\u0161titou n\u00e1m\u011bstk\u016f hejtmana Olomouck\u00e9ho kraje Yvony Kubj\u00e1tov\u00e9 a Michala Symersk\u00e9ho.<\/p>\n<p>Nov\u00e9 P\u0159erovsko<\/p>\n","protected":false},"excerpt":{"rendered":"<div class=\"mh-excerpt\"><p>P\u0159erov \u2013 &#8222;Po stop\u00e1ch Sherlocka Holmese&#8220; \u2013 takov\u00fd je tematick\u00fd n\u00e1zev t\u00e1bora, kter\u00fd za\u010dal na letn\u00ed chatov\u00e9 z\u00e1kladn\u011b v \u010cekyni.<\/p>\n<\/div>","protected":false},"author":1,"featured_media":0,"comment_status":"open","ping_status":"closed","sticky":false,"template":"","format":"standard","meta":{"footnotes":""},"categories":[9],"tags":[],"class_list":["post-22342","post","type-post","status-publish","format-standard","hentry","category-zpravy"],"_links":{"self":[{"href":"https:\/\/www.invarena.cz\/index.php?rest_route=\/wp\/v2\/posts\/22342","targetHints":{"allow":["GET"]}}],"collection":[{"href":"https:\/\/www.invarena.cz\/index.php?rest_route=\/wp\/v2\/posts"}],"about":[{"href":"https:\/\/www.invarena.cz\/index.php?rest_route=\/wp\/v2\/types\/post"}],"author":[{"embeddable":true,"href":"https:\/\/www.invarena.cz\/index.php?rest_route=\/wp\/v2\/users\/1"}],"replies":[{"embeddable":true,"href":"https:\/\/www.invarena.cz\/index.php?rest_route=%2Fwp%2Fv2%2Fcomments&post=22342"}],"version-history":[{"count":0,"href":"https:\/\/www.invarena.cz\/index.php?rest_route=\/wp\/v2\/posts\/22342\/revisions"}],"wp:attachment":[{"href":"https:\/\/www.invarena.cz\/index.php?rest_route=%2Fwp%2Fv2%2Fmedia&parent=22342"}],"wp:term":[{"taxonomy":"category","embeddable":true,"href":"https:\/\/www.invarena.cz\/index.php?rest_route=%2Fwp%2Fv2%2Fcategories&post=22342"},{"taxonomy":"post_tag","embeddable":true,"href":"https:\/\/www.invarena.cz\/index.php?rest_route=%2Fwp%2Fv2%2Ftags&post=22342"}],"curies":[{"name":"wp","href":"https:\/\/api.w.org\/{rel}","templated":true}]}}