{"id":22347,"date":"2015-08-10T10:16:17","date_gmt":"2015-08-10T08:16:17","guid":{"rendered":"http:\/\/www.invarena.cz\/?p=22347"},"modified":"2015-08-10T10:16:17","modified_gmt":"2015-08-10T08:16:17","slug":"jerabino-vitej-v-pocatkach","status":"publish","type":"post","link":"https:\/\/www.invarena.cz\/?p=22347","title":{"rendered":"Je\u0159abino, v\u00edtej v Po\u010d\u00e1tk\u00e1ch"},"content":{"rendered":"<p><strong>Je\u0159abina? Jak\u00e1 je\u0159abina? Co \u017ee to je? Ot\u00e1zky podobn\u00e9ho typu jsme poprv\u00e9 zaslechli u\u017e v roce 2011. V tomto roce jsme se s Je\u0159abinou setkali poprv\u00e9. Tenkr\u00e1t 10. b\u0159ezna 2011, jsme v na\u0161em nov\u00e9m otev\u0159en\u00e9m kinos\u00e1le prom\u00edtali poh\u00e1dkov\u00fd thriller Mikola tenkr\u00e1t na Kolo\u010dav\u011b.<\/strong> <!--more--><\/p>\n<p>Po\u010d\u00e1tky \u2013 Ve sn\u00edmku o kouzlech, l\u00e1sce, zrad\u011b a nen\u00e1visti nato\u010den\u00e9m podle p\u0159edlohy d\u00edla Ivana Olbrachta \u2013 Nikola \u0160uhaj Loupe\u017en\u00edk v hlavn\u00edch rol\u00edch \u00fa\u010dinkovali herci s ment\u00e1ln\u00edm a kombinovan\u00fdm posti\u017een\u00edm. Autorkou projektu byla \u0159editelka, je\u0161t\u011b tenkr\u00e1t \u00daSPMP T\u011bchobuz (\u00dastav soci\u00e1ln\u00ed p\u00e9\u010de pro ment\u00e1ln\u011b posti\u017een\u00e9), Simona Tomanov\u00e1. Napsala sc\u00e9n\u00e1\u0159 a zajistila nat\u00e1\u010den\u00ed filmu na Ukrajin\u011b, p\u0159\u00edmo ve skanzenu na Kolo\u010dav\u011b, vesnici, ve kter\u00e9 se Olbracht\u016fv rom\u00e1n odehr\u00e1val. Na ot\u00e1zku, &#8222;Pro\u010d tento film vznikl?&#8220; mi Simona Tomanov\u00e1 odpov\u011bd\u011bla &#8222;C\u00edlem bylo umo\u017enit lidem s ment\u00e1ln\u00edm posti\u017een\u00edm pro\u017e\u00edt nev\u0161edn\u00ed z\u00e1\u017eitky p\u0159i nev\u0161edn\u00ed pr\u00e1ci a ve snaze deklarovat spole\u010dnosti, \u017ee s p\u0159im\u011b\u0159enou podporou dok\u00e1\u017eou lid\u00e9 s ment\u00e1ln\u00edm posti\u017een\u00edm mnoh\u00e9.&#8220;<\/p>\n<p>\u00daSP T\u011bchobuz byl v roce 2011 zapojen do procesu transformace v Kraji Vyso\u010dina a od 1.ledna 2012 se \u00daSP v T\u011bchobuzi, zm\u011bnil na Domov Je\u0159abina, p.o.. Zm\u011bna n\u00e1zvu byla jedn\u00edm z krok\u016f, jeho\u017e c\u00edlem bylo vytvo\u0159en\u00ed skute\u010dn\u00e9ho domova pro sv\u00e9 klienty. Atak byla na Pelh\u0159imovsku realizov\u00e1na v\u00fdstavba nov\u00fdch za\u0159\u00edzen\u00ed v Cetorazi, Pelh\u0159imov\u011b, Humpolci, Horn\u00ed Cerekvi, Nov\u00e9m Rychnov\u011b a i u n\u00e1s v Po\u010d\u00e1tk\u00e1ch pro 72 st\u00e1vaj\u00edc\u00edch klient\u016f. V na\u0161em m\u011bst\u011b prvn\u00ed krok u\u010dinili na\u0161i zastupitel\u00e9, kdy 25. z\u00e1\u0159\u00ed 2012 na 12. zased\u00e1n\u00ed, schv\u00e1lili p\u0159evod pozemk\u016f z majetku m\u011bsta ve prosp\u011bch Kraje Vyso\u010dina se souhlasem uzav\u0159en\u00edm kupn\u00ed smlouvy na pozemky a se z\u00e1m\u011brem pl\u00e1novan\u00e9 v\u00fdstavby nov\u00fdch objekt\u016f k bydlen\u00ed pro klienty Domova Je\u0159abina. A 6. b\u0159ezna 2013 n\u00e1s \u0159editelka Tomanov\u00e1 v m\u00edstn\u00ed Sokolovn\u011b v r\u00e1mci ve\u0159ejn\u00e9ho projedn\u00e1v\u00e1n\u00ed Zdrav\u00e9ho m\u011bsta Po\u010d\u00e1tky \u2013 Ob\u010dan a Radnice v aktu\u00e1ln\u00edm t\u00e9matu &#8222;MY a chr\u00e1n\u011bn\u00e9 Domy Je\u0159abina\u2026a pro\u010d ne?&#8220; informovala o t\u00e9to pl\u00e1novan\u00e9 v\u00fdstavb\u011b a trp\u011bliv\u011b odpov\u00eddala se sv\u00fdmi kolegy na ot\u00e1zky padaj\u00edc\u00edch z \u0159ad na\u0161ich obyvatel.<\/p>\n<p>V Po\u010d\u00e1tk\u00e1ch vznikly dva domy chr\u00e1n\u011bn\u00e9ho bydlen\u00ed, ve kter\u00fdch klienti Je\u0159abiny naleznou sv\u00e9 z\u00e1zem\u00ed a my jsme si je mohli v ned\u011bli 28. \u010dervna 2015 na Dnu otev\u0159en\u00fdch dve\u0159\u00ed v Domov\u011b Je\u0159abina Po\u010d\u00e1tky prohl\u00e9dnout.<\/p>\n<p>Obyvatel\u016fm z Domova Je\u0159abina nastala p\u0159est\u011bhov\u00e1n\u00edm do nov\u00fdch domov\u016f nov\u00e1 \u017eivotn\u00ed etapa. Dvan\u00e1ct mu\u017e\u016f s ment\u00e1ln\u00edm, p\u0159\u00edpadn\u011b kombinovan\u00fdm posti\u017een\u00edm, bude \u017e\u00edt v \u0161esti\u010dlenn\u00fdch dom\u00e1cnostech, kter\u00e9 se pro n\u011b postavily v na\u0161em m\u011bst\u011b. Budou moci opustit \u00fastavn\u00ed zp\u016fsob \u017eivota a za\u010d\u00edt \u017e\u00edt sv\u016fj \u017eivot v prost\u0159ed\u00ed, kter\u00e9 se podob\u00e1 tomu na\u0161emu a se v\u0161\u00edm, co k n\u011bmu pat\u0159\u00ed \u2013 pr\u00e1ce, p\u00e9\u010de o sv\u016fj d\u016fm, zahradu, zv\u00ed\u0159ata, nakupov\u00e1n\u00ed, va\u0159en\u00ed, pran\u00ed pr\u00e1dla, ale t\u0159eba i n\u00e1v\u0161t\u011bva kina nebo koncert\u016f. St\u011bhov\u00e1n\u00ed do chr\u00e1n\u011bn\u00e9ho bydlen\u00ed v\u0161ak rozhodn\u011b neznamen\u00e1, \u017ee by se obyvatel\u00e9 Domova Je\u0159abina t\u00edmto krokem ocitli bez asistence a na pospas ka\u017edodenn\u00edm \u017eivotn\u00edm probl\u00e9m\u016fm. Transformace z \u00fastavn\u00ed p\u00e9\u010de do chr\u00e1n\u011bn\u00e9ho bydlen\u00ed m\u00e1 za c\u00edl klienty nau\u010dit v\u011bt\u0161\u00ed samostatnosti a umo\u017enit jim d\u016fstojn\u011bj\u0161\u00ed \u017eivot, ne\u017e kter\u00fd doposud za\u017e\u00edvali. Klient\u016fm budou v dom\u00e1cnostech i nad\u00e1le k dispozici asistenti, kte\u0159\u00ed jim budou pom\u00e1hat ve v\u0161em, co by se jim \u00fapln\u011b neda\u0159ilo.<\/p>\n<p>Na ulici Rud\u00e9 Arm\u00e1dy v chr\u00e1n\u011bn\u00e9m bydlen\u00ed bude \u017e\u00edt \u0161est lid\u00ed, kte\u0159\u00ed pot\u0159ebuj\u00ed, mimo jin\u00e9, pomoc s dodr\u017eov\u00e1n\u00edm a respektov\u00e1n\u00edm spole\u010densk\u00fdch pravidel. Zde je tak\u00e9 pl\u00e1nov\u00e1n stacion\u00e1\u0159 s floristickou d\u00edlnou a zv\u00ed\u0159ec\u00ed farma, kde se budou klienti starat o kon\u011b, kozi\u010dky a kr\u00e1l\u00edky. V \u017di\u017ekov\u011b ulici budou \u017e\u00edt lid\u00e9 s ment\u00e1ln\u00edm posti\u017een\u00edm, kte\u0159\u00ed u\u017e zest\u00e1rli a proto\u017ee ji\u017e t\u0159eba \u0161patn\u011b chod\u00ed a i v ostatn\u00edch z\u00e1le\u017eitostech sv\u00e9ho \u017eivota pot\u0159ebuj\u00ed v\u00edce pomoci asistent\u016f, bude jim tato pomoc poskytnuta. Sami klienti se budou o sv\u00e9 domy starat, budou si ukl\u00edzet, pe\u010dovat o zahradu a starat se o svou dom\u00e1cnost. Za prac\u00ed budou doj\u00ed\u017ed\u011bt do n\u011bkter\u00e9ho ze stacion\u00e1\u0159\u016f, kter\u00e9 v r\u00e1mci transformace domova vznikly, nap\u0159\u00edklad v Pelh\u0159imov\u011b, Horn\u00ed Cerekvi nebo u n\u00e1s v Po\u010d\u00e1tk\u00e1ch.<\/p>\n<p>N\u011bkte\u0159\u00ed z klient\u016f Domova Je\u0159abina dokonce na\u0161li i skute\u010dnou pr\u00e1ci. &#8222;Jejich \u017eivot bude podobn\u00fd na\u0161emu,&#8220; \u0159\u00edk\u00e1 \u0159editelka Domova Je\u0159abina Simona Tomanov\u00e1 a pokra\u010duje: &#8222;R\u00e1no vstanou, p\u0159iprav\u00ed si sn\u00eddani a pojedou do pr\u00e1ce, nebo denn\u00edho stacion\u00e1\u0159e. Po n\u00e1vratu se budou starat o sv\u016fj d\u016fm, nebo odpo\u010d\u00edvat. A p\u0159iprav\u00ed si ve\u010de\u0159i. S t\u00edmto v\u0161\u00edm jim budeme pom\u00e1hat my. Na\u0161i klienti nebudou \u017e\u00edt u n\u00e1s v pr\u00e1ci, ale my budeme poskytovat soci\u00e1ln\u00ed slu\u017eby u nich doma. Tak jako t\u0159eba pe\u010dovatelka poskytuje slu\u017eby na\u0161\u00ed babi\u010dce, nebo d\u011bde\u010dkovi.&#8220;<\/p>\n<p>Nezb\u00fdv\u00e1 mi ne\u017e klient\u016fm Domova Je\u0159abina pop\u0159\u00e1t, a\u0165 se jim v na\u0161em \u2013 te\u010f i jejich m\u011bst\u011b l\u00edb\u00ed.<\/p>\n<p>Ludmila Markov\u00e1<br \/>\nPelh\u0159imovsk\u00fd den\u00edk<br \/>\n<a href=\"http:\/\/www.pelhrimovsky.denik.cz\/\">http:\/\/www.pelhrimovsky.denik.cz\/<\/a><\/p>\n","protected":false},"excerpt":{"rendered":"<div class=\"mh-excerpt\"><p>Je\u0159abina? Jak\u00e1 je\u0159abina? Co \u017ee to je? Ot\u00e1zky podobn\u00e9ho typu jsme poprv\u00e9 zaslechli u\u017e v roce 2011. V tomto roce jsme se s Je\u0159abinou setkali <a class=\"mh-excerpt-more\" href=\"https:\/\/www.invarena.cz\/?p=22347\" title=\"Je\u0159abino, v\u00edtej v Po\u010d\u00e1tk\u00e1ch\">[&#8230;]<\/a><\/p>\n<\/div>","protected":false},"author":1,"featured_media":4001,"comment_status":"open","ping_status":"closed","sticky":false,"template":"","format":"standard","meta":{"footnotes":""},"categories":[9],"tags":[],"class_list":["post-22347","post","type-post","status-publish","format-standard","has-post-thumbnail","hentry","category-zpravy"],"_links":{"self":[{"href":"https:\/\/www.invarena.cz\/index.php?rest_route=\/wp\/v2\/posts\/22347","targetHints":{"allow":["GET"]}}],"collection":[{"href":"https:\/\/www.invarena.cz\/index.php?rest_route=\/wp\/v2\/posts"}],"about":[{"href":"https:\/\/www.invarena.cz\/index.php?rest_route=\/wp\/v2\/types\/post"}],"author":[{"embeddable":true,"href":"https:\/\/www.invarena.cz\/index.php?rest_route=\/wp\/v2\/users\/1"}],"replies":[{"embeddable":true,"href":"https:\/\/www.invarena.cz\/index.php?rest_route=%2Fwp%2Fv2%2Fcomments&post=22347"}],"version-history":[{"count":0,"href":"https:\/\/www.invarena.cz\/index.php?rest_route=\/wp\/v2\/posts\/22347\/revisions"}],"wp:featuredmedia":[{"embeddable":true,"href":"https:\/\/www.invarena.cz\/index.php?rest_route=\/wp\/v2\/media\/4001"}],"wp:attachment":[{"href":"https:\/\/www.invarena.cz\/index.php?rest_route=%2Fwp%2Fv2%2Fmedia&parent=22347"}],"wp:term":[{"taxonomy":"category","embeddable":true,"href":"https:\/\/www.invarena.cz\/index.php?rest_route=%2Fwp%2Fv2%2Fcategories&post=22347"},{"taxonomy":"post_tag","embeddable":true,"href":"https:\/\/www.invarena.cz\/index.php?rest_route=%2Fwp%2Fv2%2Ftags&post=22347"}],"curies":[{"name":"wp","href":"https:\/\/api.w.org\/{rel}","templated":true}]}}