{"id":22350,"date":"2015-08-10T10:01:15","date_gmt":"2015-08-10T08:01:15","guid":{"rendered":"http:\/\/www.invarena.cz\/?p=22350"},"modified":"2015-08-10T10:01:15","modified_gmt":"2015-08-10T08:01:15","slug":"novy-test-je-drahy-ale-voli-jej-stale-vice-matek","status":"publish","type":"post","link":"https:\/\/www.invarena.cz\/?p=22350","title":{"rendered":"Nov\u00fd test je drah\u00fd. Ale vol\u00ed jej st\u00e1le v\u00edce matek"},"content":{"rendered":"<p><strong>\u017deny, kter\u00e9 cht\u011bj\u00ed v\u011bd\u011bt, zda se jim narod\u00ed d\u00edt\u011b bez vad, se nech\u00e1vaj\u00ed testovat nej\u010dast\u011bji ve dvan\u00e1ct\u00e9m t\u00fddnu. Jde to i d\u0159\u00edve.<\/strong> <!--more--><\/p>\n<p>Brno \u2013 T\u00e9m\u011b\u0159 \u010dty\u0159i a p\u016fl tis\u00edce d\u011bt\u00ed se loni narodilo v Brn\u011b. S vyslechnut\u00edm vytou\u017een\u00fdch slov, \u010dek\u00e1te d\u00edt\u011b, pro matky krom\u011b radosti p\u0159ich\u00e1z\u00ed tak\u00e9 starosti. P\u0159edev\u0161\u00edm obava, zda se d\u00edt\u011b narod\u00ed zdrav\u00e9. &#8222;U ka\u017ed\u00e9 \u017eeny existuje t\u0159i a\u017e p\u011btiprocentn\u00ed \u0161ance, \u017ee se jej\u00ed d\u00edt\u011b narod\u00ed s v\u00fdvojovou vadou,&#8220; upozornila Marcela \u010cuprov\u00e1 z brn\u011bnsk\u00e9ho Centra prenat\u00e1ln\u00ed diagnostiky. L\u00e9pe se p\u0159ipravit, na p\u0159\u00edpadn\u00e9 probl\u00e9my pom\u00e1haj\u00ed speci\u00e1ln\u00ed testy. P\u0159ed rokem se na trh dostaly takov\u00e9, kter\u00e9 dok\u00e1\u017e\u00ed zjistit genetick\u00e9 vady u\u017e v des\u00e1t\u00e9m t\u00fddnu t\u011bhotenstv\u00ed. V Brn\u011b a okol\u00ed jich podle odborn\u00edk\u016f vyu\u017e\u00edv\u00e1 st\u00e1le v\u00edce matek.<\/p>\n<p>Zat\u00edmco p\u0159ed dvaceti lety musel k zji\u0161t\u011bn\u00ed genetick\u00fdch vad posta\u010dit takzvan\u00fd tripletest v patn\u00e1ct\u00e9m a\u017e osmn\u00e1ct\u00e9m t\u00fddnu t\u011bhotenstv\u00ed, dnes maj\u00ed \u017eeny mo\u017enost dozv\u011bd\u011bt se o genetick\u00fdch odchylk\u00e1ch d\u00edt\u011bte u\u017e o v\u00edce ne\u017e m\u011bs\u00edc d\u0159\u00edve. &#8222;Pouze z odb\u011bru krve matky zjist\u00edme, zda m\u00e1 d\u00edt\u011b n\u011bkterou z nej\u010dast\u011bj\u0161\u00edch genetick\u00fdch poruch. A\u0165 u\u017e Down\u016fv, Pata\u016fv nebo Edwards\u016fv syndrom a jin\u00e9 poruchy,&#8220; vysv\u011btlila Tereza Ag\u00e1ta Vesel\u00e1 z brn\u011bnsk\u00e9ho centra Repromeda, kter\u00e9 nab\u00edz\u00ed test PrenatalSafe.<\/p>\n<p>Dodala, \u017ee pokud je v\u00fdsledek pozitivn\u00ed, m\u016f\u017ee se \u017eena rozhodnout pro um\u011bl\u00e9 p\u0159eru\u0161en\u00ed t\u011bhotenstv\u00ed, kter\u00e9 je o dvan\u00e1ct\u00e9m t\u00fddnu mo\u017en\u00e9 jen po rozhodnut\u00ed l\u00e9ka\u0159\u016f.<\/p>\n<p>Takzvan\u00fdch neinvazivn\u00edch prenat\u00e1ln\u00edch test\u016f je na \u010desk\u00e9m trhu n\u011bkolik. Zat\u00edm tato metoda testov\u00e1n\u00ed ale nen\u00ed b\u011b\u017en\u00e1. Nev\u00fdhoda je cena. &#8222;Stoj\u00ed p\u0159es patn\u00e1ct tis\u00edc korun. P\u0159esto test u\u017e absolvovaly stovky \u017een,&#8220; upozornila Vesel\u00e1.<\/p>\n<p>Modern\u00ed test u\u017e v des\u00e1t\u00e9m t\u00fddnu se rozhodla zvolit t\u0159eba nast\u00e1vaj\u00edc\u00ed matka Zuzana Davidov\u00e1. &#8222;O d\u00edt\u011b jsme se dlouho sna\u017eili a p\u0159i\u0161lo a\u017e v \u0161estat\u0159iceti letech. Proto jsem se b\u00e1la r\u016fzn\u00fdch genetick\u00fdch vad. Za test jsem r\u00e1da, a\u010dkoliv cena mi p\u0159i\u0161la vysok\u00e1,&#8220; \u0159ekla.<\/p>\n<p>V\u011bt\u0161ina matek vol\u00ed kv\u016fli cen\u011b variantu testov\u00e1n\u00ed ve dvan\u00e1ct\u00e9m t\u00fddnu t\u011bhotenstv\u00ed. &#8222;U\u017e n\u011bkolik let vyu\u017e\u00edv\u00e1 devades\u00e1t procent \u017een takzvan\u00e9 NT plus biochemick\u00e9 vy\u0161et\u0159en\u00ed mezi dvan\u00e1ct\u00fdm a t\u0159in\u00e1ct\u00fdm t\u00fddnem. Nevyjde je na v\u00edc jak tis\u00edc korun. \u017den\u011b l\u00e9ka\u0159i ud\u011blaj\u00ed krevn\u00ed odb\u011br a ultrazvuk. Je to pro ni nen\u00e1ro\u010dn\u00e9 vy\u0161et\u0159en\u00ed,&#8220; popsala l\u00e9ka\u0159ka \u010cuprov\u00e1.<\/p>\n<p>Podle prim\u00e1\u0159e Gynekologicko-porodnick\u00e9 kliniky Fakultn\u00ed nemocnice Brno Petra Jank\u016f je p\u0159esnost t\u011bchto test\u016f vysok\u00e1. &#8222;Dosahuje a\u017e devades\u00e1ti procent,&#8220; uvedl.<\/p>\n<p>St\u00e1le obl\u00edben\u011bj\u0161\u00ed testy b\u011bhem t\u011bhotenstv\u00ed bez nutnosti z\u00e1sahu do t\u011bla je pak mo\u017en\u00e9 zvolit pr\u00e1v\u011b jako n\u00e1hradu odb\u011bru plodov\u00e9 vody, p\u0159i kter\u00e9m existuje riziko potratu. I ten m\u00e1 ale st\u00e1le v\u00fdznam. &#8222;Ve chv\u00edli, kdy se p\u0159i v\u010dasn\u00e9m vy\u0161et\u0159en\u00ed objev\u00ed patologie nebo nesrovnalost, m\u016f\u017ee tento test slou\u017eit jako metoda up\u0159esn\u011bn\u00ed posti\u017een\u00ed,&#8220; vysv\u011btlila gynekolo\u017eka Martina \u017delezn\u00e1 Teyschlov\u00e1.<\/p>\n<p>N\u011bkter\u00e9 \u017eeny prenat\u00e1ln\u00ed testy \u00fapln\u011b odm\u00edtaj\u00ed. Rozhodly se toti\u017e d\u00edt\u011b nechat, a\u0165 to je jakkoliv n\u00e1ro\u010dn\u00e9. &#8222;V\u011bt\u0161inou je to z n\u00e1bo\u017eensk\u00fdch d\u016fvod\u016f. V\u011bd\u00ed, \u017ee v t\u011bhotenstv\u00ed cht\u011bj\u00ed pokra\u010dovat v ka\u017ed\u00e9m p\u0159\u00edpad\u011b,&#8220; vysv\u011btlila \u010cuprov\u00e1.<\/p>\n<p>Ani genetick\u00e9 vy\u0161et\u0159en\u00ed ne\u0159e\u0161\u00ed v\u0161echny mo\u017en\u00e9 komplikace. &#8222;U d\u00edt\u011bte m\u016f\u017ee vzniknout vada t\u0159eba i t\u00edm, \u017ee si omot\u00e1 pupe\u010dn\u00edk kolem kon\u010detiny. Ta se m\u016f\u017ee \u0161patn\u011b vyv\u00edjet. Po\u0161kodit d\u00edt\u011b mohou taky matky alkoholi\u010dky nebo drogov\u011b z\u00e1visl\u00e9. Prenat\u00e1ln\u00ed netestuj\u00ed v\u0161echny existuj\u00edc\u00ed vady, ale jen genetick\u00e9 mutace,&#8220; zd\u016fraznila \u017delezn\u00e1 Teyschlov\u00e1.<\/p>\n<p>prenat\u00e1ln\u00ed testy<br \/>\nJsou to testy v pr\u016fb\u011bhu t\u011bhotenstv\u00ed. Zji\u0161\u0165uj\u00ed v\u00fdvojov\u00e9 vady plodu jako Down\u016fv syndrom.<br \/>\nZ\u00e1kladn\u00ed je NT + biochemick\u00fd test ve 11. \u2013 14. t\u00fddnu. Jeho cena nep\u0159ekro\u010d\u00ed 1 000 korun. M\u00e1 \u00fasp\u011b\u0161nost a\u017e 90%.<br \/>\nNov\u00fd test m\u00e1 \u00fasp\u011b\u0161nost 99% a d\u011bl\u00e1 se u\u017e v 10. t\u00fddnu. Stoj\u00ed ale 16 000 korun.<br \/>\nJedin\u00e1 stoprocentn\u00ed metoda je odb\u011br plodov\u00e9 vody nebo thoriov\u00fdch klk\u016f. Existuje u n\u011bj riziko potratu.<\/p>\n<p>GABRIELA PETRIKOV\u00c1<br \/>\nBlanensk\u00fd den\u00edk<br \/>\n<a href=\"http:\/\/blanensky.denik.cz\/\">http:\/\/blanensky.denik.cz\/<\/a><\/p>\n","protected":false},"excerpt":{"rendered":"<div class=\"mh-excerpt\"><p>\u017deny, kter\u00e9 cht\u011bj\u00ed v\u011bd\u011bt, zda se jim narod\u00ed d\u00edt\u011b bez vad, se nech\u00e1vaj\u00ed testovat nej\u010dast\u011bji ve dvan\u00e1ct\u00e9m t\u00fddnu. Jde to i d\u0159\u00edve.<\/p>\n<\/div>","protected":false},"author":1,"featured_media":16282,"comment_status":"open","ping_status":"closed","sticky":false,"template":"","format":"standard","meta":{"footnotes":""},"categories":[9],"tags":[],"class_list":["post-22350","post","type-post","status-publish","format-standard","has-post-thumbnail","hentry","category-zpravy"],"_links":{"self":[{"href":"https:\/\/www.invarena.cz\/index.php?rest_route=\/wp\/v2\/posts\/22350","targetHints":{"allow":["GET"]}}],"collection":[{"href":"https:\/\/www.invarena.cz\/index.php?rest_route=\/wp\/v2\/posts"}],"about":[{"href":"https:\/\/www.invarena.cz\/index.php?rest_route=\/wp\/v2\/types\/post"}],"author":[{"embeddable":true,"href":"https:\/\/www.invarena.cz\/index.php?rest_route=\/wp\/v2\/users\/1"}],"replies":[{"embeddable":true,"href":"https:\/\/www.invarena.cz\/index.php?rest_route=%2Fwp%2Fv2%2Fcomments&post=22350"}],"version-history":[{"count":0,"href":"https:\/\/www.invarena.cz\/index.php?rest_route=\/wp\/v2\/posts\/22350\/revisions"}],"wp:featuredmedia":[{"embeddable":true,"href":"https:\/\/www.invarena.cz\/index.php?rest_route=\/wp\/v2\/media\/16282"}],"wp:attachment":[{"href":"https:\/\/www.invarena.cz\/index.php?rest_route=%2Fwp%2Fv2%2Fmedia&parent=22350"}],"wp:term":[{"taxonomy":"category","embeddable":true,"href":"https:\/\/www.invarena.cz\/index.php?rest_route=%2Fwp%2Fv2%2Fcategories&post=22350"},{"taxonomy":"post_tag","embeddable":true,"href":"https:\/\/www.invarena.cz\/index.php?rest_route=%2Fwp%2Fv2%2Ftags&post=22350"}],"curies":[{"name":"wp","href":"https:\/\/api.w.org\/{rel}","templated":true}]}}