{"id":22351,"date":"2015-08-11T09:59:01","date_gmt":"2015-08-11T07:59:01","guid":{"rendered":"http:\/\/www.invarena.cz\/?p=22351"},"modified":"2015-08-11T10:00:10","modified_gmt":"2015-08-11T08:00:10","slug":"mandrage-vybrali-na-lecbu-matouse-pres-230-tisic-korun","status":"publish","type":"post","link":"https:\/\/www.invarena.cz\/?p=22351","title":{"rendered":"Mandrage vybrali na l\u00e9\u010dbu Matou\u0161e p\u0159es 230 tis\u00edc korun"},"content":{"rendered":"<p><strong>\u010ctrn\u00e1ctilet\u00fd Matou\u0161 Grill z P\u00edsku, kter\u00fd trp\u00ed d\u011btskou mozkovou obrnou, dostal \u0161anci, \u017ee se bude moci nau\u010dit ut\u00edkat. Jedno z jeho nejv\u011bt\u0161\u00edch \u017eivotn\u00edch p\u0159\u00e1n\u00ed mu pomohli p\u0159ibl\u00ed\u017eit muzikanti z kapely Mandrage, kte\u0159\u00ed pro n\u011bj ve\u010der v p\u0159\u00edbramsk\u00e9m letn\u00edm kin\u011b odehr\u00e1li koncert bez n\u00e1roku na honor\u00e1\u0159.<\/strong> <!--more--><\/p>\n<p>P\u00edsek, P\u0159\u00edbram \u2013 Nejen\u017ee p\u0159il\u00e1kali 1500 poslucha\u010d\u016f, ale hlavn\u011b vybrali p\u0159es 230 tis\u00edc korun, kter\u00e9 v\u011bnovali Matou\u0161ovi a jeho rodin\u011b. Za z\u00edskan\u00e9 pen\u00edze bude moci mlad\u00fd chlapec absolvovat dal\u0161\u00ed takzvanou Adeli terapii, kter\u00e1 je sice velmi n\u00e1kladn\u00e1, ale v minulosti dok\u00e1zala chlapce zvednout z invalidn\u00edho voz\u00edku a pomohla mu zvl\u00e1dnout prvn\u00ed kroky. &#8222;Koncert byl super, m\u00e1me radost, \u017ee dorazilo tolik lid\u00ed. Matou\u0161 Grill, kdy\u017e vid\u011bl davy m\u00ed\u0159\u00edc\u00ed k br\u00e1n\u011b letn\u00edho kina, \u0159\u00edkal: &#8222;Miluju lidi,&#8220; co\u017e vystihovalo cel\u00fd dne\u0161n\u00ed koncert. Kdy\u017e mu na konci v\u0161ichni dlouze aplaudovali, byli jsme dojati a\u017e k slz\u00e1m,&#8220; \u0159ekl po vystoupen\u00ed baskytarista z Mandrage Michal Faitl.<\/p>\n<p>Adeli terapie je l\u00e9\u010dba, kterou nehrad\u00ed zdravotn\u00ed poji\u0161\u0165ovny, a kter\u00e1 p\u0159ijde na 3000 eur bez ubytov\u00e1n\u00ed a cestovn\u00edch n\u00e1klad\u016f. Matou\u0161ovi u\u017e v minulosti pomohla nejen zlep\u0161it ch\u016fzi, minimalizovat skoli\u00f3zu p\u00e1te\u0159e, ale tak\u00e9 pozitivn\u011b p\u016fsob\u00ed na jeho poruchu \u0159e\u010di. L\u00e9ka\u0159i ji doporu\u010duj\u00ed opakovat jednou za t\u0159i m\u011bs\u00edce a to sahalo vysoko nad finan\u010dn\u00ed mo\u017enosti p\u00edseck\u00e9 rodiny Grillov\u00fdch. Proto se jim rozhodli pomoci hudebn\u00edci z Mandrage.<\/p>\n<p>Matou\u0161\u016fv t\u00e1ta toti\u017e jednak u\u010dil angli\u010dtinu na gymn\u00e1ziu, kde muzikanti studovali, ale tak\u00e9 na sv\u00e9m mini festivalu Houpa\u010dka a ve sv\u00e9m p\u00edseck\u00e9m klubu 3.14 po\u0159\u00e1dal prvn\u00ed kapelov\u00e9 koncerty. &#8222;D\u00edky tomu jsme m\u011bli mo\u017enost sezn\u00e1mit se jak s jeho \u017eenou G\u00e1binou, tak i s jeho d\u011btmi. A v\u011bzte, \u017ee tak skv\u011bl\u00fdch lid\u00ed, jak\u00fdmi jsou Grillovi, je na sv\u011bt\u011b jen m\u00e1lo,&#8220; dopl\u0148uje buben\u00edk Mandrage Maty\u00e1\u0161 Vorda.<\/p>\n<p>&#8222;D\u011bkujeme Mandrage a douf\u00e1me, \u017ee i d\u00edky jejich pomoci Matou\u0161 po sezen\u00ed na invalidn\u00edm voz\u00edku pro\u0161oupe prvn\u00ed boty,&#8220; \u0159\u00edk\u00e1 maminka chlapce G\u00e1bina Grillov\u00e1, podle kter\u00e9 je velk\u00fdm p\u0159\u00e1n\u00edm syna ut\u00edkat. &#8222;U\u017e te\u010f se \u010dasto o to pokou\u0161\u00ed, ale nedopad\u00e1 to dob\u0159e, zra\u0148uje se, za\u017e\u00edv\u00e1me neskute\u010dn\u00e9 p\u00e1dy, n\u011bkdy m\u00e1m pocit, \u017ee si vykloubil nohu a \u010dasto uva\u017euji, jestli jet do nemocnice \u010di ne. V\u0161ichni v\u011b\u0159\u00edme, \u017ee Adeli terapie mu jeho p\u0159\u00e1n\u00ed spln\u00ed,&#8220; dod\u00e1v\u00e1.<\/p>\n<p>P\u00edseck\u00fd den\u00edk<br \/>\n<a href=\"http:\/\/pisecky.denik.cz\/\">http:\/\/pisecky.denik.cz\/<\/a><\/p>\n","protected":false},"excerpt":{"rendered":"<div class=\"mh-excerpt\"><p>\u010ctrn\u00e1ctilet\u00fd Matou\u0161 Grill z P\u00edsku, kter\u00fd trp\u00ed d\u011btskou mozkovou obrnou, dostal \u0161anci, \u017ee se bude moci nau\u010dit ut\u00edkat. Jedno z jeho nejv\u011bt\u0161\u00edch \u017eivotn\u00edch p\u0159\u00e1n\u00ed mu <a class=\"mh-excerpt-more\" href=\"https:\/\/www.invarena.cz\/?p=22351\" title=\"Mandrage vybrali na l\u00e9\u010dbu Matou\u0161e p\u0159es 230 tis\u00edc korun\">[&#8230;]<\/a><\/p>\n<\/div>","protected":false},"author":1,"featured_media":19889,"comment_status":"open","ping_status":"closed","sticky":false,"template":"","format":"standard","meta":{"footnotes":""},"categories":[9],"tags":[],"class_list":["post-22351","post","type-post","status-publish","format-standard","has-post-thumbnail","hentry","category-zpravy"],"_links":{"self":[{"href":"https:\/\/www.invarena.cz\/index.php?rest_route=\/wp\/v2\/posts\/22351","targetHints":{"allow":["GET"]}}],"collection":[{"href":"https:\/\/www.invarena.cz\/index.php?rest_route=\/wp\/v2\/posts"}],"about":[{"href":"https:\/\/www.invarena.cz\/index.php?rest_route=\/wp\/v2\/types\/post"}],"author":[{"embeddable":true,"href":"https:\/\/www.invarena.cz\/index.php?rest_route=\/wp\/v2\/users\/1"}],"replies":[{"embeddable":true,"href":"https:\/\/www.invarena.cz\/index.php?rest_route=%2Fwp%2Fv2%2Fcomments&post=22351"}],"version-history":[{"count":0,"href":"https:\/\/www.invarena.cz\/index.php?rest_route=\/wp\/v2\/posts\/22351\/revisions"}],"wp:featuredmedia":[{"embeddable":true,"href":"https:\/\/www.invarena.cz\/index.php?rest_route=\/wp\/v2\/media\/19889"}],"wp:attachment":[{"href":"https:\/\/www.invarena.cz\/index.php?rest_route=%2Fwp%2Fv2%2Fmedia&parent=22351"}],"wp:term":[{"taxonomy":"category","embeddable":true,"href":"https:\/\/www.invarena.cz\/index.php?rest_route=%2Fwp%2Fv2%2Fcategories&post=22351"},{"taxonomy":"post_tag","embeddable":true,"href":"https:\/\/www.invarena.cz\/index.php?rest_route=%2Fwp%2Fv2%2Ftags&post=22351"}],"curies":[{"name":"wp","href":"https:\/\/api.w.org\/{rel}","templated":true}]}}