{"id":22352,"date":"2015-08-11T11:24:55","date_gmt":"2015-08-11T09:24:55","guid":{"rendered":"http:\/\/www.invarena.cz\/?p=22352"},"modified":"2015-08-11T11:24:55","modified_gmt":"2015-08-11T09:24:55","slug":"penize-na-socialni-sluzby-miri-ke-svym-adresatum","status":"publish","type":"post","link":"https:\/\/www.invarena.cz\/?p=22352","title":{"rendered":"Pen\u00edze na soci\u00e1ln\u00ed slu\u017eby m\u00ed\u0159\u00ed ke sv\u00fdm adres\u00e1t\u016fm"},"content":{"rendered":"<p><strong>Ministerstvo pr\u00e1ce a soci\u00e1ln\u00edch v\u011bc\u00ed zajistilo v rekordn\u00edm \u010dase odesl\u00e1n\u00ed 720 milion\u016f K\u010d kraj\u016fm a Hlavn\u00edmu m\u011bstu Praha. Finan\u010dn\u00ed prost\u0159edky jsou nezbytn\u00e9 na dofinancov\u00e1n\u00ed soci\u00e1ln\u00edch slu\u017eeb, kter\u00fdm hroz\u00ed omezen\u00ed nebo dokonce z\u00e1nik. Poskytovatel\u00e9 soci\u00e1ln\u00edch slu\u017eeb se tak budou moci v\u011bnovat sv\u00e9mu hlavn\u00edmu posl\u00e1n\u00ed, tedy pr\u00e1ci s klienty, a nikoli sh\u00e1n\u011bn\u00ed chyb\u011bj\u00edc\u00edch finan\u010dn\u00edch prost\u0159edk\u016f.<\/strong><br \/>\n<!--more--><br \/>\nVl\u00e1da vyhov\u011bla po\u017eadavku ministryn\u011b pr\u00e1ce a soci\u00e1ln\u00edch v\u011bc\u00ed Michaely Marksov\u00e9 na dofinancov\u00e1n\u00ed soci\u00e1ln\u00edch slu\u017eeb ohro\u017een\u00fdch omezen\u00edm \u010di z\u00e1nikem a nav\u00fd\u0161ila \u010d\u00e1stku ur\u010denou na dotace o 720 milion\u016f K\u010d. Ministerstvo pr\u00e1ce a soci\u00e1ln\u00edch v\u011bc\u00ed po tomto usnesen\u00ed vl\u00e1dy rychle p\u0159ipravilo v\u0161echny kroky k tomu, aby se finan\u010dn\u00ed prost\u0159edky dostaly, co nejrychleji kraj\u016fm a n\u00e1sledn\u011b poskytovatel\u016fm soci\u00e1ln\u00edch slu\u017eeb, kte\u0159\u00ed nemaj\u00ed dostate\u010dn\u00e9 finance na poskytov\u00e1n\u00ed slu\u017eeb, zejm\u00e9na zdravotn\u011b posti\u017een\u00fdm a senior\u016fm.<\/p>\n<p>Ministryn\u011b Michaela Marksov\u00e1 spolu s p\u0159edsedou vl\u00e1dy spole\u010dn\u00fdm dopisem apeluj\u00ed na jednotliv\u00e9 kraje a Hlavn\u00ed m\u011bsto Prahu, a\u0165 vzhledem ke slo\u017eit\u00e9 situaci v soci\u00e1ln\u00edch slu\u017eb\u00e1ch maxim\u00e1ln\u011b urychl\u00ed standardn\u00ed postupy pro distribuci prost\u0159edk\u016f poskytovatel\u016fm soci\u00e1ln\u00edch slu\u017eeb tak, aby nedo\u0161lo k jejich omezen\u00ed \u010di zru\u0161en\u00ed.<\/p>\n<p>Petr Hab\u00e1\u0148<br \/>\ntiskov\u00fd mluv\u010d\u00ed MPSV<\/p>\n","protected":false},"excerpt":{"rendered":"<div class=\"mh-excerpt\"><p>Ministerstvo pr\u00e1ce a soci\u00e1ln\u00edch v\u011bc\u00ed zajistilo v rekordn\u00edm \u010dase odesl\u00e1n\u00ed 720 milion\u016f K\u010d kraj\u016fm a Hlavn\u00edmu m\u011bstu Praha. Finan\u010dn\u00ed prost\u0159edky jsou nezbytn\u00e9 na dofinancov\u00e1n\u00ed soci\u00e1ln\u00edch <a class=\"mh-excerpt-more\" href=\"https:\/\/www.invarena.cz\/?p=22352\" title=\"Pen\u00edze na soci\u00e1ln\u00ed slu\u017eby m\u00ed\u0159\u00ed ke sv\u00fdm adres\u00e1t\u016fm\">[&#8230;]<\/a><\/p>\n<\/div>","protected":false},"author":1,"featured_media":13634,"comment_status":"open","ping_status":"closed","sticky":false,"template":"","format":"standard","meta":{"footnotes":""},"categories":[9],"tags":[],"class_list":["post-22352","post","type-post","status-publish","format-standard","has-post-thumbnail","hentry","category-zpravy"],"_links":{"self":[{"href":"https:\/\/www.invarena.cz\/index.php?rest_route=\/wp\/v2\/posts\/22352","targetHints":{"allow":["GET"]}}],"collection":[{"href":"https:\/\/www.invarena.cz\/index.php?rest_route=\/wp\/v2\/posts"}],"about":[{"href":"https:\/\/www.invarena.cz\/index.php?rest_route=\/wp\/v2\/types\/post"}],"author":[{"embeddable":true,"href":"https:\/\/www.invarena.cz\/index.php?rest_route=\/wp\/v2\/users\/1"}],"replies":[{"embeddable":true,"href":"https:\/\/www.invarena.cz\/index.php?rest_route=%2Fwp%2Fv2%2Fcomments&post=22352"}],"version-history":[{"count":0,"href":"https:\/\/www.invarena.cz\/index.php?rest_route=\/wp\/v2\/posts\/22352\/revisions"}],"wp:featuredmedia":[{"embeddable":true,"href":"https:\/\/www.invarena.cz\/index.php?rest_route=\/wp\/v2\/media\/13634"}],"wp:attachment":[{"href":"https:\/\/www.invarena.cz\/index.php?rest_route=%2Fwp%2Fv2%2Fmedia&parent=22352"}],"wp:term":[{"taxonomy":"category","embeddable":true,"href":"https:\/\/www.invarena.cz\/index.php?rest_route=%2Fwp%2Fv2%2Fcategories&post=22352"},{"taxonomy":"post_tag","embeddable":true,"href":"https:\/\/www.invarena.cz\/index.php?rest_route=%2Fwp%2Fv2%2Ftags&post=22352"}],"curies":[{"name":"wp","href":"https:\/\/api.w.org\/{rel}","templated":true}]}}