{"id":22354,"date":"2015-08-12T08:59:57","date_gmt":"2015-08-12T06:59:57","guid":{"rendered":"http:\/\/www.invarena.cz\/?p=22354"},"modified":"2015-08-12T08:59:57","modified_gmt":"2015-08-12T06:59:57","slug":"v-havirove-funguje-novy-ustav-pro-postizene-deti","status":"publish","type":"post","link":"https:\/\/www.invarena.cz\/?p=22354","title":{"rendered":"V Hav\u00ed\u0159ov\u011b funguje nov\u00fd \u00fastav pro posti\u017een\u00e9 d\u011bti"},"content":{"rendered":"<p><strong>V za\u0159\u00edzen\u00ed pro d\u011bti s ment\u00e1ln\u00edm posti\u017een\u00edm, nebo kombinovan\u00fdm ment\u00e1ln\u00edm a pohybov\u00fdm posti\u017een\u00edm m\u016f\u017ee \u017e\u00edt a\u017e 24 d\u011bt\u00ed<\/strong><!--more--><\/p>\n<p>Hav\u00ed\u0159ov \u2013 V zadn\u00ed \u010d\u00e1sti zahrady hav\u00ed\u0159ovsk\u00e9 nemocnice byl postaven a minul\u00fd t\u00fdden i slavnostn\u011b otev\u0159en \u00fastav pro d\u011bti s ment\u00e1ln\u00edm posti\u017een\u00edm.<\/p>\n<p>V objektu, jeho\u017e stavba si vy\u017e\u00e1dala 33 milion\u016f korun, m\u016f\u017ee bydlet 24 d\u011bt\u00ed. Za\u0159\u00edzen\u00ed je ur\u010deno pro d\u011bti s ment\u00e1ln\u00edm posti\u017een\u00edm, nebo kombinovan\u00fdm ment\u00e1ln\u00edm a pohybov\u00fdm posti\u017een\u00edm. Objekt nen\u00ed sou\u010d\u00e1st\u00ed nemocnice, jej\u00ed bl\u00edzkost je v\u0161ak v\u00fdhodn\u00e1. Provozovatelem je Moravskoslezsk\u00fd kraj.<\/p>\n<p>V pln\u011b bezbari\u00e9rov\u00e9 budov\u011b bydl\u00ed klienti v jednol\u016f\u017ekov\u00fdch a dvoul\u016f\u017ekov\u00fdch pokoj\u00edch s vlastn\u00edm soci\u00e1ln\u00edm za\u0159\u00edzen\u00edm. Mohou vyu\u017e\u00edvat nap\u0159\u00edklad terapeutickou m\u00edstnost nebo d\u00edlnu pro v\u00fdtvarn\u00e9 pr\u00e1ce. Pobytovou soci\u00e1ln\u00ed slu\u017ebu domova pro osoby se zdravotn\u00edm posti\u017een\u00edm poskytuje organizace Benjam\u00edn. &#8222;T\u00edmto dal\u0161\u00edm projektem, podpo\u0159en\u00fdm z Region\u00e1ln\u00edho opera\u010dn\u00edho programu, m\u016f\u017ee Moravskoslezsk\u00fd kraj p\u0159isp\u011bt k procesu transformace pobytov\u00fdch soci\u00e1ln\u00edch slu\u017eeb a umo\u017enit tak d\u011btem a ml\u00e1de\u017ei se zdravotn\u00edm posti\u017een\u00edm poskytnout kvalitn\u011bj\u0161\u00ed p\u00e9\u010di dle jejich individu\u00e1ln\u00edch pot\u0159eb,&#8220; sd\u011blil n\u00e1m\u011bstek hejtmana kraje pro soci\u00e1ln\u00ed z\u00e1le\u017eitosti Svatom\u00edr Recman.<\/p>\n<p>Dodal, \u017ee p\u0159\u00ednosem jsou nejen dispozi\u010dn\u011b a kapacitn\u011b p\u0159izp\u016fsoben\u00e9 prostory, ale i um\u00edst\u011bn\u00ed budovy v bl\u00edzkosti dal\u0161\u00edch slu\u017eeb pro u\u017eivatele, nap\u0159\u00edklad \u0161koly nebo za\u0159\u00edzen\u00ed pro voln\u00fd \u010das.<\/p>\n<p>Projekt Novostavba objektu pro osoby se zdravotn\u00edm posti\u017een\u00edm byl spolufinancov\u00e1n prost\u0159ednictv\u00edm ROP \u010d\u00e1stkou zhruba 23 milion\u016f korun, 10 milion\u016f korun dofinancoval Moravskoslezsk\u00fd kraj.<\/p>\n<p>LIBOR B\u011a\u010c\u00c1K<br \/>\nHav\u00ed\u0159ovsk\u00fd den\u00edk<br \/>\n<a href=\"http:\/\/www.havirovsky.denik.cz\/\">http:\/\/www.havirovsky.denik.cz\/<\/a><\/p>\n","protected":false},"excerpt":{"rendered":"<div class=\"mh-excerpt\"><p>V za\u0159\u00edzen\u00ed pro d\u011bti s ment\u00e1ln\u00edm posti\u017een\u00edm, nebo kombinovan\u00fdm ment\u00e1ln\u00edm a pohybov\u00fdm posti\u017een\u00edm m\u016f\u017ee \u017e\u00edt a\u017e 24 d\u011bt\u00ed<\/p>\n<\/div>","protected":false},"author":1,"featured_media":1827,"comment_status":"open","ping_status":"closed","sticky":false,"template":"","format":"standard","meta":{"footnotes":""},"categories":[9],"tags":[],"class_list":["post-22354","post","type-post","status-publish","format-standard","has-post-thumbnail","hentry","category-zpravy"],"_links":{"self":[{"href":"https:\/\/www.invarena.cz\/index.php?rest_route=\/wp\/v2\/posts\/22354","targetHints":{"allow":["GET"]}}],"collection":[{"href":"https:\/\/www.invarena.cz\/index.php?rest_route=\/wp\/v2\/posts"}],"about":[{"href":"https:\/\/www.invarena.cz\/index.php?rest_route=\/wp\/v2\/types\/post"}],"author":[{"embeddable":true,"href":"https:\/\/www.invarena.cz\/index.php?rest_route=\/wp\/v2\/users\/1"}],"replies":[{"embeddable":true,"href":"https:\/\/www.invarena.cz\/index.php?rest_route=%2Fwp%2Fv2%2Fcomments&post=22354"}],"version-history":[{"count":0,"href":"https:\/\/www.invarena.cz\/index.php?rest_route=\/wp\/v2\/posts\/22354\/revisions"}],"wp:featuredmedia":[{"embeddable":true,"href":"https:\/\/www.invarena.cz\/index.php?rest_route=\/wp\/v2\/media\/1827"}],"wp:attachment":[{"href":"https:\/\/www.invarena.cz\/index.php?rest_route=%2Fwp%2Fv2%2Fmedia&parent=22354"}],"wp:term":[{"taxonomy":"category","embeddable":true,"href":"https:\/\/www.invarena.cz\/index.php?rest_route=%2Fwp%2Fv2%2Fcategories&post=22354"},{"taxonomy":"post_tag","embeddable":true,"href":"https:\/\/www.invarena.cz\/index.php?rest_route=%2Fwp%2Fv2%2Ftags&post=22354"}],"curies":[{"name":"wp","href":"https:\/\/api.w.org\/{rel}","templated":true}]}}