{"id":22365,"date":"2015-09-28T08:55:27","date_gmt":"2015-09-28T06:55:27","guid":{"rendered":"http:\/\/www.invarena.cz\/?p=22365"},"modified":"2015-09-28T08:55:27","modified_gmt":"2015-09-28T06:55:27","slug":"handicapovane-dite-od-nahradni-matky-nikdo-nechtel-skoncilo-v-ustavu","status":"publish","type":"post","link":"https:\/\/www.invarena.cz\/?p=22365","title":{"rendered":"Handicapovan\u00e9 d\u00edt\u011b od n\u00e1hradn\u00ed matky nikdo necht\u011bl, skon\u010dilo v \u00fastavu"},"content":{"rendered":"<p><strong>Pr\u00e1v\u011b p\u0159ed rokem sv\u011bt vzru\u0161ila zpr\u00e1va, \u017ee australsk\u00fd p\u00e1r odm\u00edtl d\u00edt\u011b s Downov\u00fdm syndromem, kter\u00e9 jim porodila n\u00e1hradn\u00ed matka z Thajska.<\/strong><!--more--><\/p>\n<p>P\u0159evzal si pouze zdravou hol\u010di\u010dku, dvoj\u010de. Takov\u00fd p\u0159\u00edpad v\u0161ak u\u017e m\u00e1, bohu\u017eel, i \u010cesko.<br \/>\nZat\u00edmco australsk\u00fd p\u0159\u00edb\u011bh m\u011bl pro posti\u017een\u00e9ho chlape\u010dka dobr\u00fd konec, proto\u017ee si ho nechala n\u00e1hradn\u00ed matka, ten v \u010cesku skon\u010dil v d\u011btsk\u00e9m domov\u011b.<br \/>\nDnes u\u017e je tomuto chlapci rok a kv\u016fli vrozen\u00fdm vad\u00e1m, epilepsii a ochrnut\u00ed, ho necht\u011bli ani man\u017eel\u00e9, z jejich\u017e vaj\u00ed\u010dka a spermie vze\u0161el, ani n\u00e1hradn\u00ed matka, kter\u00e1 se ho vzdala hned v porodnici. Na p\u0159\u00edpad upozornila v srpnov\u00e9m vyd\u00e1n\u00ed odborn\u00e9ho \u010dasopisu Moje gynekologie l\u00e9ka\u0159ka z uherskohradi\u0161\u0165sk\u00e9 nemocnice Mark\u00e9ta Pektorov\u00e1. P\u0159\u00edpad publikovala s c\u00edlem rozproudit odbornou debatu nad etickou ot\u00e1zkou n\u00e1hradn\u00edho mate\u0159stv\u00ed u n\u00e1s a pr\u00e1v takto narozen\u00fdch d\u011bt\u00ed.<br \/>\nTato metoda nen\u00ed nijak legislativn\u011b zakotven\u00e1, jedinou zm\u00ednku obsahuje ob\u010dansk\u00fd z\u00e1kon\u00edk, kter\u00fd v\u0161ak pouze \u0159e\u0161\u00ed, \u017ee je mo\u017en\u00e9 v p\u0159\u00edpad\u011b n\u00e1hradn\u00edho mate\u0159stv\u00ed osvojen\u00ed d\u00edt\u011bte mezi p\u0159\u00edbuzn\u00fdmi. Zak\u00e1zan\u00e9 je v\u0161ak jasn\u00e9 kup\u010den\u00ed s n\u00e1hradn\u00edm mate\u0159stv\u00edm.<br \/>\nBiologick\u00fd otec je od za\u010d\u00e1tku napsan\u00fd jako otec d\u00edt\u011bte, tak\u017ee m\u00e1 ve\u0161ker\u00e1 pr\u00e1va a po porodu si d\u00edt\u011b m\u016f\u017ee p\u0159evz\u00edt. Biologick\u00e1 matka mus\u00ed po\u017e\u00e1dat o jeho osvojen\u00ed. <\/p>\n<p>N\u00e1hradn\u00ed matku si vybrali sami <\/p>\n<p>V praxi to funguje tak, \u017ee biologi\u010dt\u00ed rodi\u010de n\u00e1hradn\u00ed matce plat\u00ed (ofici\u00e1ln\u011b) jen zdravotn\u00ed n\u00e1klady a vy\u0161et\u0159en\u00ed. N\u00e1hradn\u00ed matka m\u00e1 na d\u00edt\u011b v\u0161echna pr\u00e1va, kter\u00fdch by se po porodu m\u011bla vzd\u00e1t. Pokud tak neu\u010din\u00ed a d\u00edt\u011b si nech\u00e1, biologi\u010dt\u00ed rodi\u010de s t\u00edm nic neud\u011blaj\u00ed a d\u00edt\u011b nevybojuj\u00ed.<br \/>\nP\u0159esto\u017ee v \u010cesku se takto ro\u010dn\u011b narod\u00ed des\u00edtky d\u011bt\u00ed, tento p\u0159\u00edpad z Uherskohradi\u0161\u0165ska se vymyk\u00e1. A z\u0159ejm\u011b je to u n\u00e1s v\u016fbec poprv\u00e9, kdy se takto narodilo d\u00edt\u011b, a pak ho nikdo necht\u011bl. <\/p>\n<p>Jak Pr\u00e1vo zjistilo, p\u016fvodn\u00edmi biologick\u00fdmi rodi\u010di jsou \u010dty\u0159icetilet\u00ed man\u017eel\u00e9 z ji\u017en\u00edch \u010cech.<br \/>\n\u017dena nemohla ot\u011bhotn\u011bt p\u0159irozenou cestou, proto\u017ee j\u00ed chyb\u011bla d\u011bloha. M\u011bla ale zachovan\u00e9 vaje\u010dn\u00edky a jej\u00ed mu\u017e m\u011bl zdrav\u00e9 spermie. D\u00edky tomu mohli podstoupit cyklus um\u011bl\u00e9ho oplodn\u011bn\u00ed, kter\u00e9 je hrazen\u00e9 zdravotn\u00ed poji\u0161\u0165ovnou. Jako n\u00e1hradn\u00ed matku si vybrali lehce ment\u00e1ln\u011b retardovanou p\u011btat\u0159icetiletou matku jednoho d\u00edt\u011bte z Uherskohradi\u0161\u0165ska, kter\u00e1 byla v t\u00e9 dob\u011b svobodn\u00e1. Spolu s n\u00ed p\u0159i\u0161li loni do zl\u00ednsk\u00e9ho centra reproduk\u010dn\u00ed medic\u00edny.<br \/>\n&#8222;O\u0161et\u0159uj\u00edc\u00ed l\u00e9ka\u0159 byl nejprve proti. N\u00e1hradn\u00ed maminka toti\u017e trp\u011bla epilepsi\u00ed. Po \u010dty\u0159ech n\u00e1v\u0161t\u011bv\u00e1ch ale podlehl jejich tlaku a pot\u00e9, co p\u0159inesli potvrzen\u00ed od o\u0161et\u0159uj\u00edc\u00ed l\u00e9ka\u0159ky, neurolo\u017eky, \u017ee je \u017eena zcela bez epileptick\u00fdch z\u00e1chvat\u016f, je schopn\u00e1 gravidity i odnosit d\u00edt\u011b, do programu ji za\u0159adil,&#8220; vysv\u011btlil Pr\u00e1vu \u0159editel centra David Rump\u00edk. <\/p>\n<p>Interrupci pr\u00fd nestihla <\/p>\n<p>Embryo se uchytilo a \u017eena ot\u011bhotn\u011bla. Probl\u00e9m nastal a\u017e pozd\u011bji. \u017dena odm\u00edtla zpo\u010d\u00e1tku t\u011bhotenstv\u00ed genetick\u00e9 testy, kter\u00e9 by mohly odhalit, \u017ee s plodem nen\u00ed n\u011bco v po\u0159\u00e1dku.<br \/>\nTak\u00e9 za\u010dala m\u00edt \u010dasto z\u00e1chvaty, kv\u016fli kter\u00fdm j\u00ed l\u00e9ka\u0159i zv\u00fd\u0161ili d\u00e1vky l\u00e9k\u016f na epilepsii. Jestli m\u011bly na v\u00fdvoj plodu n\u011bjak\u00fd vliv, t\u011b\u017eko \u0159\u00edct.<br \/>\nVe druh\u00e9m trimestru t\u011bhotenstv\u00ed, konkr\u00e9tn\u011b v 23. t\u00fddnu, l\u00e9ka\u0159i pomoc\u00ed ultrazvuku definitivn\u011b odhalili, \u017ee se d\u00edt\u011b nevyv\u00edj\u00ed, jak m\u00e1.<br \/>\nNalezli vrozenou vadu nohou i p\u00e1te\u0159e. &#8222;Od zl\u00ednsk\u00fdch genetik\u016f m\u011bla doporu\u010den\u00ed k p\u0159eru\u0161en\u00ed t\u011bhotenstv\u00ed,&#8220; popsal Rump\u00edk.<br \/>\nJen\u017ee term\u00edn na ukon\u010den\u00ed t\u011bhotenstv\u00ed \u017eena u\u017e nestihla. \u00dadajn\u011b tvrdila, \u017ee byla \u010dasov\u011b zanepr\u00e1zdn\u011bn\u00e1. L\u00e9ka\u0159i mohou prov\u00e9st interrupci do konce 24. t\u00fddne t\u011bhotenstv\u00ed. Je to ale v\u00fdjimka pro p\u0159\u00edpad genetick\u00fdch vad plodu, jinak mohou um\u011ble p\u0159eru\u0161it t\u011bhotenstv\u00ed jen do konce 12. t\u00fddne.<br \/>\nPr\u00e1v\u011b v ten okam\u017eik se man\u017eel\u00e9 d\u00edt\u011bte vzdali. N\u00e1hradn\u00ed matka chlape\u010dka donosila a porodila. Stejn\u011b jako biologick\u00fd otec souhlasila s jeho um\u00edst\u011bn\u00edm do \u00fastavu.<br \/>\nPo narozen\u00ed chlape\u010dek musel str\u00e1vit m\u011bs\u00edc na d\u011btsk\u00e9 klinice, kde mu operovali p\u00e1te\u0159 a sna\u017eili se s\u00e1drami srovnat vto\u010den\u00e9 no\u017ei\u010dky. Pak jej p\u0159evezli do d\u011btsk\u00e9ho domova.<br \/>\nVzhledem k tomu, \u017ee od narozen\u00ed trp\u00ed epileptick\u00fdmi z\u00e1chvaty a m\u00e1 ochrnut\u00e9 nohy, pot\u0159ebuje nep\u0159etr\u017eit\u00fd odborn\u00fd dohled a p\u00e9\u010di. Vylou\u010den\u00e1 tak\u00e9 nen\u00ed ani ment\u00e1ln\u00ed retardace.<br \/>\n&#8222;Je to ne\u0161\u0165astn\u00fd p\u0159\u00edpad, kter\u00fd se ned\u00e1 zobec\u0148ovat. Douf\u00e1m, \u017ee to je p\u0159\u00edpad zcela ojedin\u011bl\u00fd, kter\u00fd se nebude opakovat, ale m\u011blo by to b\u00fdt mementem,&#8220; okomentoval v\u010dera pro Pr\u00e1vo smutn\u00fd p\u0159\u00edpad Vladim\u00edr Dvo\u0159\u00e1k, m\u00edstop\u0159edseda \u010cesk\u00e9 gynekologicko-porodnick\u00e9 spole\u010dnosti.<br \/>\n&#8222;V tomto p\u0159\u00edpad\u011b nebyla vhodn\u011b vybran\u00e1 \u017eena, kter\u00e1 m\u011bla oplodn\u011bn\u00e9 vaj\u00ed\u010dko donosit. N\u00e1hradn\u00ed matka by m\u011bla b\u00fdt v\u017edy zcela zdrav\u00e1. Na druhou stranu lid\u00e9, kte\u0159\u00ed tuto mo\u017enost vyu\u017eij\u00ed, by si m\u011bli p\u0159edem uv\u011bdomit, \u017ee t\u011bhotenstv\u00ed ani porod nemus\u00ed v\u017edy prob\u00edhat bez komplikac\u00ed, a m\u011bli by v\u0161e p\u0159edem \u0159\u00e1dn\u011b zv\u00e1\u017eit,&#8220; dodal. <\/p>\n<p>Selhala komunikace <\/p>\n<p>S t\u00edm souhlas\u00ed i Rump\u00edk. &#8222;Osobn\u011b tady vid\u00edm, \u017ee do\u0161lo k selh\u00e1n\u00ed komunikace mezi n\u00e1hradn\u00ed maminkou a rodi\u010di. My jsme odk\u00e1zan\u00ed na to, jakou n\u00e1hradn\u00ed matku si p\u00e1ry p\u0159ivedou, nem\u016f\u017eeme je sami vyhled\u00e1vat ani oslovovat,&#8220; \u0159ekl.<br \/>\nVysv\u011btlil, \u017ee pokud m\u00e1 \u017eena pot\u0159ebn\u00e1 odborn\u00e1 vy\u0161et\u0159en\u00ed, jej\u00ed zdrav\u00ed tomu nebr\u00e1n\u00ed, je p\u0159\u00ed\u010detn\u00e1 a m\u00e1 \u010desk\u00e9 ob\u010danstv\u00ed, nen\u00ed d\u016fvod takov\u00fdm \u017eadatel\u016fm nevyhov\u011bt. Uvedl, \u017ee mo\u017enost n\u00e1hradn\u00edho mate\u0159stv\u00ed jako takov\u00e1 by se zavrhovat nem\u011bla.<br \/>\n&#8222;I dokto\u0159i to berou jako trag\u00e9dii, je to v\u011bc, kter\u00e1 by se d\u00edt nem\u011bla,&#8220; uzav\u0159el.<\/p>\n","protected":false},"excerpt":{"rendered":"<div class=\"mh-excerpt\"><p>Pr\u00e1v\u011b p\u0159ed rokem sv\u011bt vzru\u0161ila zpr\u00e1va, \u017ee australsk\u00fd p\u00e1r odm\u00edtl d\u00edt\u011b s Downov\u00fdm syndromem, kter\u00e9 jim porodila n\u00e1hradn\u00ed matka z Thajska.<\/p>\n<\/div>","protected":false},"author":1,"featured_media":0,"comment_status":"open","ping_status":"closed","sticky":false,"template":"","format":"standard","meta":{"footnotes":""},"categories":[9],"tags":[],"class_list":["post-22365","post","type-post","status-publish","format-standard","hentry","category-zpravy"],"_links":{"self":[{"href":"https:\/\/www.invarena.cz\/index.php?rest_route=\/wp\/v2\/posts\/22365","targetHints":{"allow":["GET"]}}],"collection":[{"href":"https:\/\/www.invarena.cz\/index.php?rest_route=\/wp\/v2\/posts"}],"about":[{"href":"https:\/\/www.invarena.cz\/index.php?rest_route=\/wp\/v2\/types\/post"}],"author":[{"embeddable":true,"href":"https:\/\/www.invarena.cz\/index.php?rest_route=\/wp\/v2\/users\/1"}],"replies":[{"embeddable":true,"href":"https:\/\/www.invarena.cz\/index.php?rest_route=%2Fwp%2Fv2%2Fcomments&post=22365"}],"version-history":[{"count":0,"href":"https:\/\/www.invarena.cz\/index.php?rest_route=\/wp\/v2\/posts\/22365\/revisions"}],"wp:attachment":[{"href":"https:\/\/www.invarena.cz\/index.php?rest_route=%2Fwp%2Fv2%2Fmedia&parent=22365"}],"wp:term":[{"taxonomy":"category","embeddable":true,"href":"https:\/\/www.invarena.cz\/index.php?rest_route=%2Fwp%2Fv2%2Fcategories&post=22365"},{"taxonomy":"post_tag","embeddable":true,"href":"https:\/\/www.invarena.cz\/index.php?rest_route=%2Fwp%2Fv2%2Ftags&post=22365"}],"curies":[{"name":"wp","href":"https:\/\/api.w.org\/{rel}","templated":true}]}}