{"id":22369,"date":"2015-08-13T08:40:17","date_gmt":"2015-08-13T06:40:17","guid":{"rendered":"http:\/\/www.invarena.cz\/?p=22369"},"modified":"2015-08-13T08:40:17","modified_gmt":"2015-08-13T06:40:17","slug":"cykliste-v-jesenikach-pomahaji-handicapovanym","status":"publish","type":"post","link":"https:\/\/www.invarena.cz\/?p=22369","title":{"rendered":"Cyklist\u00e9 v Jesen\u00edk\u00e1ch pom\u00e1haj\u00ed handicapovan\u00fdm"},"content":{"rendered":"<p><strong>Cel\u00e9 l\u00e9to mohou lid\u00e9 d\u00edky projektu &#8222;Birell j\u00edzda&#8220; pom\u00e1hat handicapovan\u00fdm, jejich\u017e snem je vr\u00e1tit se zp\u011bt na kolo.<\/strong> <!--more--><\/p>\n<p>Jesen\u00edky \u2013 Sta\u010d\u00ed projet na kole pod speci\u00e1ln\u00ed br\u00e1nou, kter\u00e1 putuje po \u010desk\u00fdch cyklostezk\u00e1ch. Za ka\u017ed\u00e9ho cyklistu, kter\u00fd branou projede, se p\u0159i\u010dte na konto 5 korun. Celkov\u00e1 suma bude v\u011bnov\u00e1na na n\u00e1kup kol a handbik\u016f pro handicapovan\u00e9. Handicapovan\u00ed, kter\u00e9 z\u00e1ke\u0159n\u00e1 nemoc \u010di \u00faraz zat\u00edm nepust\u00ed zp\u00e1tky na kolo, jsou ke spln\u011bn\u00ed sv\u00e9ho snu zase o kus bl\u00ed\u017ee. Od p\u00e1tku 7. srpna do ned\u011ble 9. srpna v Jesen\u00edk\u00e1ch pro n\u011b5 317 lid\u00ed vyjelo \u010d\u00e1stku 26 585 K\u010d.<\/p>\n<p>Mezi nimi podpo\u0159ilo handicapovan\u00e9 tak\u00e9 veden\u00ed obce \u010cern\u00e1 Voda. Birell br\u00e1nou na Rychlebsk\u00fdch stezk\u00e1ch projeli starosta \u010cern\u00e9 Vody Zden\u011bk Be\u0165\u00e1k a m\u00edstostarosta Ji\u0159\u00ed N\u00e1tr.<\/p>\n<p>\u017de se z\u00edsk\u00e1 dostatek pen\u011bz, v\u011b\u0159\u00ed p\u011btadvacetilet\u00fd Pavel Bro\u017e z Nov\u00e9ho M\u011bsta na Morav\u011b, kter\u00fd je v\u00e1\u0161niv\u00fd sportovec a navzdory sv\u00e9mu handicapu se chce vr\u00e1tit k cyklistice. Nechyb\u00ed mu ani chu\u0165, ani vytrvalost. Jedin\u00e9, co mu chyb\u00ed, je handbike, na kter\u00e9m by mohl jezdit a z\u00e1vodit.<\/p>\n<p>Sv\u00fdm pohybem mohou lid\u00e9 Pavlovi a dal\u0161\u00edm handicapovan\u00fdm pom\u00e1hat i nad\u00e1le. Birell br\u00e1na bude na cyklostezk\u00e1ch a\u017e do 31. srpna a pomoct tak m\u016f\u017ee ka\u017ed\u00fd. \u010c\u00edm v\u00edce lid\u00ed projede, t\u00edm vy\u0161\u0161\u00ed \u010d\u00e1stka p\u016fjde na kola a handbiky. Seznam zast\u00e1vek najdete na www.birelljizda.cz.<\/p>\n<p>Brunt\u00e1lsk\u00fd a Krnovsk\u00fd den\u00edk<br \/>\n<a href=\"http:\/\/www.bruntalsky.denik.cz\/\">http:\/\/www.bruntalsky.denik.cz\/<\/a><\/p>\n","protected":false},"excerpt":{"rendered":"<div class=\"mh-excerpt\"><p>Cel\u00e9 l\u00e9to mohou lid\u00e9 d\u00edky projektu &#8222;Birell j\u00edzda&#8220; pom\u00e1hat handicapovan\u00fdm, jejich\u017e snem je vr\u00e1tit se zp\u011bt na kolo.<\/p>\n<\/div>","protected":false},"author":1,"featured_media":10390,"comment_status":"open","ping_status":"closed","sticky":false,"template":"","format":"standard","meta":{"footnotes":""},"categories":[9],"tags":[],"class_list":["post-22369","post","type-post","status-publish","format-standard","has-post-thumbnail","hentry","category-zpravy"],"_links":{"self":[{"href":"https:\/\/www.invarena.cz\/index.php?rest_route=\/wp\/v2\/posts\/22369","targetHints":{"allow":["GET"]}}],"collection":[{"href":"https:\/\/www.invarena.cz\/index.php?rest_route=\/wp\/v2\/posts"}],"about":[{"href":"https:\/\/www.invarena.cz\/index.php?rest_route=\/wp\/v2\/types\/post"}],"author":[{"embeddable":true,"href":"https:\/\/www.invarena.cz\/index.php?rest_route=\/wp\/v2\/users\/1"}],"replies":[{"embeddable":true,"href":"https:\/\/www.invarena.cz\/index.php?rest_route=%2Fwp%2Fv2%2Fcomments&post=22369"}],"version-history":[{"count":0,"href":"https:\/\/www.invarena.cz\/index.php?rest_route=\/wp\/v2\/posts\/22369\/revisions"}],"wp:featuredmedia":[{"embeddable":true,"href":"https:\/\/www.invarena.cz\/index.php?rest_route=\/wp\/v2\/media\/10390"}],"wp:attachment":[{"href":"https:\/\/www.invarena.cz\/index.php?rest_route=%2Fwp%2Fv2%2Fmedia&parent=22369"}],"wp:term":[{"taxonomy":"category","embeddable":true,"href":"https:\/\/www.invarena.cz\/index.php?rest_route=%2Fwp%2Fv2%2Fcategories&post=22369"},{"taxonomy":"post_tag","embeddable":true,"href":"https:\/\/www.invarena.cz\/index.php?rest_route=%2Fwp%2Fv2%2Ftags&post=22369"}],"curies":[{"name":"wp","href":"https:\/\/api.w.org\/{rel}","templated":true}]}}