{"id":22378,"date":"2015-08-17T10:57:00","date_gmt":"2015-08-17T08:57:00","guid":{"rendered":"http:\/\/www.invarena.cz\/?p=22378"},"modified":"2015-08-18T21:09:32","modified_gmt":"2015-08-18T19:09:32","slug":"zena-se-slitovala-nad-dezorientovanym-slo-o-pohresovaneho-postizeneho-mladika","status":"publish","type":"post","link":"https:\/\/www.invarena.cz\/?p=22378","title":{"rendered":"\u017dena se slitovala nad dezorientovan\u00fdm. \u0160lo o poh\u0159e\u0161ovan\u00e9ho posti\u017een\u00e9ho mlad\u00edka"},"content":{"rendered":"<p><strong>Starost o zdrav\u00ed sv\u00e9ho 19let\u00e9ho posti\u017een\u00e9ho syna, kter\u00fd se nevr\u00e1til p\u0159es noc dom\u016f, si v sobotu dopoledne d\u011blala jeho maminka.<\/strong> <!--more--><\/p>\n<p>Zl\u00edn \u2013 Ve Zl\u00edn\u011b i okol\u00ed se rozb\u011bhlo p\u00e1tr\u00e1n\u00ed. Z\u00e1sadn\u00ed roli v n\u011bm sehr\u00e1lo ozn\u00e1men\u00ed \u017eeny, kter\u00e9 nebyl lhostejn\u00fd osud ciz\u00edho \u010dlov\u011bka. &#8222;\u010cty\u0159icet minut po poledni p\u0159ijalo st\u00e1l\u00e9 opera\u010dn\u00ed centrum M\u011bstsk\u00e9 policie Zl\u00edn hovor od p\u011bta\u0161edes\u00e1tilet\u00e9 obyvatelky m\u00edstn\u00ed \u010d\u00e1sti Malenovice. Ta si pov\u0161imla dezorientovan\u00e9ho mu\u017ee, kter\u00fd se ji\u017e chv\u00edli pohyboval v bl\u00edzkosti jej\u00edho domu. Proto\u017ee se j\u00ed zd\u00e1l dehydrovan\u00fd, poskytla mu dokonce dv\u011b sklenice vody, kter\u00e9 doty\u010dn\u00fd s povd\u011bkem p\u0159ijal,&#8220; popsal z\u00e1stupce \u0159editele zl\u00ednsk\u00fdch str\u00e1\u017en\u00edk\u016f Pavel Jan\u00edk. Hl\u00eddka zjistila, \u017ee se jedn\u00e1 o poh\u0159e\u0161ovan\u00e9ho mu\u017ee.<\/p>\n<p>Krom\u011b\u0159\u00ed\u017esk\u00fd den\u00edk<br \/>\n<a href=\"http:\/\/kromerizsky.denik.cz\/\">http:\/\/kromerizsky.denik.cz\/<\/a><\/p>\n","protected":false},"excerpt":{"rendered":"<div class=\"mh-excerpt\"><p>Starost o zdrav\u00ed sv\u00e9ho 19let\u00e9ho posti\u017een\u00e9ho syna, kter\u00fd se nevr\u00e1til p\u0159es noc dom\u016f, si v sobotu dopoledne d\u011blala jeho maminka.<\/p>\n<\/div>","protected":false},"author":1,"featured_media":14227,"comment_status":"open","ping_status":"closed","sticky":false,"template":"","format":"standard","meta":{"footnotes":""},"categories":[9],"tags":[],"class_list":["post-22378","post","type-post","status-publish","format-standard","has-post-thumbnail","hentry","category-zpravy"],"_links":{"self":[{"href":"https:\/\/www.invarena.cz\/index.php?rest_route=\/wp\/v2\/posts\/22378","targetHints":{"allow":["GET"]}}],"collection":[{"href":"https:\/\/www.invarena.cz\/index.php?rest_route=\/wp\/v2\/posts"}],"about":[{"href":"https:\/\/www.invarena.cz\/index.php?rest_route=\/wp\/v2\/types\/post"}],"author":[{"embeddable":true,"href":"https:\/\/www.invarena.cz\/index.php?rest_route=\/wp\/v2\/users\/1"}],"replies":[{"embeddable":true,"href":"https:\/\/www.invarena.cz\/index.php?rest_route=%2Fwp%2Fv2%2Fcomments&post=22378"}],"version-history":[{"count":0,"href":"https:\/\/www.invarena.cz\/index.php?rest_route=\/wp\/v2\/posts\/22378\/revisions"}],"wp:featuredmedia":[{"embeddable":true,"href":"https:\/\/www.invarena.cz\/index.php?rest_route=\/wp\/v2\/media\/14227"}],"wp:attachment":[{"href":"https:\/\/www.invarena.cz\/index.php?rest_route=%2Fwp%2Fv2%2Fmedia&parent=22378"}],"wp:term":[{"taxonomy":"category","embeddable":true,"href":"https:\/\/www.invarena.cz\/index.php?rest_route=%2Fwp%2Fv2%2Fcategories&post=22378"},{"taxonomy":"post_tag","embeddable":true,"href":"https:\/\/www.invarena.cz\/index.php?rest_route=%2Fwp%2Fv2%2Ftags&post=22378"}],"curies":[{"name":"wp","href":"https:\/\/api.w.org\/{rel}","templated":true}]}}