{"id":22381,"date":"2015-08-14T11:11:39","date_gmt":"2015-08-14T09:11:39","guid":{"rendered":"http:\/\/www.invarena.cz\/?p=22381"},"modified":"2015-08-14T11:11:39","modified_gmt":"2015-08-14T09:11:39","slug":"fotbal-je-laska-partakum-z-domova-na-zamku-vynesla-olympijske-stribro","status":"publish","type":"post","link":"https:\/\/www.invarena.cz\/?p=22381","title":{"rendered":"Fotbal je l\u00e1ska. Par\u0165\u00e1k\u016fm z Domova na z\u00e1mku vynesla olympijsk\u00e9 st\u0159\u00edbro"},"content":{"rendered":"<p><strong>Pe\u010dovatel Martin Dvo\u0159\u00e1k a jeho sv\u011b\u0159enec Pavel Urban zabodovali v Los Angeles<\/strong> <!--more--><\/p>\n<p>Bystr\u00e9 \u2013 Aktivity hendikepovan\u00fdch? To nen\u00ed jen v\u00fdpomoc v kuchyni, \u010di d\u016fkladn\u00e1 detailn\u00ed pr\u00e1ce v d\u00edln\u00e1ch. N\u011bkte\u0159\u00ed z nich miluj\u00ed sport natolik, \u017ee v n\u011bm dok\u00e1\u017e\u00ed excelovat a je\u0161t\u011b sb\u00edrat medaile.<\/p>\n<p>Pavel Urban je osobou s ment\u00e1ln\u00edm posti\u017een\u00edm, ale na jeho l\u00e1sce ke sportu mu to pranic neub\u00edr\u00e1. Osudov\u00e9 pro n\u011bj bylo setk\u00e1n\u00ed s lidmi z Domova na z\u00e1mku v Bystr\u00e9m p\u0159ed sedmadvaceti lety. Tady se za\u010dal naplno v\u011bnovat sportu. Tady si obl\u00edbil vyb\u00edjenou, stoln\u00ed tenis, atletiku nebo b\u011b\u017eky. &#8222;P\u0159ed osmn\u00e1cti lety jsem na\u0161\u00ed republiku reprezentoval pr\u00e1v\u011b v b\u011bhu na ly\u017e\u00edch na speci\u00e1ln\u00ed olympi\u00e1d\u011b v Kanad\u011b. Vyhr\u00e1l jsem tam zlato,&#8220; \u0159\u00edk\u00e1 Pavel Urban, p\u0159i\u010dem\u017e skromn\u011b zabo\u0159\u00ed pohled do zem\u011b, lehce se usm\u011bje a pokr\u010d\u00ed rameny.<\/p>\n<p>V t\u00e9 dob\u011b se potkal s Martinem Dvo\u0159\u00e1kem, pracovn\u00edkem domova, s n\u00edm\u017e se stali par\u0165\u00e1ky v dobr\u00e9m i ve zl\u00e9m.&#8220;Dneska u\u017e spolu tolik nesportujeme, proto\u017ee jsem te\u010f ve vedouc\u00ed funkci. Ale kdy\u017e jsme spolu za\u010d\u00ednali ve skupin\u011b a tr\u00e1vili spolu ka\u017ed\u00fd den, ke sportu jsme vyu\u017eili ka\u017ed\u00e9 p\u0159\u00edhodn\u00e9 odpoledne. Pavel te\u010f chod\u00ed sportovat i s\u00e1m a obl\u00edbil si kolo,&#8220; p\u0159ibli\u017euje Martin Dvo\u0159\u00e1k, vedouc\u00ed p\u0159\u00edm\u00e9 p\u00e9\u010de pro klienty Domova na z\u00e1mku.<\/p>\n<p>Pavel je ti\u0161\u0161\u00ed pohodov\u00fd \u010dlov\u011bk, to jeho n\u011bkdej\u0161\u00ed vychovatel si r\u00e1d popov\u00edd\u00e1, sna\u017e\u00ed se jej za\u010dlenit. Spole\u010dn\u00e9 maj\u00ed to, \u017ee ze srdce miluj\u00ed fotbal, i kdy\u017e ho hraj\u00ed jen rekrea\u010dn\u011b. P\u0159esto se pod\u00edvali s n\u00e1rodn\u00edm mu\u017estvem na letn\u00ed Hry speci\u00e1ln\u00edch olympi\u00e1d do Los Angeles, kter\u00e1 zakon\u010dila svou pou\u0165 minul\u00fd t\u00fdden. Vloni toti\u017e zaujal na turnaji a nominace do reprezentace u\u017e nebyla daleko. Za mo\u0159e vyr\u00e1\u017eeli s pr\u00e1zdnou, zp\u00e1tky na \u010desk\u00e9 leti\u0161t\u011b se u\u017e vraceli obt\u011b\u017ek\u00e1ni st\u0159\u00edbrnou medail\u00ed. &#8222;Je p\u0159\u00edjemn\u00e9 vid\u011bt ho, jak roste sportovn\u011b a lidsky,&#8220; m\u00edn\u00ed Martin Dvo\u0159\u00e1k. Urban se na skv\u011bl\u00e9m v\u00fdsledku \u010desk\u00e9ho t\u00fdmu podepsal p\u011bti g\u00f3ly. &#8222;Fotbal to byl v\u00e1\u017en\u011b dobr\u00fd. Porazili jsme i Ameri\u010dany, jen ve fin\u00e1le u\u017e jsme nedok\u00e1zali vyhr\u00e1t. J\u00e1 jsem ale spokojen\u00fd,&#8220; \u0159\u00edk\u00e1 Urban. Martin Dvo\u0159\u00e1k mu u t\u00e9to \u017eivotn\u00ed ud\u00e1losti sekundoval coby jako jeden z partner\u016f v t\u00fdmu, ka\u017ed\u00fd hr\u00e1\u010d ho m\u00e1. D\u016fv\u011bra proto mus\u00ed fungovat na h\u0159i\u0161ti i mimo n\u011bj. &#8222;V\u011b\u0159\u00ed mi. Kdy\u017e pot\u0159ebuje s n\u011b\u010d\u00edm poradit, obrac\u00ed se na m\u011b a nejde t\u0159eba za d\u011bv\u010daty,&#8220; p\u0159izn\u00e1v\u00e1 Dvo\u0159\u00e1k. Pro oba to byl nav\u00edc prvn\u00ed mezin\u00e1rodn\u00ed \u00fasp\u011bch, by\u0165 u\u017e spolu absolvovali spoustu n\u00e1rodn\u00edch akc\u00ed.&#8220; I pro m\u011b to bylo pod\u011bkov\u00e1n\u00ed za tu pr\u00e1ci a \u017ee jsme spolu str\u00e1vili spoustu \u010dasu, i po tren\u00e9rsk\u00e9 str\u00e1nce,&#8220; pot\u011b\u0161ilo Dvo\u0159\u00e1ka. &#8222;Je to n\u00e1dhern\u00e9, ale je\u0161t\u011b jsme to neoslavili,&#8220; usm\u00edv\u00e1 se Pavel Urban, kter\u00e9ho v\u0161ak je\u0161t\u011b \u010dek\u00e1 setk\u00e1n\u00ed v Domov\u011b na z\u00e1mku a b\u011bhem Z\u00e1meck\u00fdch slavnost\u00ed mu ofici\u00e1ln\u011b pod\u011bkuj\u00ed za reprezentaci na speci\u00e1ln\u00ed olympi\u00e1d\u011b. &#8222;Moc se na to t\u011b\u0161\u00edm,&#8220; dod\u00e1v\u00e1. &#8222;Budou tam p\u011bkn\u00e9 holky,vi\u010f?&#8220;obrac\u00ed se na n\u011bj rozesm\u00e1t\u00fd Dvo\u0159\u00e1k.<\/p>\n<p>Jak to b\u00fdv\u00e1 tak\u00e9 u profi sportovc\u016f, te\u010f ho \u010dek\u00e1 odpo\u010dinek. Cyklov\u00fdlety, turnaj v p\u0159ehazovan\u00e9, konan\u00fd v m\u00edst\u011b slavn\u00e9ho turnaje v D\u0159evenici. A spole\u010dn\u011b vyhl\u00ed\u017eej\u00ed tak\u00e9 sv\u011btovou zimn\u00ed speci\u00e1ln\u00ed olympi\u00e1du za dva roky v Rakousku. &#8222;V\u011b\u0159\u00edm mu, \u017ee se tam dostane,&#8220; m\u00edn\u00ed Dvo\u0159\u00e1k. Ten nejv\u011bt\u0161\u00ed c\u00edl si v\u0161ak v Americe u\u017e splnil. \u010cekaj\u00ed ho ov\u0161em i \u017eivotn\u00ed mety. &#8222;Pavel se t\u011b\u0161\u00ed, \u017ee jednou bude \u017e\u00edt v chr\u00e1n\u011bn\u00e9m bydlen\u00ed, co\u017e je i jeho c\u00edl. R\u00e1d by uk\u00e1zal, \u017ee i samostatn\u00e9 bydlen\u00ed zvl\u00e1dne samostatn\u011b. P\u0159eji mu to,&#8220;uzav\u0159el Martin Dvo\u0159\u00e1k.<\/p>\n<p>BOHUSLAV STEHNO<br \/>\nSvitavsk\u00fd den\u00edk<br \/>\n<a href=\"http:\/\/svitavsky.denik.cz\/\">http:\/\/svitavsky.denik.cz\/<\/a><\/p>\n","protected":false},"excerpt":{"rendered":"<div class=\"mh-excerpt\"><p>Pe\u010dovatel Martin Dvo\u0159\u00e1k a jeho sv\u011b\u0159enec Pavel Urban zabodovali v Los Angeles<\/p>\n<\/div>","protected":false},"author":1,"featured_media":15337,"comment_status":"open","ping_status":"closed","sticky":false,"template":"","format":"standard","meta":{"footnotes":""},"categories":[9],"tags":[],"class_list":["post-22381","post","type-post","status-publish","format-standard","has-post-thumbnail","hentry","category-zpravy"],"_links":{"self":[{"href":"https:\/\/www.invarena.cz\/index.php?rest_route=\/wp\/v2\/posts\/22381","targetHints":{"allow":["GET"]}}],"collection":[{"href":"https:\/\/www.invarena.cz\/index.php?rest_route=\/wp\/v2\/posts"}],"about":[{"href":"https:\/\/www.invarena.cz\/index.php?rest_route=\/wp\/v2\/types\/post"}],"author":[{"embeddable":true,"href":"https:\/\/www.invarena.cz\/index.php?rest_route=\/wp\/v2\/users\/1"}],"replies":[{"embeddable":true,"href":"https:\/\/www.invarena.cz\/index.php?rest_route=%2Fwp%2Fv2%2Fcomments&post=22381"}],"version-history":[{"count":0,"href":"https:\/\/www.invarena.cz\/index.php?rest_route=\/wp\/v2\/posts\/22381\/revisions"}],"wp:featuredmedia":[{"embeddable":true,"href":"https:\/\/www.invarena.cz\/index.php?rest_route=\/wp\/v2\/media\/15337"}],"wp:attachment":[{"href":"https:\/\/www.invarena.cz\/index.php?rest_route=%2Fwp%2Fv2%2Fmedia&parent=22381"}],"wp:term":[{"taxonomy":"category","embeddable":true,"href":"https:\/\/www.invarena.cz\/index.php?rest_route=%2Fwp%2Fv2%2Fcategories&post=22381"},{"taxonomy":"post_tag","embeddable":true,"href":"https:\/\/www.invarena.cz\/index.php?rest_route=%2Fwp%2Fv2%2Ftags&post=22381"}],"curies":[{"name":"wp","href":"https:\/\/api.w.org\/{rel}","templated":true}]}}