{"id":22390,"date":"2015-09-28T08:48:04","date_gmt":"2015-09-28T06:48:04","guid":{"rendered":"http:\/\/www.invarena.cz\/?p=22390"},"modified":"2015-09-28T08:48:04","modified_gmt":"2015-09-28T06:48:04","slug":"dobre-misto-nasli-v-bohnicich","status":"publish","type":"post","link":"https:\/\/www.invarena.cz\/?p=22390","title":{"rendered":"Dobr\u00e9 m\u00edsto na\u0161li v Bohnic\u00edch"},"content":{"rendered":"<p><strong>V rozs\u00e1hl\u00e9m parkov\u00e9m are\u00e1lu v Bohnic\u00edch nes\u00eddl\u00ed pouze psychiatrick\u00e1 nemocnice, ale na\u0161el zde azyl tak\u00e9 spolek, kter\u00fd zam\u011bstn\u00e1v\u00e1 osoby zdravotn\u011b posti\u017een\u00e9. Tato neziskov\u00e1 organizace se jmenuje Dobr\u00e9 m\u00edsto. <\/strong><!--more--><\/p>\n<p>Spolek d\u00e1v\u00e1 pr\u00e1ci tak\u00e9 dvac\u00edtce lid\u00ed s v\u00e1\u017en\u00fdm du\u0161evn\u00edm onemocn\u011bn\u00edm, z nich\u017e se v\u011bt\u0161ina v\u011bnuje novin\u00e1\u0159sk\u00e9 pr\u00e1ci na webov\u00e9m port\u00e1lu Lid\u00e9 mezi lidmi a spolupracuje na realizaci dvou projekt\u016f financovan\u00fdch z Norsk\u00fdch fond\u016f.<br \/>\nProjekty by m\u011bly p\u0159isp\u00edvat k tomu, aby psychiatri\u010dt\u00ed pacienti nebyli pova\u017eov\u00e1ni za m\u00e9n\u011bcenn\u00e9 nebo nebezpe\u010dn\u00e9 jedince. Spolek se naopak sna\u017e\u00ed vyu\u017e\u00edvat jejich tv\u016fr\u010d\u00edch a intelektu\u00e1ln\u00edch schopnost\u00ed. <\/p>\n<p>&#8222;P\u0159est\u011bhovali jsme se sem v kv\u011btnu. Nab\u00edz\u00edme zde pacient\u016fm t\u0159i d\u00edlny \u2013 liter\u00e1rn\u00ed, publicistickou a divadeln\u00ed,&#8220; \u0159\u00edk\u00e1 p\u0159edseda spolku Josef Gabriel.<br \/>\nNa veden\u00ed d\u00edlen se pod\u00edlej\u00ed zam\u011bstnanci Dobr\u00e9ho m\u00edsta, kte\u0159\u00ed k tomu maj\u00ed pat\u0159i\u010dn\u00e9 vzd\u011bl\u00e1n\u00ed i praxi a sou\u010dasn\u011b maj\u00ed vlastn\u00ed zku\u0161enost s du\u0161evn\u00edm onemocn\u011bn\u00edm. &#8222;D\u00edlny se konaj\u00ed jednou t\u00fddn\u011b a jsou otev\u0159en\u00e9 v\u0161em z\u00e1jemc\u016fm, tedy i lidem mimo nemocnici. Vedou je lekto\u0159i, kte\u0159\u00ed na vlastn\u00ed k\u016f\u017ei za\u017eili du\u0161evn\u00ed nemoc, spole\u010dn\u011b se zdrav\u00fdmi odborn\u00edky,&#8220; uv\u00e1d\u00ed Gabriel. <\/p>\n<p>V\u00fdsledky sv\u00e9 pr\u00e1ce p\u0159edstavili \u00fa\u010dastn\u00edci d\u00edlen u\u017e b\u011bhem festivalu Bab\u00ed l\u00e9to, kter\u00fd se konal 12. z\u00e1\u0159\u00ed v are\u00e1lu Psychiatrick\u00e9 nemocnice Bohnice. Divadeln\u00ed d\u00edlna, kterou vede re\u017eis\u00e9rka Martina \u010curdov\u00e1 spole\u010dn\u011b s Michalem Ka\u0161parem, p\u0159ichystala p\u0159edstaven\u00ed Mystick\u00fd p\u0159\u00edb\u011bh o z\u00e1chran\u011b sv\u011bta, kter\u00e1 jednoho dne nen\u00e1padn\u011b prob\u011bhla v Bohnic\u00edch. \u010clenov\u00e9 liter\u00e1rn\u00ed d\u00edlny a publicistick\u00e9 d\u00edlny \u010detli sv\u00e1 d\u00edla \u2013 b\u00e1sn\u011b, pov\u00eddky, \u010dl\u00e1nky, fejetony \u2013 v odpoledn\u00edm programu Dobr\u00e9ho m\u00edsta v pavil\u00f3nu 19. <\/p>\n<p>&#8222;V sou\u010dasnosti mapujeme probl\u00e9my a pot\u0159eby du\u0161evn\u011b nemocn\u00fdch lid\u00ed. Vytvo\u0159ili a rozeslali jsme celkem podrobn\u00fd dotazn\u00edk a u\u017e se n\u00e1m sch\u00e1zej\u00ed odpov\u011bdi. Pr\u016fb\u011b\u017en\u011b d\u011bl\u00e1me rozhovory s lidmi, kte\u0159\u00ed maj\u00ed vlastn\u00ed zku\u0161enost s onemocn\u011bn\u00edm, s jejich bl\u00edzk\u00fdmi, se soci\u00e1ln\u00edmi pracovn\u00edky,&#8220; \u0159\u00edk\u00e1 p\u0159edseda spolku. <\/p>\n<p>Zpracovan\u00e9 v\u00fdsledky dotazn\u00edkov\u00e9ho \u0161et\u0159en\u00ed, \u010dl\u00e1nky a rozhovory se publikuj\u00ed na webu www.lidemezilidmi.cz a v dal\u0161\u00edch m\u00e9di\u00edch. &#8222;Spolupracujeme nap\u0159\u00edklad s \u010dasopisem Esprit, kter\u00fd vyd\u00e1v\u00e1 \u010cesk\u00e1 asociace pro psychick\u00e9 zdrav\u00ed, nebo s port\u00e1lem Helpnet. \u010cl\u00e1nky chceme nab\u00edzet tak\u00e9 spole\u010densky zam\u011b\u0159en\u00fdm \u010dasopis\u016fm a novin\u00e1m,&#8220; uv\u00e1d\u00ed Gabriel.<br \/>\nGranty z Norsk\u00fdch fond\u016f podle n\u011bj kon\u010d\u00ed v dubnu 2016, ale projekty by m\u011bly pokra\u010dovat d\u00e1l nejm\u00e9n\u011b jeden rok.<\/p>\n","protected":false},"excerpt":{"rendered":"<div class=\"mh-excerpt\"><p>V rozs\u00e1hl\u00e9m parkov\u00e9m are\u00e1lu v Bohnic\u00edch nes\u00eddl\u00ed pouze psychiatrick\u00e1 nemocnice, ale na\u0161el zde azyl tak\u00e9 spolek, kter\u00fd zam\u011bstn\u00e1v\u00e1 osoby zdravotn\u011b posti\u017een\u00e9. Tato neziskov\u00e1 organizace se <a class=\"mh-excerpt-more\" href=\"https:\/\/www.invarena.cz\/?p=22390\" title=\"Dobr\u00e9 m\u00edsto na\u0161li v Bohnic\u00edch\">[&#8230;]<\/a><\/p>\n<\/div>","protected":false},"author":1,"featured_media":20251,"comment_status":"open","ping_status":"closed","sticky":false,"template":"","format":"standard","meta":{"footnotes":""},"categories":[17],"tags":[],"class_list":["post-22390","post","type-post","status-publish","format-standard","has-post-thumbnail","hentry","category-kultura"],"_links":{"self":[{"href":"https:\/\/www.invarena.cz\/index.php?rest_route=\/wp\/v2\/posts\/22390","targetHints":{"allow":["GET"]}}],"collection":[{"href":"https:\/\/www.invarena.cz\/index.php?rest_route=\/wp\/v2\/posts"}],"about":[{"href":"https:\/\/www.invarena.cz\/index.php?rest_route=\/wp\/v2\/types\/post"}],"author":[{"embeddable":true,"href":"https:\/\/www.invarena.cz\/index.php?rest_route=\/wp\/v2\/users\/1"}],"replies":[{"embeddable":true,"href":"https:\/\/www.invarena.cz\/index.php?rest_route=%2Fwp%2Fv2%2Fcomments&post=22390"}],"version-history":[{"count":0,"href":"https:\/\/www.invarena.cz\/index.php?rest_route=\/wp\/v2\/posts\/22390\/revisions"}],"wp:featuredmedia":[{"embeddable":true,"href":"https:\/\/www.invarena.cz\/index.php?rest_route=\/wp\/v2\/media\/20251"}],"wp:attachment":[{"href":"https:\/\/www.invarena.cz\/index.php?rest_route=%2Fwp%2Fv2%2Fmedia&parent=22390"}],"wp:term":[{"taxonomy":"category","embeddable":true,"href":"https:\/\/www.invarena.cz\/index.php?rest_route=%2Fwp%2Fv2%2Fcategories&post=22390"},{"taxonomy":"post_tag","embeddable":true,"href":"https:\/\/www.invarena.cz\/index.php?rest_route=%2Fwp%2Fv2%2Ftags&post=22390"}],"curies":[{"name":"wp","href":"https:\/\/api.w.org\/{rel}","templated":true}]}}