{"id":22393,"date":"2015-08-17T12:37:05","date_gmt":"2015-08-17T10:37:05","guid":{"rendered":"http:\/\/www.invarena.cz\/?p=22393"},"modified":"2015-08-17T12:37:05","modified_gmt":"2015-08-17T10:37:05","slug":"roztrousena-skleroza-neznamena-vozik-rika-pan-zajicek-s-nemoci-cestuje","status":"publish","type":"post","link":"https:\/\/www.invarena.cz\/?p=22393","title":{"rendered":"Roztrou\u0161en\u00e1 skler\u00f3za neznamen\u00e1 voz\u00edk, \u0159\u00edk\u00e1 pan Zaj\u00ed\u010dek. S nemoc\u00ed cestuje"},"content":{"rendered":"<p><strong>Roztrou\u0161enou skler\u00f3zu m\u00e1 v \u010cesku asi 18 tis\u00edc lid\u00ed a jejich po\u010det roste.<\/strong> <!--more--><\/p>\n<p>Nemoc nerv\u016f se objevuje nej\u010dast\u011bji mezi 20. a 40. rokem \u017eivota, tedy v dob\u011b, kdy mlad\u00ed lid\u00e9 studuj\u00ed, zakl\u00e1daj\u00ed rodiny nebo se o n\u011b u\u017e staraj\u00ed. \u010casto se tak mus\u00ed vyrovnat s p\u0159edsudky sv\u00fdch p\u0159\u00e1tel, zn\u00e1m\u00fdch nebo v pr\u00e1ci. Roztrou\u0161en\u00e1 skler\u00f3za p\u0159itom nemus\u00ed \u010dlov\u011bka hned upoutat na invalidn\u00ed voz\u00edk, jak dokazuje t\u0159eba Ale\u0161 Zaj\u00ed\u010dek z Prahy.<\/p>\n<p>&#8222;P\u0159estal jsem se h\u00fdbat. Ochrnula mi ruka, noha. Kdy\u017e jsem cht\u011bl odemknout dve\u0159e, ne\u0161lo mi to, kdy\u017e jsem u\u0161el p\u011bt metr\u016f, byl jsem unaven\u00fd. B\u011bhem t\u0159\u00ed, \u010dty\u0159 dn\u016f jsem tot\u00e1ln\u011b zkolaboval a p\u0159estal fungovat jako \u010dlov\u011bk,&#8220; popisuje pan Zaj\u00ed\u010dek. Vysok\u00fd huben\u00fd mu\u017e pracuje jako \u00fadr\u017eb\u00e1\u0159. R\u00e1d cestuje, ale po prvn\u00edm ataku skon\u010dil na kapa\u010dk\u00e1ch v nemocnici, kde ho p\u0159emohl pocit beznad\u011bje.<\/p>\n<p>&#8222;C\u00edtil jsem se mizern\u011b, proto\u017ee kdy\u017e se nem\u016f\u017eete h\u00fdbat, nem\u016f\u017eete si pomalu doj\u00edt ani na toaletu. Myslel jsem si, \u017ee to je konec. Nev\u00edm, co bude, nem\u016f\u017eu se h\u00fdbat, jsem vlastn\u011b troska,&#8220; vzpom\u00edn\u00e1.<\/p>\n<p>Lid\u00e9 toti\u017e maj\u00ed o roztrou\u0161en\u00e9 skler\u00f3ze \u010dasto velk\u00e9 p\u0159edsudky. &#8222;\u017dena s roztrou\u0161enou skler\u00f3zou nem\u016f\u017ee m\u00edt d\u011bti, nesm\u00ed m\u00edt d\u011bti, m\u00e1 to zak\u00e1zan\u00e9. Pacient \u201azblbne\u2018 a za chv\u00edli bude \u00fapln\u011b dementn\u00ed. Roztrou\u0161en\u00e1 skler\u00f3za rovn\u00e1 se voz\u00edk,&#8220; vyjmenov\u00e1v\u00e1 m\u00fdty Eva Medov\u00e1, l\u00e9ka\u0159ka z Centra pro roztrou\u0161enou skler\u00f3zu vinohradsk\u00e9 fakultn\u00ed nemocnice.<\/p>\n<p>Chronick\u00e9 autoimunitn\u00ed onemocn\u011bn\u00ed roztrou\u0161en\u00e1 skler\u00f3za zhor\u0161uje p\u0159enos nervov\u00fdch vzruch\u016f mezi nervov\u00fdmi bu\u0148kami mozku a m\u00edchy. Imunitn\u00ed syst\u00e9m p\u0159i onemocn\u011bn\u00ed napad\u00e1 ve v\u00edce lo\u017eisc\u00edch obal nervu (myelin), kter\u00fd p\u0159enos vzruchu zaji\u0161\u0165uje, a bu\u0148ky tak spolu h\u016f\u0159e komunikuj\u00ed. Nemoc postihuje mlad\u00e9 dosp\u011bl\u00e9 v rozmez\u00ed 20 a\u017e 40 let a v d\u016fsledku vede k fyzick\u00e9 i kognitivn\u00ed invalidit\u011b \u010di neuropsychiatrick\u00fdm poruch\u00e1m. Kauz\u00e1ln\u00ed l\u00e9\u010dba nemoci neexistuje.<\/p>\n<p>A\u010dkoliv nemoc nen\u00ed l\u00e9\u010diteln\u00e1, jej\u00ed rozvoj se d\u00e1 v\u00fdrazn\u011b zpomalit, a to v\u010dasnou l\u00e9\u010dbou a rehabilitac\u00ed. \u017de roztrou\u0161en\u00e1 skler\u00f3za neznamen\u00e1 invalidn\u00ed voz\u00edk, se sna\u017e\u00ed sv\u00e9mu okol\u00ed dok\u00e1zat i Ale\u0161 Zaj\u00ed\u010dek.<\/p>\n<p>&#8222;Zm\u011bnilo se stra\u0161n\u011b moc. Kdy\u017e si to vezmu zp\u011btn\u011b, \u017ee se \u010dlov\u011bk nem\u016f\u017ee h\u00fdbat, a najednou zjist\u00ed, \u017ee zase ano, u\u017e\u00edv\u00e1m si pohybu daleko v\u00edce a sna\u017e\u00edm se \u017e\u00edt je\u0161t\u011b aktivn\u011bji, ne\u017e jsem \u017eil,&#8220; sv\u011b\u0159uje se.<\/p>\n<p>P\u016fl roku po prvn\u00edch p\u0159\u00edznac\u00edch tak Ale\u0161 Zaj\u00ed\u010dek vyrazil na tichomo\u0159sk\u00e9 ostrovy Fid\u017ei.<\/p>\n<p>www.rozhlas.cz<\/p>\n","protected":false},"excerpt":{"rendered":"<div class=\"mh-excerpt\"><p>Roztrou\u0161enou skler\u00f3zu m\u00e1 v \u010cesku asi 18 tis\u00edc lid\u00ed a jejich po\u010det roste.<\/p>\n<\/div>","protected":false},"author":1,"featured_media":3373,"comment_status":"open","ping_status":"closed","sticky":false,"template":"","format":"standard","meta":{"footnotes":""},"categories":[9],"tags":[],"class_list":["post-22393","post","type-post","status-publish","format-standard","has-post-thumbnail","hentry","category-zpravy"],"_links":{"self":[{"href":"https:\/\/www.invarena.cz\/index.php?rest_route=\/wp\/v2\/posts\/22393","targetHints":{"allow":["GET"]}}],"collection":[{"href":"https:\/\/www.invarena.cz\/index.php?rest_route=\/wp\/v2\/posts"}],"about":[{"href":"https:\/\/www.invarena.cz\/index.php?rest_route=\/wp\/v2\/types\/post"}],"author":[{"embeddable":true,"href":"https:\/\/www.invarena.cz\/index.php?rest_route=\/wp\/v2\/users\/1"}],"replies":[{"embeddable":true,"href":"https:\/\/www.invarena.cz\/index.php?rest_route=%2Fwp%2Fv2%2Fcomments&post=22393"}],"version-history":[{"count":0,"href":"https:\/\/www.invarena.cz\/index.php?rest_route=\/wp\/v2\/posts\/22393\/revisions"}],"wp:featuredmedia":[{"embeddable":true,"href":"https:\/\/www.invarena.cz\/index.php?rest_route=\/wp\/v2\/media\/3373"}],"wp:attachment":[{"href":"https:\/\/www.invarena.cz\/index.php?rest_route=%2Fwp%2Fv2%2Fmedia&parent=22393"}],"wp:term":[{"taxonomy":"category","embeddable":true,"href":"https:\/\/www.invarena.cz\/index.php?rest_route=%2Fwp%2Fv2%2Fcategories&post=22393"},{"taxonomy":"post_tag","embeddable":true,"href":"https:\/\/www.invarena.cz\/index.php?rest_route=%2Fwp%2Fv2%2Ftags&post=22393"}],"curies":[{"name":"wp","href":"https:\/\/api.w.org\/{rel}","templated":true}]}}