{"id":22412,"date":"2015-08-19T07:05:57","date_gmt":"2015-08-19T05:05:57","guid":{"rendered":"http:\/\/www.invarena.cz\/?p=22412"},"modified":"2015-08-19T07:05:57","modified_gmt":"2015-08-19T05:05:57","slug":"antonie-chrastecka-se-opet-stara-o-postizene","status":"publish","type":"post","link":"https:\/\/www.invarena.cz\/?p=22412","title":{"rendered":"Antonie Chr\u00e1steck\u00e1 se op\u011bt star\u00e1 o posti\u017een\u00e9"},"content":{"rendered":"<p><strong>N\u00e1vrat do ka\u017edodenn\u00edho \u017eivota &#8211; to je pro Antonii Chr\u00e1steckou, je\u017e byla dva roky v zajet\u00ed isl\u00e1msk\u00fdch ozbrojenc\u016f, \u00fakol sou\u010dasn\u00fdch dn\u016f. Ka\u017ed\u00e9 r\u00e1no vst\u00e1v\u00e1 do pr\u00e1ce v dobrovolnick\u00e9 organizaci \u2026<br \/>\n<\/strong><!--more--><\/p>\n<p>Huben\u00e1 vysok\u00e1 blond\u00fdnka Antonie v roce 2013 padla s kamar\u00e1dkou Hanou Hump\u00e1lovou (27) v P\u00e1kist\u00e1nuz na sv\u00e9 cest\u011b po ASII do rukou isl\u00e1msk\u00fdm \u00fanosc\u016fm. Po dvou letech se v b\u0159eznu 2015 za p\u0159isp\u011bn\u00ed mezin\u00e1rodn\u00edch organizac\u00ed zejm\u00e9na tureck\u00e9 organizace IHH vr\u00e1tily s muslimsk\u00fdmi \u0161\u00e1tky na hlav\u011b, aby se pokusily nav\u00e1zat na p\u0159etr\u017een\u00fd \u017eivot.<br \/>\nHanka ani po p\u016fl roce \u0161\u00e1tek nesundala a podle lid\u00ed z okol\u00ed \u017eije podle sv\u00e9 nov\u00e9 muslimsk\u00e9 v\u00edry. Zato Ton\u010da za\u010dala znovu doch\u00e1zet do pr\u00e1ce, v n\u00ed\u017e p\u0159ed lety p\u016fsobila. &#8222;Kdyby z\u016fstaly izolov\u00e1ny, bude pro n\u011b slo\u017eit\u00e9 se traumatu zbavit. Pracovn\u00ed proces a kolegov\u00e9 t\u0159eba to v\u0161echno urychl\u00ed,&#8220; zhodnotil to psycholog Ji\u0159\u00ed Jelen.<\/p>\n<p>&#8212;<br \/>\n.<\/p>\n<p>Jak se vr\u00e1tily do \u010desk\u00e9 reality?<\/p>\n<p>TON\u010cA: Pom\u00e1h\u00e1 posti\u017een\u00fdm k lep\u0161\u00edmu \u017eivotu Antonie jako dobrovoln\u00edk ji\u017e v roce 2010 pom\u00e1hala ment\u00e1ln\u011b posti\u017een\u00e9 d\u00edvce M\u00ed\u0161e c\u00edtit se v norm\u00e1ln\u00edm \u017eivot\u011b dob\u0159e. Byla j\u00ed kamar\u00e1dkou, tr\u00e1vila s n\u00ed voln\u00fd \u010das. &#8222;D\u011bl\u00e1 mi radost pom\u00e1hat,&#8220; glosovala to tehdy. Po t\u011b\u017ek\u00e9m traumatu zp\u016fsoben\u00e9m \u00fanosem se k profesi vr\u00e1tila. N\u011bkolik dn\u00ed je koordin\u00e1torkou dobrovolnick\u00e9 organizace. Ka\u017ed\u00e9 r\u00e1no kolem p\u016fl dev\u00e1t\u00e9 jde na autobus, kter\u00fd ji z domova odveze do pr\u00e1ce.<\/p>\n<p>HANKA: \u0160\u00e1tkem vzpom\u00edn\u00e1 na l\u00e1sku? B\u011bhem dvoulet\u00e9ho zajet\u00ed Hanka p\u0159ijala isl\u00e1m, podle odborn\u00edk\u016f \u0161lo o obranu, snahu zachr\u00e1nit Foto archiv Blesku sv\u016fj \u017eivot. Po n\u00e1vratu dom\u016f se ale v\u00edry nevzdala a je praktikuj\u00edc\u00ed muslimkou. Co ji k tomu vede? M\u016f\u017ee se jednat o tzv. Stockholmsk\u00fd syndrom, kdy zajatec p\u0159evezme filozofii \u00fanosce. &#8222;Nebo v tom m\u016f\u017ee hr\u00e1t roli n\u011bjak\u00fd partnersk\u00fd \u010di p\u00e1rov\u00fd vztah, kter\u00fd tam nav\u00e1zala. P\u0159ijala postoj sv\u00e9ho prot\u011bj\u0161ku nebo postoj \u017eeny, kter\u00e1 se o ni starala,&#8220; uvedl psycholog Ji\u0159\u00ed Jelen. <\/p>\n<p>http:\/\/www.blesk.cz\/ <\/p>\n","protected":false},"excerpt":{"rendered":"<div class=\"mh-excerpt\"><p>N\u00e1vrat do ka\u017edodenn\u00edho \u017eivota &#8211; to je pro Antonii Chr\u00e1steckou, je\u017e byla dva roky v zajet\u00ed isl\u00e1msk\u00fdch ozbrojenc\u016f, \u00fakol sou\u010dasn\u00fdch dn\u016f. Ka\u017ed\u00e9 r\u00e1no vst\u00e1v\u00e1 do <a class=\"mh-excerpt-more\" href=\"https:\/\/www.invarena.cz\/?p=22412\" title=\"Antonie Chr\u00e1steck\u00e1 se op\u011bt star\u00e1 o posti\u017een\u00e9\">[&#8230;]<\/a><\/p>\n<\/div>","protected":false},"author":1,"featured_media":2610,"comment_status":"open","ping_status":"closed","sticky":false,"template":"","format":"standard","meta":{"footnotes":""},"categories":[7],"tags":[],"class_list":["post-22412","post","type-post","status-publish","format-standard","has-post-thumbnail","hentry","category-spolecnost"],"_links":{"self":[{"href":"https:\/\/www.invarena.cz\/index.php?rest_route=\/wp\/v2\/posts\/22412","targetHints":{"allow":["GET"]}}],"collection":[{"href":"https:\/\/www.invarena.cz\/index.php?rest_route=\/wp\/v2\/posts"}],"about":[{"href":"https:\/\/www.invarena.cz\/index.php?rest_route=\/wp\/v2\/types\/post"}],"author":[{"embeddable":true,"href":"https:\/\/www.invarena.cz\/index.php?rest_route=\/wp\/v2\/users\/1"}],"replies":[{"embeddable":true,"href":"https:\/\/www.invarena.cz\/index.php?rest_route=%2Fwp%2Fv2%2Fcomments&post=22412"}],"version-history":[{"count":0,"href":"https:\/\/www.invarena.cz\/index.php?rest_route=\/wp\/v2\/posts\/22412\/revisions"}],"wp:featuredmedia":[{"embeddable":true,"href":"https:\/\/www.invarena.cz\/index.php?rest_route=\/wp\/v2\/media\/2610"}],"wp:attachment":[{"href":"https:\/\/www.invarena.cz\/index.php?rest_route=%2Fwp%2Fv2%2Fmedia&parent=22412"}],"wp:term":[{"taxonomy":"category","embeddable":true,"href":"https:\/\/www.invarena.cz\/index.php?rest_route=%2Fwp%2Fv2%2Fcategories&post=22412"},{"taxonomy":"post_tag","embeddable":true,"href":"https:\/\/www.invarena.cz\/index.php?rest_route=%2Fwp%2Fv2%2Ftags&post=22412"}],"curies":[{"name":"wp","href":"https:\/\/api.w.org\/{rel}","templated":true}]}}