{"id":22414,"date":"2015-08-19T07:16:18","date_gmt":"2015-08-19T05:16:18","guid":{"rendered":"http:\/\/www.invarena.cz\/?p=22414"},"modified":"2015-08-19T07:18:34","modified_gmt":"2015-08-19T05:18:34","slug":"vyhruzky-agresivita-plavecky-areal-v-decine-hlida-ochranka","status":"publish","type":"post","link":"https:\/\/www.invarena.cz\/?p=22414","title":{"rendered":"V\u00fdhr\u016f\u017eky, agresivita: Plaveck\u00fd are\u00e1l v D\u011b\u010d\u00edn\u011b hl\u00edd\u00e1 ochranka"},"content":{"rendered":"<p><strong>Vyhrocen\u00e1 situace v d\u011b\u010d\u00ednsk\u00e9m plaveck\u00e9m are\u00e1lu p\u0159inutila jeho veden\u00ed k r\u00e1zn\u00fdm opat\u0159en\u00edm: Od srpna tu p\u016fsob\u00ed najat\u00e1 ochranka a tak\u00e9 str\u00e1\u017en\u00edk m\u011bstsk\u00e9 policie.<\/strong><!--more--><\/p>\n<p>Za \u00fakol maj\u00ed chr\u00e1nit nejen slu\u0161n\u00e9 n\u00e1v\u0161t\u011bvn\u00edky are\u00e1lu, ale tak\u00e9 jeho person\u00e1l.<br \/>\nK z\u00e1sadn\u00edmu zlomu do\u0161lo b\u011bhem s\u00e9rie hork\u00fdch letn\u00edch dn\u00ed, kdy do d\u011b\u010d\u00ednsk\u00e9ho plaveck\u00e9ho are\u00e1lu m\u00ed\u0159ily denn\u011b tis\u00edce lid\u00ed.<br \/>\n&#8222;N\u011bkte\u0159\u00ed lid\u00e9 se koupali v oble\u010den\u00ed, bot\u00e1ch \u010di ve spodn\u00edm pr\u00e1dle. Kdy\u017e je n\u011bkdo z person\u00e1lu napomenul, chovali se agresivn\u011b. Jedn\u00e9 d\u00edvce z obsluhy st\u00e1nku dal\u0161\u00ed \u010dlov\u011bk vyhro\u017eoval, \u017ee si na ni po\u010dk\u00e1 venku. P\u0159itom doty\u010dn\u00e9ho jen napomenula, a\u0165 ve front\u011b nep\u0159edb\u00edh\u00e1,&#8220; popisuje \u0159editel D\u011b\u010d\u00ednsk\u00e9 sportovn\u00ed, kter\u00e1 provoz d\u011b\u010d\u00ednsk\u00e9ho aquaparku zaji\u0161\u0165uje, Igor Bayer.<br \/>\nPo \u0159ad\u011b podobn\u00fdch incident\u016f mu proto do\u0161la trp\u011blivost a nechal are\u00e1l od za\u010d\u00e1tku srpna hl\u00eddat najatou ochrankou, kterou zaplatil z provozn\u00edho rozpo\u010dtu. K ochrance se z\u00e1hy p\u0159idal i str\u00e1\u017en\u00edk m\u011bstsk\u00e9 policie, kterou Igor Bayer po\u017e\u00e1dal o pomoc.<\/p>\n<p>Podle Igora Bayera stoj\u00ed za drtivou v\u011bt\u0161inou probl\u00e9m\u016fvare\u00e1lu nep\u0159izp\u016fsobiv\u00ed obyvatel\u00e9 m\u011bsta. Ti se sem podle n\u011bj nau\u010dili v posledn\u00edch zhruba t\u0159ech letech hromadn\u011b chodit, \u0159ada z nich ale nerespektuje n\u00e1v\u0161t\u011bvnick\u00fd \u0159\u00e1d. Jedn\u00e1n\u00ed s nimi je pak slo\u017eit\u00e9.<\/p>\n<p>&#8222;Je pravda, \u017ee star\u0161\u00ed generace t\u011bchto lid\u00ed nen\u00ed je\u0161t\u011b tak agresivn\u00ed. Ta mlad\u0161\u00ed ale ano, jsou schopni ihned vystartovat a nav\u00edc se je\u0161t\u011b oh\u00e1n\u011bt rasismem,&#8220; popisuje Bayer napjatou situaci.<\/p>\n<p>&#8222;Nechci, aby to u n\u00e1s do\u0161lo tak daleko jako v Olomouci, kde plav\u010d\u00edk jednoho \u010dlov\u011bka napomenul, \u017ee nesm\u00ed do baz\u00e9nu sk\u00e1kat z boku. Doty\u010dn\u00fd si pak p\u0159ivolal na pomoc celou rodinu, kter\u00e1 plav\u010d\u00edka zml\u00e1tila,&#8220; ud\u00e1v\u00e1 odstra\u0161uj\u00edc\u00ed p\u0159\u00edpad Bayer.<\/p>\n<p>Koupali\u0161t\u011b jsou ale hl\u00edd\u00e1na u\u017e i v jin\u00fdch m\u011bstech \u2013 t\u0159eba v Sokolov\u011b na n\u011bm p\u016fsob\u00ed Asistenti prevence kriminality. Igor Bayer v souvislosti s probl\u00e9my s nep\u0159izp\u016fsobiv\u00fdmi op\u011bt vyvr\u00e1til f\u00e1mu, \u017ee by n\u011bkte\u0159\u00ed lid\u00e9 m\u011bli vstup do plaveck\u00e9ho are\u00e1lu zdarma. N\u011bkte\u0159\u00ed zam\u011bstnanci si ale v\u0161imli, \u017ee posledn\u00ed dobou dost lid\u00ed p\u0159edkl\u00e1d\u00e1 na recepci pr\u016fkaz ZTP\/P, za co\u017e z\u00edskaj\u00ed levn\u011bj\u0161\u00ed vstupn\u00e9: za cel\u00fd den v plaveck\u00e9m are\u00e1lu zaplat\u00ed pouh\u00fdch deset korun.<\/p>\n<p>\thttp:\/\/www.decinsky.denik.cz\/ <\/p>\n","protected":false},"excerpt":{"rendered":"<div class=\"mh-excerpt\"><p>Vyhrocen\u00e1 situace v d\u011b\u010d\u00ednsk\u00e9m plaveck\u00e9m are\u00e1lu p\u0159inutila jeho veden\u00ed k r\u00e1zn\u00fdm opat\u0159en\u00edm: Od srpna tu p\u016fsob\u00ed najat\u00e1 ochranka a tak\u00e9 str\u00e1\u017en\u00edk m\u011bstsk\u00e9 policie.<\/p>\n<\/div>","protected":false},"author":1,"featured_media":0,"comment_status":"open","ping_status":"closed","sticky":false,"template":"","format":"standard","meta":{"footnotes":""},"categories":[9],"tags":[],"class_list":["post-22414","post","type-post","status-publish","format-standard","hentry","category-zpravy"],"_links":{"self":[{"href":"https:\/\/www.invarena.cz\/index.php?rest_route=\/wp\/v2\/posts\/22414","targetHints":{"allow":["GET"]}}],"collection":[{"href":"https:\/\/www.invarena.cz\/index.php?rest_route=\/wp\/v2\/posts"}],"about":[{"href":"https:\/\/www.invarena.cz\/index.php?rest_route=\/wp\/v2\/types\/post"}],"author":[{"embeddable":true,"href":"https:\/\/www.invarena.cz\/index.php?rest_route=\/wp\/v2\/users\/1"}],"replies":[{"embeddable":true,"href":"https:\/\/www.invarena.cz\/index.php?rest_route=%2Fwp%2Fv2%2Fcomments&post=22414"}],"version-history":[{"count":0,"href":"https:\/\/www.invarena.cz\/index.php?rest_route=\/wp\/v2\/posts\/22414\/revisions"}],"wp:attachment":[{"href":"https:\/\/www.invarena.cz\/index.php?rest_route=%2Fwp%2Fv2%2Fmedia&parent=22414"}],"wp:term":[{"taxonomy":"category","embeddable":true,"href":"https:\/\/www.invarena.cz\/index.php?rest_route=%2Fwp%2Fv2%2Fcategories&post=22414"},{"taxonomy":"post_tag","embeddable":true,"href":"https:\/\/www.invarena.cz\/index.php?rest_route=%2Fwp%2Fv2%2Ftags&post=22414"}],"curies":[{"name":"wp","href":"https:\/\/api.w.org\/{rel}","templated":true}]}}