{"id":22425,"date":"2015-08-19T22:35:23","date_gmt":"2015-08-19T20:35:23","guid":{"rendered":"http:\/\/www.invarena.cz\/?p=22425"},"modified":"2015-08-19T22:35:23","modified_gmt":"2015-08-19T20:35:23","slug":"charitativni-sbirka-je-zpet","status":"publish","type":"post","link":"https:\/\/www.invarena.cz\/?p=22425","title":{"rendered":"Charitativn\u00ed sb\u00edrka je zp\u011bt"},"content":{"rendered":"<p><strong>Den\u00edk spojuje s\u00edly s t\u011bmi, kte\u0159\u00ed cht\u011bj\u00ed pomoci talentovan\u00fdm d\u011btem. Jejich zdravotn\u00ed hendikep nebo soci\u00e1ln\u00ed z\u00e1zem\u00ed mnohdy neumo\u017e\u0148uje dal\u0161\u00ed rozvoj talentu.<\/strong><!--more--><\/p>\n<p>Ao co se sna\u017e\u00edme? Stejn\u011b jako minul\u00fd rok chceme posb\u00edrat co nejv\u011bt\u0161\u00ed mno\u017estv\u00ed d\u00e1msk\u00fdch kabelek a letos i \u0161\u00e1tk\u016f. Ale zapojit se tentokr\u00e1t mohou rovn\u011b\u017e p\u00e1nov\u00e9 \u2013 sb\u00edr\u00e1me tak\u00e9 kravaty. Sb\u00edrka trv\u00e1 cel\u00e9 l\u00e9to a ve st\u0159edu 2. z\u00e1\u0159\u00ed pak v\u00e1mi donesen\u00e9 kabelky, kravaty i \u0161\u00e1tky prod\u00e1me a cel\u00fd v\u00fdt\u011b\u017eek pak rozd\u011bl\u00edme mezi zdravotn\u011b posti\u017een\u00e9. Loni se n\u00e1m poda\u0159ilo vybrat tolik kabelek, \u017ee p\u0159i jejich n\u00e1sledn\u00e9m prodeji jste utratili neuv\u011b\u0159iteln\u00fdch 188 tis\u00edc korun. V\u011b\u0159\u00edme, \u017ee i letos se do na\u0161\u00ed charitativn\u00ed akce zapoj\u00edte v\u010detn\u011b mu\u017e\u016f, kte\u0159\u00ed jist\u011b doma najdou kravatu, kter\u00e1 m\u016f\u017ee ud\u011blat radost n\u011bkomu jin\u00e9mu. St\u00e1le je\u0161t\u011b m\u016f\u017eete nosit nebo n\u00e1m volat. V\u00edtejte v nov\u00e9m ro\u010dn\u00edku Kabelkov\u00e9ho veletrhu!<\/p>\n<p>&#8212;<\/p>\n<p>Sb\u011brn\u00e1 m\u00edsta g Redakce Strakonick\u00e9ho den\u00edku, Lidick\u00e1 198, Strakonice g Pokud se ale rozhodnete kabelky, \u0161\u00e1tky nebo kravaty sb\u00edrat mezi sebou, my si pro va\u0161i sb\u00edrku zajedeme. Kontaktujte n\u00e1s na telefonn\u00edch \u010d\u00edslech 724 020 786, 383 331 586 nebo na e\u00admailov\u00e9 adrese reporter. strakonicky@denik.cz. <\/p>\n","protected":false},"excerpt":{"rendered":"<div class=\"mh-excerpt\"><p>Den\u00edk spojuje s\u00edly s t\u011bmi, kte\u0159\u00ed cht\u011bj\u00ed pomoci talentovan\u00fdm d\u011btem. Jejich zdravotn\u00ed hendikep nebo soci\u00e1ln\u00ed z\u00e1zem\u00ed mnohdy neumo\u017e\u0148uje dal\u0161\u00ed rozvoj talentu.<\/p>\n<\/div>","protected":false},"author":1,"featured_media":0,"comment_status":"open","ping_status":"closed","sticky":false,"template":"","format":"standard","meta":{"footnotes":""},"categories":[9],"tags":[],"class_list":["post-22425","post","type-post","status-publish","format-standard","hentry","category-zpravy"],"_links":{"self":[{"href":"https:\/\/www.invarena.cz\/index.php?rest_route=\/wp\/v2\/posts\/22425","targetHints":{"allow":["GET"]}}],"collection":[{"href":"https:\/\/www.invarena.cz\/index.php?rest_route=\/wp\/v2\/posts"}],"about":[{"href":"https:\/\/www.invarena.cz\/index.php?rest_route=\/wp\/v2\/types\/post"}],"author":[{"embeddable":true,"href":"https:\/\/www.invarena.cz\/index.php?rest_route=\/wp\/v2\/users\/1"}],"replies":[{"embeddable":true,"href":"https:\/\/www.invarena.cz\/index.php?rest_route=%2Fwp%2Fv2%2Fcomments&post=22425"}],"version-history":[{"count":0,"href":"https:\/\/www.invarena.cz\/index.php?rest_route=\/wp\/v2\/posts\/22425\/revisions"}],"wp:attachment":[{"href":"https:\/\/www.invarena.cz\/index.php?rest_route=%2Fwp%2Fv2%2Fmedia&parent=22425"}],"wp:term":[{"taxonomy":"category","embeddable":true,"href":"https:\/\/www.invarena.cz\/index.php?rest_route=%2Fwp%2Fv2%2Fcategories&post=22425"},{"taxonomy":"post_tag","embeddable":true,"href":"https:\/\/www.invarena.cz\/index.php?rest_route=%2Fwp%2Fv2%2Ftags&post=22425"}],"curies":[{"name":"wp","href":"https:\/\/api.w.org\/{rel}","templated":true}]}}