{"id":22436,"date":"2015-08-21T08:56:51","date_gmt":"2015-08-21T06:56:51","guid":{"rendered":"http:\/\/www.invarena.cz\/?p=22436"},"modified":"2015-08-21T08:56:25","modified_gmt":"2015-08-21T06:56:25","slug":"minimalni-mzda-se-zvysi-o-700-korun","status":"publish","type":"post","link":"https:\/\/www.invarena.cz\/?p=22436","title":{"rendered":"Minim\u00e1ln\u00ed mzda pro zdravotn\u011b posti\u017een\u00e9 se nav\u00fd\u0161\u00ed o 1300 korun na 9300"},"content":{"rendered":"<p><strong>Minim\u00e1ln\u00ed mzda se od ledna zvedne o 700 korun na 9900 korun. O n\u00e1r\u016fstu rozhodla vl\u00e1da. Minim\u00e1ln\u00ed mzda pro zdravotn\u011b posti\u017een\u00e9 se nav\u00fd\u0161\u00ed o 1300 korun na 9300.<\/strong><!--more--><\/p>\n<p>Kabinet po n\u011bkolika letech t\u00e9\u017e zvedl minim\u00e1ln\u00ed mzdu pro zam\u011bstnance s invalidn\u00edm d\u016fchodem. Minim\u00e1ln\u00ed mzda pro zdravotn\u011b posti\u017een\u00e9 se nav\u00fd\u0161\u00ed o 1300 korun na 9300. Minim\u00e1ln\u00ed mzda zdravotn\u011b posti\u017een\u00fdch je zat\u00edm 8000 korun, tedy 48,10 K\u010d na hodinu. Podle vl\u00e1dn\u00edho pl\u00e1nu prosazov\u00e1n\u00ed rovn\u00fdch p\u0159\u00edle\u017eitost\u00ed pro lidi s handicapem by se minim\u00e1ln\u00ed mzda zdrav\u00fdch a posti\u017een\u00fdch m\u011bla \u00fapln\u011b srovnat. P\u016fvodn\u011b to m\u011blo b\u00fdt od p\u0159\u00ed\u0161t\u00edho roku, kabinet term\u00edn ale odsunul na leden 2017. <\/p>\n<p>Odbory s \u010d\u00e1stkou 700 korun spokojeny nejsou. \u00bbO\u010dek\u00e1vali bychom vzhledem k pozitivn\u00edmu v\u00fdvoji ekonomiky v\u011bt\u0161\u00ed dynamiku r\u016fstu minim\u00e1ln\u00ed mzdy. Jsme p\u0159esv\u011bd\u010deni o tom, \u017ee by vy\u0161\u0161\u00ed zv\u00fd\u0161en\u00ed nem\u011blo \u017e\u00e1dn\u00e9 negativn\u00ed dopady na zam\u011bstnavatele,\u00ab \u0159ekl p\u0159ed\u00e1k \u010ceskomoravsk\u00e9 konfederace odborov\u00fdch svaz\u016f (\u010cMKOS) Josef St\u0159edula. Na tripartit\u011b odbor\u00e1\u0159i po\u017eadovali p\u0159id\u00e1n\u00ed o tis\u00edcikorunu.<\/p>\n<p>St\u00ednov\u00fd ministr pr\u00e1ce a soci\u00e1ln\u00edch v\u011bc\u00ed KS\u010cM Miroslav Op\u00e1lka odbor\u00e1\u0159\u016fm rozum\u00ed. \u00bbM\u00e1me podobn\u00fd pohled jako odbory, tak\u00e9 bychom si p\u0159edstavovali, aby se rozd\u00edl ve v\u00fd\u0161i minim\u00e1ln\u00ed mzdy u n\u00e1s a ve zbyl\u00e9 Evrop\u011b sni\u017eoval rychleji.<\/p>\n<p>Na druhou stranu, m\u00e1m-li b\u00fdt up\u0159\u00edmn\u00fd, osobn\u011b jsem ne\u010dekal, \u017ee se v t\u00e9to vl\u00e1dn\u00ed konstelaci poda\u0159\u00ed b\u011bhem dvou let zvednout minim\u00e1ln\u00ed mzdu o 1400 korun,\u00ab \u0159ekl Hal\u00f3 novin\u00e1m Op\u00e1lka, kter\u00fd tak tento jist\u011b t\u011b\u017ece vybojovan\u00fd kompromis uv\u00edtal.<\/p>\n<p>Zam\u011bstnavatel\u00e9 naopak nad\u0161eni nejsou. Na tripartit\u011b \u017e\u00e1dali nav\u00fd\u0161en\u00ed o p\u011btistovku. Svaz pr\u016fmyslu a dopravy v\u010dera p\u0159i\u0161el s prohl\u00e1\u0161en\u00edm, \u017ee zv\u00fd\u0161en\u00ed minim\u00e1ln\u00ed mzdy nep\u0159\u00edzniv\u011b ovlivn\u00ed n\u011bkter\u00e1 odv\u011btv\u00ed, nap\u0159\u00edklad ko\u017eed\u011bln\u00fd \u010di textiln\u00ed pr\u016fmysl \u010di podnik\u00e1n\u00ed v bezpe\u010dnostn\u00edch slu\u017eb\u00e1ch. Op\u00e1lka t\u00e9to argumentaci v\u0161ak nev\u011b\u0159\u00ed. \u00bbJsem p\u0159esv\u011bd\u010den, \u017ee praxe rychle uk\u00e1\u017ee, \u017ee toto opat\u0159en\u00ed nesn\u00ed\u017e\u00ed efektivitu \u010desk\u00fdch<br \/>\npodnik\u016f \u010di dynamiku cel\u00e9 ekonomiky. Stejn\u011b tak jsem si jist, \u017ee podnikatel\u016fm z\u016fstanou st\u00e1le je\u0161t\u011b velk\u00e9 zisky, kter\u00e9 stejn\u011b ve v\u011bt\u0161in\u011b vyv\u00e1\u017eej\u00ed do zahrani\u010d\u00ed,\u00ab uvedl Op\u00e1lka.<\/p>\n<p>Pozitivn\u00edm dopadem si je jist\u00fd i st\u00ednov\u00fd ministr financ\u00ed KS\u010cM Ji\u0159\u00ed Dolej\u0161. Podle n\u011bj mohla vl\u00e1da bez obav minim\u00e1ln\u00ed mzdu nav\u00fd\u0161it mnohem v\u00edce. <\/p>\n<p>\u00bbJe to d\u016fkaz, jak se kabinet st\u00e1le dr\u017e\u00ed v oblasti v\u00fddaj\u016f p\u0159i zemi. Upozor\u0148uji, \u017ee i po tomto nav\u00fd\u0161en\u00ed budeme m\u00edt jednu z nejni\u017e\u0161\u00edch minim\u00e1ln\u00edch mezd v Evrop\u011b,\u00ab \u0159ekl Dolej\u0161. Op\u00e1lka nav\u00edc upozornil, \u017ee vl\u00e1da se v koali\u010dn\u00ed dohod\u011b a programov\u00e9m prohl\u00e1\u0161en\u00ed zav\u00e1zala, \u017ee by se nejni\u017e\u0161\u00ed v\u00fdd\u011blek m\u011bl postupn\u011b p\u0159ibl\u00ed\u017eit dv\u011bma p\u011btin\u00e1m pr\u016fm\u011brn\u00e9 mzdy. Ta letos v prvn\u00edm \u010dtvrtlet\u00ed dosahovala 25 306 korun, dv\u011b p\u011btiny odpov\u00eddaj\u00ed 10 122 K\u010d. <\/p>\n<p>\u00bbNev\u00edm, jestli se vl\u00e1d\u011b tento z\u00e1vazek poda\u0159\u00ed splnit,\u00ab zapochyboval st\u00ednov\u00fd ministr. Podobn\u011b skeptick\u00fd je \u0161\u00e9f \u010cMKOS St\u0159edula. Podle n\u011bj se p\u0159i dosavadn\u00edm tempu p\u0159id\u00e1v\u00e1n\u00ed nejni\u017e\u0161\u00ed v\u00fdd\u011blek ke \u010dty\u0159iceti procent\u016fm pr\u016fm\u011brn\u00e9 mzdy do konce volebn\u00edho obdob\u00ed nedostane a vl\u00e1da by m\u011bla voli\u010d\u016fm vysv\u011btlit, pro\u010d sv\u016fj z\u00e1vazek ze sv\u00e9ho programu nedodr\u017eela. Minim\u00e1ln\u00ed mzda se zv\u00fd\u0161ila naposledy letos v lednu o 700 korun na 9200 korun. Nyn\u011bj\u0161\u00ed p\u0159id\u00e1n\u00ed o 700 korun by m\u011blo podle autor\u016f n\u00e1vrhu firmy v p\u0159\u00ed\u0161t\u00edm roce st\u00e1t 1,6 miliardy nav\u00edc. Ve ve\u0159ejn\u00e9m sektoru by to m\u011blo b\u00fdt asi 439 milion\u016f. Do soci\u00e1ln\u00edho poji\u0161t\u011bn\u00ed by d\u00edky p\u0159id\u00e1n\u00ed mohlo p\u0159it\u00e9ct dal\u0161\u00edch 470 milion\u016f, do zdravotn\u00edho zhruba dv\u011b st\u011b milion\u016f.<\/p>\n<p>Minim\u00e1ln\u00ed mzdu pob\u00edraj\u00ed 2,3 procenta zam\u011bstnanc\u016f v \u010cR.<\/p>\n<p>Hal\u00f3 noviny<\/p>\n<p>ilustra\u010dn\u00ed foto: LeoSynapse \/ sxc.hu<\/p>\n","protected":false},"excerpt":{"rendered":"<div class=\"mh-excerpt\"><p>Minim\u00e1ln\u00ed mzda se od ledna zvedne o 700 korun na 9900 korun. O n\u00e1r\u016fstu rozhodla vl\u00e1da. Minim\u00e1ln\u00ed mzda pro zdravotn\u011b posti\u017een\u00e9 se nav\u00fd\u0161\u00ed o 1300 <a class=\"mh-excerpt-more\" href=\"https:\/\/www.invarena.cz\/?p=22436\" title=\"Minim\u00e1ln\u00ed mzda pro zdravotn\u011b posti\u017een\u00e9 se nav\u00fd\u0161\u00ed o 1300 korun na 9300\">[&#8230;]<\/a><\/p>\n<\/div>","protected":false},"author":1,"featured_media":14424,"comment_status":"open","ping_status":"closed","sticky":false,"template":"","format":"standard","meta":{"footnotes":""},"categories":[1],"tags":[],"class_list":["post-22436","post","type-post","status-publish","format-standard","has-post-thumbnail","hentry","category-nezarazene"],"_links":{"self":[{"href":"https:\/\/www.invarena.cz\/index.php?rest_route=\/wp\/v2\/posts\/22436","targetHints":{"allow":["GET"]}}],"collection":[{"href":"https:\/\/www.invarena.cz\/index.php?rest_route=\/wp\/v2\/posts"}],"about":[{"href":"https:\/\/www.invarena.cz\/index.php?rest_route=\/wp\/v2\/types\/post"}],"author":[{"embeddable":true,"href":"https:\/\/www.invarena.cz\/index.php?rest_route=\/wp\/v2\/users\/1"}],"replies":[{"embeddable":true,"href":"https:\/\/www.invarena.cz\/index.php?rest_route=%2Fwp%2Fv2%2Fcomments&post=22436"}],"version-history":[{"count":0,"href":"https:\/\/www.invarena.cz\/index.php?rest_route=\/wp\/v2\/posts\/22436\/revisions"}],"wp:featuredmedia":[{"embeddable":true,"href":"https:\/\/www.invarena.cz\/index.php?rest_route=\/wp\/v2\/media\/14424"}],"wp:attachment":[{"href":"https:\/\/www.invarena.cz\/index.php?rest_route=%2Fwp%2Fv2%2Fmedia&parent=22436"}],"wp:term":[{"taxonomy":"category","embeddable":true,"href":"https:\/\/www.invarena.cz\/index.php?rest_route=%2Fwp%2Fv2%2Fcategories&post=22436"},{"taxonomy":"post_tag","embeddable":true,"href":"https:\/\/www.invarena.cz\/index.php?rest_route=%2Fwp%2Fv2%2Ftags&post=22436"}],"curies":[{"name":"wp","href":"https:\/\/api.w.org\/{rel}","templated":true}]}}