{"id":22446,"date":"2015-08-21T08:51:14","date_gmt":"2015-08-21T06:51:14","guid":{"rendered":"http:\/\/www.invarena.cz\/?p=22446"},"modified":"2015-08-21T08:51:42","modified_gmt":"2015-08-21T06:51:42","slug":"pristupnost-pamatek-pro-vozickare","status":"publish","type":"post","link":"https:\/\/www.invarena.cz\/?p=22446","title":{"rendered":"P\u0159\u00edstupnost pam\u00e1tek pro voz\u00ed\u010dk\u00e1\u0159e mapuje speci\u00e1ln\u00ed web"},"content":{"rendered":"<p><strong>Jejich p\u0159\u00edstupnost pro voz\u00ed\u010dk\u00e1\u0159e a seniory mapuje nov\u00fd projekt Nadace Charty 77 s n\u00e1zvem: Mapy bez bari\u00e9r. Do konce roku chce pro n\u011b vytvo\u0159it speci\u00e1ln\u00ed web. Lid\u00e9 s omezenou pohyblivost\u00ed se na n\u011bm dozv\u011bd\u00ed, kde budou m\u00edt probl\u00e9my.<\/strong><!--more--><\/p>\n<p>Ad\u00e9lu U\u010d\u0148ovou odk\u00e1zal roz\u0161t\u011bp p\u00e1te\u0159e na invalidn\u00ed voz\u00edk. N\u00e1v\u0161t\u011bvy hrad\u016f a z\u00e1mk\u016f pro ni nejsou jednoduch\u00e9.<\/p>\n<p>Zdolat schodi\u0161t\u011b pam\u00e1tek nedok\u00e1\u017ee ani Luk\u00e1\u0161 Benda trp\u00edc\u00ed neuropati\u00ed. P\u0159i prohl\u00eddk\u00e1ch mu mus\u00ed pom\u00e1hat jeho maminka.<\/p>\n<p>Simona BENDOV\u00c1, :<br \/>\nU\u017e na to s\u00edla fakt nen\u00ed, no, abysme ho takhle tahali na ruce.<\/p>\n<p>S jak\u00fdmi p\u0159ek\u00e1\u017ekami kde po\u010d\u00edtat te\u010f mapuje projekt Nadace Charty 77. Na vznikaj\u00edc\u00edm webu Mapy bez bari\u00e9r chce uk\u00e1zat, s \u010d\u00edm mohou m\u00edt voz\u00ed\u010dk\u00e1\u0159i probl\u00e9my.<\/p>\n<p>Martin PI\u010cMAN, vedouc\u00ed projektu Mapy bez bari\u00e9r:<br \/>\nJak\u00e1 je p\u0159\u00edstupov\u00e1 cesta, jak\u00e9 jsou bari\u00e9ry, jak\u00e9 jsou tam dve\u0159e, jak\u00e9 jsou tam mo\u017enosti se dostat do patra, to znamen\u00e1, jestli je tam v\u00fdtah, plo\u0161ina.<\/p>\n<p>Radek MAJER\u010c\u00c1K, m\u011b\u0159i\u010d, DPA:<br \/>\nTohle je z\u00e1sadn\u00ed probl\u00e9m. Je to schodi\u0161t\u011b s mnoha schody.<\/p>\n<p>Podobn\u00e1 \u00faskal\u00ed voz\u00ed\u010dk\u00e1\u0159e ne\u010dekaj\u00ed jen na z\u00e1mc\u00edch, ale hlavn\u011b na nep\u0159\u00edstupn\u00fdch st\u0159edov\u011bk\u00fdch hradech. T\u0159eba na \u00fasteck\u00e9m St\u0159ekov\u011b.<\/p>\n<p>Kate\u0159ina U\u010c\u0147OV\u00c1, :<br \/>\nVedou tam schody, dal\u0161\u00ed schody jsou za tou vstupn\u00ed br\u00e1nou.<\/p>\n<p>Naopak bez omezen\u00ed je d\u011b\u010d\u00ednsk\u00fd z\u00e1mek nebo \u00fasteck\u00e9 muzeum. A situace se zlep\u0161ila taky na \u00fa\u0159adech.<\/p>\n<p>Danu\u0161e \u0160AFEROV\u00c1, Centrum pro zdravotn\u011b posti\u017een\u00e9 \u00dasteck\u00e9ho kraje:<br \/>\nKdy\u017e to porovn\u00e1m s 90. l\u00e9ty, kdy v\u011bt\u0161ina ve\u0159ejnopr\u00e1vn\u00edch budov byla je\u0161t\u011b bari\u00e9rov\u00fdch, tak dneska u\u017e prakticky s bari\u00e9rama budovy ve\u0159ejnopr\u00e1vn\u00edho charakteru nenajdete.<\/p>\n<p>M\u011b\u0159i\u010di zmapuj\u00ed celkem 600 pam\u00e1tek. Informace o jejich bari\u00e9rovosti budou na webu do konce roku. <\/p>\n<p>\u010cesk\u00e1 televize<\/p>\n","protected":false},"excerpt":{"rendered":"<div class=\"mh-excerpt\"><p>Jejich p\u0159\u00edstupnost pro voz\u00ed\u010dk\u00e1\u0159e a seniory mapuje nov\u00fd projekt Nadace Charty 77 s n\u00e1zvem: Mapy bez bari\u00e9r. Do konce roku chce pro n\u011b vytvo\u0159it speci\u00e1ln\u00ed <a class=\"mh-excerpt-more\" href=\"https:\/\/www.invarena.cz\/?p=22446\" title=\"P\u0159\u00edstupnost pam\u00e1tek pro voz\u00ed\u010dk\u00e1\u0159e mapuje speci\u00e1ln\u00ed web\">[&#8230;]<\/a><\/p>\n<\/div>","protected":false},"author":1,"featured_media":7862,"comment_status":"open","ping_status":"closed","sticky":false,"template":"","format":"standard","meta":{"footnotes":""},"categories":[7],"tags":[],"class_list":["post-22446","post","type-post","status-publish","format-standard","has-post-thumbnail","hentry","category-spolecnost"],"_links":{"self":[{"href":"https:\/\/www.invarena.cz\/index.php?rest_route=\/wp\/v2\/posts\/22446","targetHints":{"allow":["GET"]}}],"collection":[{"href":"https:\/\/www.invarena.cz\/index.php?rest_route=\/wp\/v2\/posts"}],"about":[{"href":"https:\/\/www.invarena.cz\/index.php?rest_route=\/wp\/v2\/types\/post"}],"author":[{"embeddable":true,"href":"https:\/\/www.invarena.cz\/index.php?rest_route=\/wp\/v2\/users\/1"}],"replies":[{"embeddable":true,"href":"https:\/\/www.invarena.cz\/index.php?rest_route=%2Fwp%2Fv2%2Fcomments&post=22446"}],"version-history":[{"count":0,"href":"https:\/\/www.invarena.cz\/index.php?rest_route=\/wp\/v2\/posts\/22446\/revisions"}],"wp:featuredmedia":[{"embeddable":true,"href":"https:\/\/www.invarena.cz\/index.php?rest_route=\/wp\/v2\/media\/7862"}],"wp:attachment":[{"href":"https:\/\/www.invarena.cz\/index.php?rest_route=%2Fwp%2Fv2%2Fmedia&parent=22446"}],"wp:term":[{"taxonomy":"category","embeddable":true,"href":"https:\/\/www.invarena.cz\/index.php?rest_route=%2Fwp%2Fv2%2Fcategories&post=22446"},{"taxonomy":"post_tag","embeddable":true,"href":"https:\/\/www.invarena.cz\/index.php?rest_route=%2Fwp%2Fv2%2Ftags&post=22446"}],"curies":[{"name":"wp","href":"https:\/\/api.w.org\/{rel}","templated":true}]}}