{"id":22449,"date":"2015-08-22T09:03:18","date_gmt":"2015-08-22T07:03:18","guid":{"rendered":"http:\/\/www.invarena.cz\/?p=22449"},"modified":"2015-08-22T09:03:18","modified_gmt":"2015-08-22T07:03:18","slug":"slovensky-prezident-po-operaci-v-plzni-zacal-s-rehabilitaci","status":"publish","type":"post","link":"https:\/\/www.invarena.cz\/?p=22449","title":{"rendered":"Slovensk\u00fd prezident po operaci v Plzni za\u010dal s rehabilitac\u00ed"},"content":{"rendered":"<p><strong>Slovensk\u00fd prezident Andrej Kiska, kter\u00fd se ve \u010dtvrtek r\u00e1no podrobil v plze\u0148sk\u00e9 fakultn\u00ed nemocnici miniinvazivn\u00ed artroskopick\u00e9 operaci v oblasti ky\u010deln\u00edho kloubu, se c\u00edt\u00ed p\u0159im\u011b\u0159en\u011b prod\u011blan\u00e9mu z\u00e1kroku.<\/strong><!--more--><\/p>\n<p> Noc byla klidn\u00e1, \u0159ekl dnes \u010cTK prezident\u016fv mluv\u010d\u00ed Roman Krpelan. Operace Kisky vyvolala na Slovensku polemiku, zda hlava st\u00e1tu m\u011bla podstoupit z\u00e1krok v cizin\u011b.<br \/>\n    &#8222;Od r\u00e1da prezident za\u010dal s rehabilitac\u00ed a v t\u011bchto chv\u00edl\u00edch p\u0159ipravuje svoje prohl\u00e1\u0161en\u00ed k 21. srpnu 1968,&#8220; doplnil p\u0159ed polednem Krpelan.<br \/>\n    Pokud se bude v\u0161e vyv\u00edjet dob\u0159e, mohl by Kiska podle l\u00e9ka\u0159\u016f opustit nemocnici v sobotu. L\u00e9ka\u0159i rozhodnou, jestli absolvuje p\u0159evoz sanitkou nebo zda bude moci jet autem. &#8222;V ka\u017ed\u00e9m p\u0159\u00edpad\u011b nepolet\u00ed vrtuln\u00edkem,&#8220; \u0159ekl mluv\u010d\u00ed.<br \/>\n    Prezident m\u011bl na ky\u010deln\u00edm kloubu zm\u011bny jako maj\u00ed pacienti, kte\u0159\u00ed v ml\u00e1d\u00ed sportuj\u00ed. V\u011bkem se stav kloubu zhor\u0161uje. &#8222;Zat\u00edm to nebyl n\u00e1lez, kter\u00fd by byl indikovan\u00fd k v\u00fdm\u011bn\u011b kloubu, ale kdyby se neo\u0161et\u0159oval, tak by \u010dasem ur\u010dit\u011b k tomu do\u0161lo,&#8220; \u0159ekl ve \u010dtvrtek novin\u00e1\u0159\u016fm ortoped Petr Zeman, kter\u00fd z\u00e1krok vedl.<br \/>\n    C\u00edlem operace bylo zbavit pacienta bolesti a pokud mo\u017eno jej vr\u00e1tit co nejd\u0159\u00edve do b\u011b\u017en\u00e9 denn\u00ed z\u00e1t\u011b\u017ee. Dva a\u017e t\u0159i t\u00fddny by m\u011bl m\u00edt Kiska \u0161etrn\u011bj\u0161\u00ed re\u017eim s francouzsk\u00fdmi holemi. Rekonvalescence v\u011bt\u0161inou trv\u00e1 \u0161est t\u00fddn\u016f, \u0159ekl Zeman. Pokud bude bez pot\u00ed\u017e\u00ed, po \u0161esti a\u017e osmi t\u00fddnech se m\u016f\u017ee op\u011bt za\u010d\u00edt pomalu v\u011bnovat lehk\u00e9mu sportov\u00e1n\u00ed. Podle Krpelana nem\u00e1 Kiska v nejbli\u017e\u0161\u00edm t\u00fddnu pl\u00e1novan\u00e9 d\u016fle\u017eit\u00e9 st\u00e1tnick\u00e9 povinnosti, pokud bude t\u0159eba, bude se jim ale v\u011bnovat.<br \/>\n    Ostrahu v nemocnici zaji\u0161\u0165uje ochrann\u00e1 slu\u017eba slovensk\u00e9ho prezidenta ve spolupr\u00e1ci s \u010desk\u00fdm \u00fatvarem pro ochranu \u00fastavn\u00edch \u010dinitel\u016f. &#8222;Bezpe\u010dnostn\u00ed opat\u0159en\u00ed jsou standardn\u00ed a nemaj\u00ed absolutn\u011b \u017e\u00e1dn\u00fd dopad na pacienty ani na nemocni\u010dn\u00ed person\u00e1l,&#8220; \u0159ekl ve \u010dtvrtek Krpelan. Kiska le\u017e\u00ed na ortopedick\u00e9m odd\u011blen\u00ed, je jedin\u00fdm pacientem v \u010d\u00e1sti, kter\u00e1 b\u00fdv\u00e1 p\u0159es l\u00e9to, kdy je m\u00e9n\u011b pacient\u016f, b\u011b\u017en\u011b uzav\u0159en\u00e1, \u0159ekl Krpelan.<br \/>\n    Prezident dlouhodob\u011b poci\u0165oval bolest v oblasti ky\u010deln\u00edho kloubu, proto podstoupil konzervativn\u00ed formu l\u00e9\u010dby, kter\u00e1 ale nep\u0159inesla k\u00fd\u017een\u00fd v\u00fdsledek a bolesti p\u0159etrv\u00e1valy.<br \/>\n    Operace Kisky vyvolala ve slovensk\u00fdch medi\u00edch polemiku o tom, zda hlava st\u00e1tu nev\u011b\u0159\u00ed slovensk\u00fdm l\u00e9ka\u0159\u016fm a tak\u00e9 p\u0159est\u0159elku mezi prezidentskou kancel\u00e1\u0159\u00ed a ministerstvem vnitra ohledn\u011b doporu\u010den\u00ed podstoupit z\u00e1krok v zahrani\u010d\u00ed. Prezidentsk\u00e1 kancel\u00e1\u0159 ve \u010dtvrtek informovala, \u017ee l\u00e9ka\u0159i z nemocnice sv. Michala pat\u0159\u00edc\u00ed pod ministerstvo vnitra doporu\u010dili hlav\u011b st\u00e1tu operaci miniinvazivn\u00ed technikou na n\u011bkter\u00e9m specializovan\u00e9m pracovi\u0161ti v cizin\u011b.<br \/>\n    Slovensk\u00e9 ministerstvo vnitra dnes zve\u0159ejnilo vyhl\u00e1\u0161en\u00ed zmi\u0148ovan\u00e9 nemocnice, podle kter\u00e9ho o\u0161et\u0159uj\u00edc\u00ed l\u00e9ka\u0159 prezidenta doporu\u010dil hlav\u011b st\u00e1tu operaci na Slovensku, a to ve vojensk\u00e9 nemocnici v Ru\u017eomberoku. V\u00fdb\u011br nemocnice v Plzni byl pr\u00fd osobn\u00edm rozhodnut\u00edm Kisky.<br \/>\n    Plzni se operac\u00edm, kterou podstoupil Kiska, v\u011bnuj\u00ed l\u00e9ka\u0159i t\u00e9m\u011b\u0159 deset let. Ro\u010dn\u011b t\u00fdm podle Zemana provede 70 a\u017e 100 operac\u00ed, mezi pacienty jsou i \u0161pi\u010dkov\u00ed sportovci. Metodu p\u0159ivezl v roce 2006 ze st\u00e1\u017ee v USA l\u00e9ka\u0159 Petr Nepra\u0161, kter\u00fd byl tak\u00e9 v opera\u010dn\u00edm t\u00fdmu prezidenta. Plze\u0148sk\u00e1 klinika je pro tuto metodu v\u00fdukov\u00fdm pracovi\u0161t\u011bm pro celou st\u0159edn\u00ed a v\u00fdchodn\u00ed Evropu. <\/p>\n","protected":false},"excerpt":{"rendered":"<div class=\"mh-excerpt\"><p>Slovensk\u00fd prezident Andrej Kiska, kter\u00fd se ve \u010dtvrtek r\u00e1no podrobil v plze\u0148sk\u00e9 fakultn\u00ed nemocnici miniinvazivn\u00ed artroskopick\u00e9 operaci v oblasti ky\u010deln\u00edho kloubu, se c\u00edt\u00ed p\u0159im\u011b\u0159en\u011b prod\u011blan\u00e9mu <a class=\"mh-excerpt-more\" href=\"https:\/\/www.invarena.cz\/?p=22449\" title=\"Slovensk\u00fd prezident po operaci v Plzni za\u010dal s rehabilitac\u00ed\">[&#8230;]<\/a><\/p>\n<\/div>","protected":false},"author":1,"featured_media":0,"comment_status":"open","ping_status":"closed","sticky":false,"template":"","format":"standard","meta":{"footnotes":""},"categories":[9],"tags":[],"class_list":["post-22449","post","type-post","status-publish","format-standard","hentry","category-zpravy"],"_links":{"self":[{"href":"https:\/\/www.invarena.cz\/index.php?rest_route=\/wp\/v2\/posts\/22449","targetHints":{"allow":["GET"]}}],"collection":[{"href":"https:\/\/www.invarena.cz\/index.php?rest_route=\/wp\/v2\/posts"}],"about":[{"href":"https:\/\/www.invarena.cz\/index.php?rest_route=\/wp\/v2\/types\/post"}],"author":[{"embeddable":true,"href":"https:\/\/www.invarena.cz\/index.php?rest_route=\/wp\/v2\/users\/1"}],"replies":[{"embeddable":true,"href":"https:\/\/www.invarena.cz\/index.php?rest_route=%2Fwp%2Fv2%2Fcomments&post=22449"}],"version-history":[{"count":0,"href":"https:\/\/www.invarena.cz\/index.php?rest_route=\/wp\/v2\/posts\/22449\/revisions"}],"wp:attachment":[{"href":"https:\/\/www.invarena.cz\/index.php?rest_route=%2Fwp%2Fv2%2Fmedia&parent=22449"}],"wp:term":[{"taxonomy":"category","embeddable":true,"href":"https:\/\/www.invarena.cz\/index.php?rest_route=%2Fwp%2Fv2%2Fcategories&post=22449"},{"taxonomy":"post_tag","embeddable":true,"href":"https:\/\/www.invarena.cz\/index.php?rest_route=%2Fwp%2Fv2%2Ftags&post=22449"}],"curies":[{"name":"wp","href":"https:\/\/api.w.org\/{rel}","templated":true}]}}