{"id":22451,"date":"2015-08-22T09:36:54","date_gmt":"2015-08-22T07:36:54","guid":{"rendered":"http:\/\/www.invarena.cz\/?p=22451"},"modified":"2015-08-22T09:36:54","modified_gmt":"2015-08-22T07:36:54","slug":"exprezident-usa-carter-kvuli-nadorum-na-mozku-zacina-s-ozarovanim","status":"publish","type":"post","link":"https:\/\/www.invarena.cz\/?p=22451","title":{"rendered":"Exprezident USA Carter kv\u016fli n\u00e1dor\u016fm na mozku za\u010d\u00edn\u00e1 s oza\u0159ov\u00e1n\u00edm"},"content":{"rendered":"<p><strong>B\u00fdval\u00fd americk\u00fd prezident James &#8222;Jimmy&#8220; Carter je\u0161t\u011b dnes za\u010dne s radia\u010dn\u00ed l\u00e9\u010dbou rakovinn\u00fdch n\u00e1dor\u016f na mozku, kde mu l\u00e9ka\u0159i nalezli \u010dty\u0159i mal\u00e1 lo\u017eiska. <\/strong><!--more--><\/p>\n<p>Devades\u00e1tilet\u00fd Carter to dnes v Atlant\u011b za \u00fa\u010dasti rodiny a p\u0159\u00e1tel ozn\u00e1mil na tiskov\u00e9 konferenci, kter\u00e1 byla jeho prvn\u00edm ve\u0159ejn\u00fdm vystoupen\u00edm od minul\u00e9ho t\u00fddne, kdy ozn\u00e1mil, \u017ee trp\u00ed rakovinou.<br \/>\n    &#8222;Je to v rukou bo\u017e\u00edch,&#8220; \u0159ekl Carter s t\u00edm, \u017ee se po ozn\u00e1men\u00ed diagn\u00f3zy c\u00edtil p\u0159ekvapiv\u011b uvoln\u011bn\u011b, a\u010dkoli nejd\u0159\u00edve pomyslel na to, \u017ee mu zb\u00fdvaj\u00ed jen t\u00fddny. &#8222;Jsem p\u0159ipraven na cokoli,&#8220; uvedl. Dodal tak\u00e9, \u017ee m\u011bl b\u00e1je\u010dn\u00fd \u017eivot.<br \/>\n    Carter prohl\u00e1sil, \u017ee poprv\u00e9 c\u00edtil obt\u00ed\u017ee b\u011bhem kv\u011btnov\u00e9 mise v Guyan\u011b, kde byl jako volebn\u00ed pozorovatel. Nejprve l\u00e9ka\u0159i objevili rakovinn\u00e9 bujen\u00ed na j\u00e1trech, pot\u00e9 za pomoci magnetick\u00e9 rezonance na\u0161li dal\u0161\u00ed lo\u017eiska na mozku. Kv\u016fli n\u00e1doru na j\u00e1trech se 3. srpna podrobil operaci.<br \/>\n    N\u011bkdej\u0161\u00ed demokratick\u00fd prezident Carter, kter\u00fd prezidentsk\u00fd \u00fa\u0159ad zast\u00e1val v letech 1977 a\u017e 1981, si po odchodu z B\u00edl\u00e9ho domu zvolil roli vyjednava\u010de ve sv\u011btov\u00fdch konfliktech. V m\u00edrov\u00fdch iniciativ\u00e1ch od Haiti a\u017e po Severn\u00ed Koreu se anga\u017euje dodnes. Jeho aktivity na poli lidsk\u00fdch pr\u00e1v mu v roce 2002 vynesly Nobelovu cenu za m\u00edr. Dnes \u0159ekl, \u017ee kv\u016fli l\u00e9\u010db\u011b v\u00fdrazn\u011b omez\u00ed sv\u00e9 pracovn\u00ed nasazen\u00ed. Carter je jedn\u00edm ze \u010dty\u0159 \u017eij\u00edc\u00edch americk\u00fdch exprezident\u016f.<\/p>\n","protected":false},"excerpt":{"rendered":"<div class=\"mh-excerpt\"><p>B\u00fdval\u00fd americk\u00fd prezident James &#8222;Jimmy&#8220; Carter je\u0161t\u011b dnes za\u010dne s radia\u010dn\u00ed l\u00e9\u010dbou rakovinn\u00fdch n\u00e1dor\u016f na mozku, kde mu l\u00e9ka\u0159i nalezli \u010dty\u0159i mal\u00e1 lo\u017eiska.<\/p>\n<\/div>","protected":false},"author":1,"featured_media":0,"comment_status":"open","ping_status":"closed","sticky":false,"template":"","format":"standard","meta":{"footnotes":""},"categories":[9],"tags":[],"class_list":["post-22451","post","type-post","status-publish","format-standard","hentry","category-zpravy"],"_links":{"self":[{"href":"https:\/\/www.invarena.cz\/index.php?rest_route=\/wp\/v2\/posts\/22451","targetHints":{"allow":["GET"]}}],"collection":[{"href":"https:\/\/www.invarena.cz\/index.php?rest_route=\/wp\/v2\/posts"}],"about":[{"href":"https:\/\/www.invarena.cz\/index.php?rest_route=\/wp\/v2\/types\/post"}],"author":[{"embeddable":true,"href":"https:\/\/www.invarena.cz\/index.php?rest_route=\/wp\/v2\/users\/1"}],"replies":[{"embeddable":true,"href":"https:\/\/www.invarena.cz\/index.php?rest_route=%2Fwp%2Fv2%2Fcomments&post=22451"}],"version-history":[{"count":0,"href":"https:\/\/www.invarena.cz\/index.php?rest_route=\/wp\/v2\/posts\/22451\/revisions"}],"wp:attachment":[{"href":"https:\/\/www.invarena.cz\/index.php?rest_route=%2Fwp%2Fv2%2Fmedia&parent=22451"}],"wp:term":[{"taxonomy":"category","embeddable":true,"href":"https:\/\/www.invarena.cz\/index.php?rest_route=%2Fwp%2Fv2%2Fcategories&post=22451"},{"taxonomy":"post_tag","embeddable":true,"href":"https:\/\/www.invarena.cz\/index.php?rest_route=%2Fwp%2Fv2%2Ftags&post=22451"}],"curies":[{"name":"wp","href":"https:\/\/api.w.org\/{rel}","templated":true}]}}