{"id":22454,"date":"2015-08-22T09:43:34","date_gmt":"2015-08-22T07:43:34","guid":{"rendered":"http:\/\/www.invarena.cz\/?p=22454"},"modified":"2015-08-22T09:43:34","modified_gmt":"2015-08-22T07:43:34","slug":"studie-bipolarni-porucha-je-mozna-cenou-za-inteligenci","status":"publish","type":"post","link":"https:\/\/www.invarena.cz\/?p=22454","title":{"rendered":"Studie: Bipol\u00e1rn\u00ed porucha je mo\u017en\u00e1 cenou za inteligenci"},"content":{"rendered":"<p><strong>Z\u00e1va\u017en\u00e9 poruchy n\u00e1lady, jako je bipol\u00e1rn\u00ed porucha, mohou b\u00fdt cenou, kterou lid\u00e9 plat\u00ed za inteligenci a tv\u016fr\u010d\u00ed schopnosti. Vypl\u00fdv\u00e1 to z nov\u00e9ho v\u00fdzkumu, kter\u00fd spojil vysok\u00e9 IQ v d\u011btstv\u00ed se zv\u00fd\u0161en\u00fdm rizikem manick\u00fdch bipol\u00e1rn\u00edch stav\u016f v pozd\u011bj\u0161\u00edm \u017eivot\u011b, napsal britsk\u00fd list The Guardian.<\/strong><!--more--><\/p>\n<p>ilustra\u010dn\u00ed foto: marcello99 \/ stock.xchng<\/p>\n<p>    V\u011bdci zjistili IQ v\u00edce ne\u017e 1800 zkouman\u00fdch osob ve v\u011bku osmi let a stejn\u00e9 skupin\u011b jednotlivc\u016f ve v\u011bku 22 a\u017e 23 let zadali dotazn\u00edk zji\u0161\u0165uj\u00edc\u00ed manick\u00e9 znaky. Ti, kdo se v po\u010dtu t\u011bchto znak\u016f dostali mezi horn\u00edch deset procent, m\u011bli v d\u011btstv\u00ed IQ vy\u0161\u0161\u00ed o t\u00e9m\u011b\u0159 deset bod\u016f ne\u017e ti, kdo se v \u010detnosti v\u00fdskytu manick\u00fdch znak\u016f um\u00edstili mezi doln\u00edmi deseti procenty. Nejsiln\u011bji tato korelace vystupovala u lid\u00ed s vysok\u00fdm verb\u00e1ln\u00edm IQ.<br \/>\n    Tento v\u00fdsledek odpov\u00edd\u00e1 p\u0159edchoz\u00edm v\u00fdzkum\u016fm, kter\u00e9 zjistily, \u017ee jednotlivci se zv\u00fd\u0161enou genetickou n\u00e1chylnost\u00ed k bipol\u00e1rn\u00edm poruch\u00e1m z\u00e1rove\u0148 vykazovali celou \u0161k\u00e1lu kreativn\u00edch schopnost\u00ed, zvl\u00e1\u0161t\u011b pak v oblastech, kde je v\u00fdhodou verb\u00e1ln\u00ed zdatnost &#8211; jako je nap\u0159\u00edklad literatura.<br \/>\n    Bipol\u00e1rn\u00ed poruchy podle odhad\u016f odborn\u00edk\u016f v Brit\u00e1nii postihuj\u00ed ka\u017ed\u00e9ho st\u00e9ho \u010dlov\u011bka a jsou charakterizov\u00e1ny obdob\u00edmi deprese n\u00e1sledovan\u00fdmi manick\u00fdmi epizodami, b\u011bhem nich\u017e se lid\u00e9 c\u00edt\u00ed mimo\u0159\u00e1dn\u011b \u0161\u0165astn\u00ed, ambici\u00f3zn\u00ed a tv\u016fr\u010d\u00ed. Objevovat se mohou tak\u00e9 psychotick\u00e1 obdob\u00ed.<\/p>\n","protected":false},"excerpt":{"rendered":"<div class=\"mh-excerpt\"><p>Z\u00e1va\u017en\u00e9 poruchy n\u00e1lady, jako je bipol\u00e1rn\u00ed porucha, mohou b\u00fdt cenou, kterou lid\u00e9 plat\u00ed za inteligenci a tv\u016fr\u010d\u00ed schopnosti. Vypl\u00fdv\u00e1 to z nov\u00e9ho v\u00fdzkumu, kter\u00fd spojil <a class=\"mh-excerpt-more\" href=\"https:\/\/www.invarena.cz\/?p=22454\" title=\"Studie: Bipol\u00e1rn\u00ed porucha je mo\u017en\u00e1 cenou za inteligenci\">[&#8230;]<\/a><\/p>\n<\/div>","protected":false},"author":1,"featured_media":18803,"comment_status":"open","ping_status":"closed","sticky":false,"template":"","format":"standard","meta":{"footnotes":""},"categories":[11],"tags":[],"class_list":["post-22454","post","type-post","status-publish","format-standard","has-post-thumbnail","hentry","category-zdravi"],"_links":{"self":[{"href":"https:\/\/www.invarena.cz\/index.php?rest_route=\/wp\/v2\/posts\/22454","targetHints":{"allow":["GET"]}}],"collection":[{"href":"https:\/\/www.invarena.cz\/index.php?rest_route=\/wp\/v2\/posts"}],"about":[{"href":"https:\/\/www.invarena.cz\/index.php?rest_route=\/wp\/v2\/types\/post"}],"author":[{"embeddable":true,"href":"https:\/\/www.invarena.cz\/index.php?rest_route=\/wp\/v2\/users\/1"}],"replies":[{"embeddable":true,"href":"https:\/\/www.invarena.cz\/index.php?rest_route=%2Fwp%2Fv2%2Fcomments&post=22454"}],"version-history":[{"count":0,"href":"https:\/\/www.invarena.cz\/index.php?rest_route=\/wp\/v2\/posts\/22454\/revisions"}],"wp:featuredmedia":[{"embeddable":true,"href":"https:\/\/www.invarena.cz\/index.php?rest_route=\/wp\/v2\/media\/18803"}],"wp:attachment":[{"href":"https:\/\/www.invarena.cz\/index.php?rest_route=%2Fwp%2Fv2%2Fmedia&parent=22454"}],"wp:term":[{"taxonomy":"category","embeddable":true,"href":"https:\/\/www.invarena.cz\/index.php?rest_route=%2Fwp%2Fv2%2Fcategories&post=22454"},{"taxonomy":"post_tag","embeddable":true,"href":"https:\/\/www.invarena.cz\/index.php?rest_route=%2Fwp%2Fv2%2Ftags&post=22454"}],"curies":[{"name":"wp","href":"https:\/\/api.w.org\/{rel}","templated":true}]}}