{"id":22456,"date":"2015-08-22T09:48:08","date_gmt":"2015-08-22T07:48:08","guid":{"rendered":"http:\/\/www.invarena.cz\/?p=22456"},"modified":"2015-08-22T09:48:08","modified_gmt":"2015-08-22T07:48:08","slug":"svedske-lekarny-chteji-kvuli-rasove-vyvazenosti-barevne-naplasti","status":"publish","type":"post","link":"https:\/\/www.invarena.cz\/?p=22456","title":{"rendered":"\u0160v\u00e9dsk\u00e9 l\u00e9k\u00e1rny cht\u011bj\u00ed kv\u016fli rasov\u00e9 vyv\u00e1\u017eenosti barevn\u00e9 n\u00e1plasti"},"content":{"rendered":"<p><strong>\u0160v\u00e9dsk\u00fd l\u00e9k\u00e1rensk\u00fd \u0159et\u011bzec Apoteket se chyst\u00e1 nab\u00edzet n\u00e1plasti i v tmav\u00fdch odst\u00ednech, nejen v tradi\u010dn\u00ed b\u00e9\u017eov\u00e9 barv\u011b. Podnik sv\u016fj z\u00e1m\u011br ohl\u00e1sil jen kr\u00e1tce pot\u00e9, co byl na internetu kv\u016fli nedostate\u010dn\u00e9mu v\u00fdb\u011bru n\u00e1plast\u00ed kritizov\u00e1n za rasismus, napsal zpravodajsk\u00fd port\u00e1l The Local.<\/strong><!--more--><\/p>\n<p>    L\u00e9k\u00e1renskou s\u00ed\u0165 z p\u0159isp\u00edv\u00e1n\u00ed k rasismu na\u0159kla blogerka Paula Dahlbergov\u00e1, kter\u00e1 pravideln\u011b na ne\u0161vary souvisej\u00edc\u00ed s p\u0159edsudky upozor\u0148uje. V pond\u011bln\u00edm rozhovoru se \u0161v\u00e9dsk\u00fdm rozhlasem Sveriges Radio \u0159ekla, \u017ee Apoteket omezen\u00fdm v\u00fdb\u011brem barev n\u00e1plast\u00ed p\u0159isp\u00edv\u00e1 k diskriminaci lid\u00ed s tmav\u0161\u00ed plet\u00ed.<br \/>\n    Spole\u010dnost se kritice br\u00e1n\u00ed a tvrd\u00ed, \u017ee z\u00e1m\u011br uv\u00e9st n\u00e1plasti nejr\u016fzn\u011bj\u0161\u00edch barevn\u00fdch odst\u00edn\u016f vznikl je\u0161t\u011b p\u0159ed kritick\u00fdm koment\u00e1\u0159em Dahlbergov\u00e9 a \u017ee ho firma prob\u00edrala s \u0159adou \u0161v\u00e9dsk\u00fdch organizac\u00ed bojuj\u00edc\u00edch proti rasismu.<br \/>\n    &#8222;Nestane se to do p\u0159\u00ed\u0161t\u00edho t\u00fddne, ale douf\u00e1me, \u017ee do konce roku budeme m\u00edt co nab\u00eddnout,&#8220; uvedl l\u00e9k\u00e1rensk\u00fd podnik k mo\u017en\u00e9mu term\u00ednu zaveden\u00ed nov\u00fdch barevn\u00fdch n\u00e1plast\u00ed. Spole\u010dnost rovn\u011b\u017e uvedla, \u017ee jej\u00ed pl\u00e1n s n\u00e1plastmi je neobvykl\u00fd a \u017ee nem\u00e1 informace o tom, \u017ee by se n\u011bco podobn\u00e9ho \u0159e\u0161ilo v jin\u00fdch zem\u00edch. <\/p>\n","protected":false},"excerpt":{"rendered":"<div class=\"mh-excerpt\"><p>\u0160v\u00e9dsk\u00fd l\u00e9k\u00e1rensk\u00fd \u0159et\u011bzec Apoteket se chyst\u00e1 nab\u00edzet n\u00e1plasti i v tmav\u00fdch odst\u00ednech, nejen v tradi\u010dn\u00ed b\u00e9\u017eov\u00e9 barv\u011b. Podnik sv\u016fj z\u00e1m\u011br ohl\u00e1sil jen kr\u00e1tce pot\u00e9, co <a class=\"mh-excerpt-more\" href=\"https:\/\/www.invarena.cz\/?p=22456\" title=\"\u0160v\u00e9dsk\u00e9 l\u00e9k\u00e1rny cht\u011bj\u00ed kv\u016fli rasov\u00e9 vyv\u00e1\u017eenosti barevn\u00e9 n\u00e1plasti\">[&#8230;]<\/a><\/p>\n<\/div>","protected":false},"author":1,"featured_media":14163,"comment_status":"open","ping_status":"closed","sticky":false,"template":"","format":"standard","meta":{"footnotes":""},"categories":[11],"tags":[],"class_list":["post-22456","post","type-post","status-publish","format-standard","has-post-thumbnail","hentry","category-zdravi"],"_links":{"self":[{"href":"https:\/\/www.invarena.cz\/index.php?rest_route=\/wp\/v2\/posts\/22456","targetHints":{"allow":["GET"]}}],"collection":[{"href":"https:\/\/www.invarena.cz\/index.php?rest_route=\/wp\/v2\/posts"}],"about":[{"href":"https:\/\/www.invarena.cz\/index.php?rest_route=\/wp\/v2\/types\/post"}],"author":[{"embeddable":true,"href":"https:\/\/www.invarena.cz\/index.php?rest_route=\/wp\/v2\/users\/1"}],"replies":[{"embeddable":true,"href":"https:\/\/www.invarena.cz\/index.php?rest_route=%2Fwp%2Fv2%2Fcomments&post=22456"}],"version-history":[{"count":0,"href":"https:\/\/www.invarena.cz\/index.php?rest_route=\/wp\/v2\/posts\/22456\/revisions"}],"wp:featuredmedia":[{"embeddable":true,"href":"https:\/\/www.invarena.cz\/index.php?rest_route=\/wp\/v2\/media\/14163"}],"wp:attachment":[{"href":"https:\/\/www.invarena.cz\/index.php?rest_route=%2Fwp%2Fv2%2Fmedia&parent=22456"}],"wp:term":[{"taxonomy":"category","embeddable":true,"href":"https:\/\/www.invarena.cz\/index.php?rest_route=%2Fwp%2Fv2%2Fcategories&post=22456"},{"taxonomy":"post_tag","embeddable":true,"href":"https:\/\/www.invarena.cz\/index.php?rest_route=%2Fwp%2Fv2%2Ftags&post=22456"}],"curies":[{"name":"wp","href":"https:\/\/api.w.org\/{rel}","templated":true}]}}