{"id":22467,"date":"2015-08-24T12:33:11","date_gmt":"2015-08-24T10:33:11","guid":{"rendered":"http:\/\/www.invarena.cz\/?p=22467"},"modified":"2015-08-24T12:33:11","modified_gmt":"2015-08-24T10:33:11","slug":"prisel-o-vozik-za-160-tisic-i-sanci-na-aktivni-zivot-svuj-florbalovy-tym-ale-opustit-nechce","status":"publish","type":"post","link":"https:\/\/www.invarena.cz\/?p=22467","title":{"rendered":"P\u0159i\u0161el o voz\u00edk za 160 tis\u00edc i \u0161anci na aktivn\u00ed \u017eivot. Sv\u016fj florbalov\u00fd t\u00fdm ale opustit nechce"},"content":{"rendered":"<p><strong>V\u00e1clav Uher spadl v roce 2001 ze stromu a poranil si kr\u010dn\u00ed p\u00e1te\u0159. Od t\u00e9 doby je odk\u00e1z\u00e1n na invalidn\u00ed voz\u00edk. &#8222;Kdysi jsem si myslel, \u017ee jsem n\u00e1sledkem \u00farazu p\u0159i\u0161el o v\u0161echny mo\u017enosti sportovat. Florbal na elektrick\u00fdch voz\u00edc\u00edch mi ale uk\u00e1zal, \u017ee jsem se d\u00edkybohu m\u00fdlil,&#8220; \u0159\u00edk\u00e1.<\/strong> <!--more--><\/p>\n<p>Praha \u2013 Hran\u00ed florbalu je ale pro n\u011bj mnohem v\u00edc ne\u017e sport, je to \u0161ance na norm\u00e1ln\u00ed \u017eivot. &#8222;Lid\u00e9, kte\u0159\u00ed ovl\u00e1daj\u00ed voz\u00edk \u00fasty nebo jsou zcela z\u00e1visl\u00ed na asisten\u010dn\u00ed p\u00e9\u010di, i ti mohou n\u00e1\u0161 florbal hr\u00e1t,&#8220; dopl\u0148uje.<\/p>\n<p>Oto hor\u0161\u00ed pro n\u011bj bylo, kdy\u017e zjistil, \u017ee jeho sportovn\u00ed voz\u00edk za 160 tis\u00edc korun n\u011bkdo ukradl. Stalo se to v ned\u011bli mezi 16. a 20. hodinou v ulici Kodymova v Praze. Parkoval s n\u00edm, stejn\u011b jako ostatn\u00ed, v dom\u011b s pe\u010dovatelskou slu\u017ebou na chodb\u011b p\u0159ed bytem jednoho z handicapovan\u00fdch. &#8222;V\u0161ichni jsou kr\u00e1de\u017e\u00ed doslova \u0161okov\u00e1ni, proto\u017ee mnoz\u00ed z nich nech\u00e1vaj\u00ed sv\u00e9 civiln\u00ed voz\u00edky b\u011b\u017en\u011b p\u0159ed dve\u0159mi sv\u00e9ho bytu, zejm\u00e9na kv\u016fli nab\u00edjen\u00ed a mal\u00e9mu prostoru v byt\u011b,&#8220; vypr\u00e1v\u00ed V\u00e1clav Uher.<\/p>\n<p>Voz\u00edk byl nav\u00edc elektronicky zam\u010den\u00fd, bylo tedy nutn\u00e9 zn\u00e1t specifick\u00fd syst\u00e9m odemyk\u00e1n\u00ed joysticku, naj\u00edt mechanick\u00e9 odblokov\u00e1n\u00ed v motoru nebo ho ru\u010dn\u011b vyn\u00e9st z domu.<\/p>\n<p>Posledn\u00ed varianta se ov\u0161em jev\u00ed jako dosti nepravd\u011bpodobn\u00e1, proto\u017ee v\u00e1\u017e\u00ed 130 kilogram\u016f a kr\u00e1de\u017e nav\u00edc prob\u011bhla za b\u00edl\u00e9ho dne.<\/p>\n<p>Pom\u016fcka na m\u00edru<\/p>\n<p>Odcizen\u00fd voz\u00edk je ov\u0161em vyu\u017eiteln\u00fd pouze k hran\u00ed florbalu, m\u016f\u017ee se pohybovat jen po rovn\u00e9m povrchu. Pro b\u011b\u017en\u00fd provoz je nepou\u017eiteln\u00fd. Nav\u00edc byl postaven na m\u00edru, aby vyhovoval technice hry a z\u00e1rove\u0148 poskytoval svobodu pohybu. I proto je jeho cena tak vysok\u00e1 a voz\u00edk vcelku prakticky neprodejn\u00fd. Kdekoli by se objevil, tam by ho okam\u017eit\u011b identifikovali. &#8222;Je mo\u017en\u00e9, \u017ee zlod\u011bj ho bude muset prodat na sou\u010d\u00e1stky, pokud si ho nechce nechat doma, co\u017e nep\u0159edpokl\u00e1d\u00e1m. Mus\u00edme tedy sledovat inzer\u00e1ty v tuzemsku i zahrani\u010d\u00ed,&#8220; dodal Uher.<\/p>\n<p>Policie po zlod\u011bji p\u00e1tr\u00e1. Zvedla se ov\u0161em i obrovsk\u00e1 vlna solidarity na soci\u00e1ln\u00edch s\u00edt\u00edch. &#8222;V\u011b\u0159\u00edme, \u017ee se n\u00e1m spole\u010dn\u011b poda\u0159\u00ed voz\u00edk naj\u00edt, co\u017e by byla ta nejlep\u0161\u00ed varianta,&#8220; douf\u00e1 okraden\u00fd. Z\u00e1rove\u0148 d\u011bkuje v\u0161em, kte\u0159\u00ed ho podporuj\u00ed, i t\u011bm, kte\u0159\u00ed mu nab\u00edz\u00ed finan\u010dn\u00ed pomoc. &#8222;Moc v\u00e1m d\u011bkuji za podporu. Velmi si toho v\u00e1\u017e\u00edm. S na\u0161\u00edm florbalov\u00fdm t\u00fdmem New Cavaliers se m\u016f\u017eete sezn\u00e1mit osobn\u011b nebo na na\u0161em webu www.flor\u00acin.cz,&#8220; uzav\u00edr\u00e1 V\u00e1clav Uher s t\u00edm, \u017ee pokud se voz\u00edk nenajde, bude alespo\u0148 sv\u00e9mu t\u00fdmu fandit.<\/p>\n<p>\u010c\u00edslo \u00fa\u010dtu, kam je mo\u017en\u00e9 zas\u00edlat finan\u010dn\u00ed \u010d\u00e1stky na zakoupen\u00ed nov\u00e9ho voz\u00edku, je 107\u00ac8828000277\/0100.<\/p>\n<p>JITKA BUD\u00cdLKOV\u00c1<br \/>\nJihlavsk\u00fd den\u00edk<br \/>\n<a href=\"http:\/\/www.jihlavsky.denik.cz\/\">http:\/\/www.jihlavsky.denik.cz\/<\/a><\/p>\n","protected":false},"excerpt":{"rendered":"<div class=\"mh-excerpt\"><p>V\u00e1clav Uher spadl v roce 2001 ze stromu a poranil si kr\u010dn\u00ed p\u00e1te\u0159. Od t\u00e9 doby je odk\u00e1z\u00e1n na invalidn\u00ed voz\u00edk. &#8222;Kdysi jsem si myslel, <a class=\"mh-excerpt-more\" href=\"https:\/\/www.invarena.cz\/?p=22467\" title=\"P\u0159i\u0161el o voz\u00edk za 160 tis\u00edc i \u0161anci na aktivn\u00ed \u017eivot. Sv\u016fj florbalov\u00fd t\u00fdm ale opustit nechce\">[&#8230;]<\/a><\/p>\n<\/div>","protected":false},"author":1,"featured_media":3453,"comment_status":"open","ping_status":"closed","sticky":false,"template":"","format":"standard","meta":{"footnotes":""},"categories":[9],"tags":[],"class_list":["post-22467","post","type-post","status-publish","format-standard","has-post-thumbnail","hentry","category-zpravy"],"_links":{"self":[{"href":"https:\/\/www.invarena.cz\/index.php?rest_route=\/wp\/v2\/posts\/22467","targetHints":{"allow":["GET"]}}],"collection":[{"href":"https:\/\/www.invarena.cz\/index.php?rest_route=\/wp\/v2\/posts"}],"about":[{"href":"https:\/\/www.invarena.cz\/index.php?rest_route=\/wp\/v2\/types\/post"}],"author":[{"embeddable":true,"href":"https:\/\/www.invarena.cz\/index.php?rest_route=\/wp\/v2\/users\/1"}],"replies":[{"embeddable":true,"href":"https:\/\/www.invarena.cz\/index.php?rest_route=%2Fwp%2Fv2%2Fcomments&post=22467"}],"version-history":[{"count":0,"href":"https:\/\/www.invarena.cz\/index.php?rest_route=\/wp\/v2\/posts\/22467\/revisions"}],"wp:featuredmedia":[{"embeddable":true,"href":"https:\/\/www.invarena.cz\/index.php?rest_route=\/wp\/v2\/media\/3453"}],"wp:attachment":[{"href":"https:\/\/www.invarena.cz\/index.php?rest_route=%2Fwp%2Fv2%2Fmedia&parent=22467"}],"wp:term":[{"taxonomy":"category","embeddable":true,"href":"https:\/\/www.invarena.cz\/index.php?rest_route=%2Fwp%2Fv2%2Fcategories&post=22467"},{"taxonomy":"post_tag","embeddable":true,"href":"https:\/\/www.invarena.cz\/index.php?rest_route=%2Fwp%2Fv2%2Ftags&post=22467"}],"curies":[{"name":"wp","href":"https:\/\/api.w.org\/{rel}","templated":true}]}}