{"id":22479,"date":"2015-08-24T14:32:54","date_gmt":"2015-08-24T12:32:54","guid":{"rendered":"http:\/\/www.invarena.cz\/?p=22479"},"modified":"2015-08-24T14:32:54","modified_gmt":"2015-08-24T12:32:54","slug":"jaky-dopad-na-pojistne-bude-mit-zvyseni-minimalni-mzdy","status":"publish","type":"post","link":"https:\/\/www.invarena.cz\/?p=22479","title":{"rendered":"Jak\u00fd dopad na pojistn\u00e9 bude m\u00edt zv\u00fd\u0161en\u00ed minim\u00e1ln\u00ed mzdy?"},"content":{"rendered":"<p><strong>OT\u00c1ZKA: Jak\u00fd dopad na platby pojistn\u00e9ho zdravotn\u00ed poji\u0161\u0165ovn\u011b bude m\u00edt ohl\u00e1\u0161en\u00e9 zv\u00fd\u0161en\u00ed minim\u00e1ln\u00ed mzdy?<\/strong><!--more--><\/p>\n<p><b>ODPOV\u011a\u010e:<\/b><\/p>\n<p class=\"western\" align=\"justify\">Od minim\u00e1ln\u00ed mzdy se odv\u00edj\u00ed v\u00fd\u0161e pojistn\u00e9ho na zdravotn\u00ed poji\u0161t\u011bn\u00ed <b>osob bez zdaniteln\u00fdch p\u0159\u00edjm\u016f<\/b> a\u00a0minim\u00e1ln\u00ed platby pojistn\u00e9ho <b>za zam\u011bstnance<\/b>. Ti tedy mus\u00ed po\u010d\u00edtat se zv\u00fd\u0161en\u00edm pojistn\u00e9ho, jestli\u017ee se zvy\u0161uje minim\u00e1ln\u00ed mzda.<\/p>\n<p class=\"western\" align=\"justify\">Pojistn\u00e9 se vypo\u010d\u00edt\u00e1v\u00e1 jako 13,5\u00a0% z\u00a0vym\u011b\u0159ovac\u00edho z\u00e1kladu. Jestli\u017ee bude <span style=\"color: #0000ff;\"><span style=\"text-decoration: underline;\"><a class=\"western\" href=\"http:\/\/www.vzp.cz\/platci\/informace\/povinnosti-platcu-metodika\/obzp\/minimalni-mzda\"><span style=\"color: #000000;\">minim\u00e1ln\u00ed mzda<\/span><\/a><\/span><\/span> <b>od 1.\u00a01. 2016<\/b> \u010dinit <b>9\u00a0900\u00a0K\u010d<\/b>, bude t\u0159eba odv\u00e1d\u011bt pojistn\u00e9 na zdravotn\u00ed poji\u0161t\u011bn\u00ed z\u00a0tohoto vym\u011b\u0159ovac\u00edho z\u00e1kladu ve v\u00fd\u0161i <b>1\u00a0337\u00a0K\u010d.<\/b> Dosud, od 1.\u00a01.\u00a02015 je minim\u00e1ln\u00ed mzda stanovena na\u0159\u00edzen\u00edm vl\u00e1dy na 9\u00a0200\u00a0K\u010d, z \u010deho\u017e pojistn\u00e9 je 1\u00a0242\u00a0K\u010d. Zv\u00fd\u0161en\u00ed tedy p\u0159edstavuje \u010d\u00e1stku <b>95 korun m\u011bs\u00ed\u010dn\u011b<\/b>.<\/p>\n<p class=\"western\" align=\"justify\">Zm\u011bnu v\u00fd\u0161e sv\u00e9 platby na zdravotn\u00ed poji\u0161t\u011bn\u00ed v\u00a0d\u016fsledku zv\u00fd\u0161en\u00ed minim\u00e1ln\u00ed mzdy si budou muset pe\u010dliv\u011b ohl\u00eddat v\u0161echny tzv. <span style=\"color: #0000ff;\"><span style=\"text-decoration: underline;\"><a class=\"western\" href=\"http:\/\/www.vzp.cz\/platci\/informace\/obzp\"><span style=\"color: #000000;\"><b>osoby bez zdaniteln\u00fdch p\u0159\u00edjm\u016f<\/b><\/span><\/a><\/span><\/span>. Pojistn\u00e9 si mus\u00ed zv\u00fd\u0161it na 1\u00a0337\u00a0K\u010d od lednov\u00e9 platby (splatn\u00e9 od 1.\u00a0ledna do 8.\u00a0\u00fanora 2016). M\u016f\u017eeme p\u0159ipomenout, \u017ee do kategorie OBZP pat\u0159\u00ed nap\u0159. nezam\u011bstnan\u00ed, kte\u0159\u00ed nejsou v\u00a0evidenci \u00fa\u0159adu pr\u00e1ce, mnoh\u00e9 \u017eeny v\u00a0dom\u00e1cnosti (kdy\u017e nepe\u010duj\u00ed celodenn\u011b osobn\u011b a\u00a0\u0159\u00e1dn\u011b o\u00a0d\u00edt\u011b do 7\u00a0let nebo o\u00a0dv\u011b d\u011bti do 15\u00a0let, ani nepob\u00edraj\u00ed d\u016fchod, ani nejsou v\u00a0evidenci \u00fa\u0159adu pr\u00e1ce jako uchaze\u010d o zam\u011bstn\u00e1n\u00ed), studenti, kte\u0159\u00ed studuj\u00ed na \u0161kole, je\u017e nebyla ministerstvem \u0161kolstv\u00ed uzn\u00e1na jako soustavn\u00e1 p\u0159\u00edprava na budouc\u00ed povol\u00e1n\u00ed (n\u011bkter\u00e9 jazykov\u00e9 \u0161koly, \u0159ada \u0161kol v\u00a0cizin\u011b atd.), p\u0159\u00edpadn\u011b studenti star\u0161\u00ed 26\u00a0let nebo ti, kte\u0159\u00ed po ukon\u010den\u00ed \u0161koly nenastoup\u00ed ihned po pr\u00e1zdnin\u00e1ch do zam\u011bstn\u00e1n\u00ed nebo neza\u010dnou podnikat (a\u00a0st\u00e1t za n\u011b neplat\u00ed pojistn\u00e9 z\u00a0n\u011bjak\u00e9ho jin\u00e9ho d\u016fvodu, ne\u017e jako za nezaopat\u0159en\u00e9 d\u00edt\u011b).<\/p>\n<p class=\"western\" align=\"justify\"><b>U <\/b><span style=\"color: #0000ff;\"><span style=\"text-decoration: underline;\"><a class=\"western\" href=\"http:\/\/www.vzp.cz\/platci\/informace\/zamestnavatel\"><span style=\"color: #000000;\"><b>zam\u011bstnanc\u016f<\/b><\/span><\/a><\/span><\/span> je to tak, \u017ee odvod pojistn\u00e9ho nejm\u00e9n\u011b ve v\u00fd\u0161i odpov\u00eddaj\u00edc\u00ed minimu (13,5\u00a0% z\u00a0\u010d\u00e1stky minim\u00e1ln\u00ed mzdy) mus\u00ed b\u00fdt zam\u011bstnavatelem zaji\u0161t\u011bn za ka\u017ed\u00e9ho zam\u011bstnance, na kter\u00e9ho se vztahuje povinnost placen\u00ed pojistn\u00e9ho alespo\u0148 z\u00a0minim\u00e1ln\u00edho vym\u011b\u0159ovac\u00edho z\u00e1kladu. Pokud je takov\u00e9mu zam\u011bstnanci z\u00fa\u010dtov\u00e1n p\u0159\u00edjem ni\u017e\u0161\u00ed ne\u017e minim\u00e1ln\u00ed mzda, mus\u00ed b\u00fdt proveden dopo\u010det a\u00a0n\u00e1sledn\u00fd doplatek pojistn\u00e9ho do z\u00e1konn\u00e9ho minima. Pojistn\u00e9 jen ze skute\u010dn\u00e9 v\u00fd\u0161e p\u0159\u00edjmu, by\u0165 by minima nedosahoval, zam\u011bstnavatel odvede za situace, kdy se na zam\u011bstnance <span style=\"color: #0000ff;\"><span style=\"text-decoration: underline;\"><a class=\"western\" href=\"http:\/\/www.vzp.cz\/platci\/informace\/povinnosti-platcu-metodika\/zamestnavatele\/minimalni-vymerovaci-zaklad\"><span style=\"color: #000000;\">nevztahuje<\/span><\/a><\/span><\/span> povinnost dodr\u017eet minim\u00e1ln\u00ed vym\u011b\u0159ovac\u00ed z\u00e1klad (zam\u011bstnanec je nap\u0159. sou\u010dasn\u011b OSV\u010c a\u00a0odv\u00e1d\u00ed alespo\u0148 minim\u00e1ln\u00ed z\u00e1lohy platn\u00e9 pro OSV\u010c, je sou\u010dasn\u011b zam\u011bstn\u00e1n u\u00a0jin\u00e9ho zam\u011bstnavatele a\u00a0dolo\u017e\u00ed, \u017ee v\u00a0sou\u010dtu p\u0159\u00edjm\u016f je \u010d\u00e1stky minima dosa\u017eeno, atd.)<\/p>\n<p class=\"western\" align=\"justify\"><b>N\u00e1r\u016fst minim\u00e1ln\u00ed mzdy se p\u0159\u00edmo nedotkne plateb pojistn\u00e9ho u\u00a0osob samostatn\u011b v\u00fdd\u011ble\u010dn\u011b \u010dinn\u00fdch<\/b> (jejich pojistn\u00e9 souvis\u00ed s v\u00fd\u0161\u00ed <span style=\"color: #0000ff;\"><span style=\"text-decoration: underline;\"><a class=\"western\" href=\"http:\/\/www.vzp.cz\/platci\/informace\/povinnosti-platcu-metodika\/osvc\/osvc-prumerna-mzda\"><span style=\"color: #000000;\">pr\u016fm\u011brn\u00e9 mzdy<\/span><\/a><\/span><\/span>, nikoli mzdy minim\u00e1ln\u00ed), <b>ani nesouvis\u00ed s\u00a0<\/b><span style=\"color: #0000ff;\"><span style=\"text-decoration: underline;\"><a class=\"western\" href=\"http:\/\/www.vzp.cz\/platci\/informace\/povinnosti-platcu-metodika\/stat\/vymerovaci-zaklad-stat\"><span style=\"color: #000000;\"><b>platbou st\u00e1tu<\/b><\/span><\/a><\/span><\/span> za d\u011bti, d\u016fchodce, nezam\u011bstnan\u00e9, \u017eeny na mate\u0159sk\u00e9 a\u00a0dal\u0161\u00ed osoby,<span style=\"color: #0000ff;\"><span style=\"text-decoration: underline;\"><a class=\"western\" href=\"http:\/\/www.vzp.cz\/platci\/informace\/stat\"><span style=\"color: #000000;\"> za kter\u00e9 je st\u00e1t pl\u00e1tcem pojistn\u00e9ho<\/span><\/a><\/span><\/span> na zdravotn\u00ed poji\u0161t\u011bn\u00ed.<\/p>\n<p class=\"western\"><b>Mgr. Old\u0159ich Tich\u00fd<br \/>\n<\/b>vedouc\u00ed tiskov\u00e9ho odd\u011blen\u00ed a tiskov\u00fd mluv\u010d\u00ed<\/p>\n","protected":false},"excerpt":{"rendered":"<div class=\"mh-excerpt\"><p>OT\u00c1ZKA: Jak\u00fd dopad na platby pojistn\u00e9ho zdravotn\u00ed poji\u0161\u0165ovn\u011b bude m\u00edt ohl\u00e1\u0161en\u00e9 zv\u00fd\u0161en\u00ed minim\u00e1ln\u00ed mzdy?<\/p>\n<\/div>","protected":false},"author":1,"featured_media":14519,"comment_status":"open","ping_status":"closed","sticky":false,"template":"","format":"standard","meta":{"footnotes":""},"categories":[18],"tags":[],"class_list":["post-22479","post","type-post","status-publish","format-standard","has-post-thumbnail","hentry","category-poradna"],"_links":{"self":[{"href":"https:\/\/www.invarena.cz\/index.php?rest_route=\/wp\/v2\/posts\/22479","targetHints":{"allow":["GET"]}}],"collection":[{"href":"https:\/\/www.invarena.cz\/index.php?rest_route=\/wp\/v2\/posts"}],"about":[{"href":"https:\/\/www.invarena.cz\/index.php?rest_route=\/wp\/v2\/types\/post"}],"author":[{"embeddable":true,"href":"https:\/\/www.invarena.cz\/index.php?rest_route=\/wp\/v2\/users\/1"}],"replies":[{"embeddable":true,"href":"https:\/\/www.invarena.cz\/index.php?rest_route=%2Fwp%2Fv2%2Fcomments&post=22479"}],"version-history":[{"count":0,"href":"https:\/\/www.invarena.cz\/index.php?rest_route=\/wp\/v2\/posts\/22479\/revisions"}],"wp:featuredmedia":[{"embeddable":true,"href":"https:\/\/www.invarena.cz\/index.php?rest_route=\/wp\/v2\/media\/14519"}],"wp:attachment":[{"href":"https:\/\/www.invarena.cz\/index.php?rest_route=%2Fwp%2Fv2%2Fmedia&parent=22479"}],"wp:term":[{"taxonomy":"category","embeddable":true,"href":"https:\/\/www.invarena.cz\/index.php?rest_route=%2Fwp%2Fv2%2Fcategories&post=22479"},{"taxonomy":"post_tag","embeddable":true,"href":"https:\/\/www.invarena.cz\/index.php?rest_route=%2Fwp%2Fv2%2Ftags&post=22479"}],"curies":[{"name":"wp","href":"https:\/\/api.w.org\/{rel}","templated":true}]}}