{"id":22497,"date":"2015-08-26T07:40:42","date_gmt":"2015-08-26T05:40:42","guid":{"rendered":"http:\/\/www.invarena.cz\/?p=22497"},"modified":"2015-08-26T07:40:42","modified_gmt":"2015-08-26T05:40:42","slug":"cesti-vojaci-v-afghanistanu-pomahaji-divce-s-vaznym-onemocnenim","status":"publish","type":"post","link":"https:\/\/www.invarena.cz\/?p=22497","title":{"rendered":"\u010ce\u0161t\u00ed voj\u00e1ci v Afgh\u00e1nist\u00e1nu pom\u00e1haj\u00ed d\u00edvce s v\u00e1\u017en\u00fdm onemocn\u011bn\u00edm"},"content":{"rendered":"<p><strong>\u010ce\u0161t\u00ed voj\u00e1ci, kte\u0159\u00ed jsou nasazeni v afgh\u00e1nsk\u00e9 provincii Parv\u00e1n, si d\u016fv\u011bru Afgh\u00e1nc\u016f z\u00edsk\u00e1vaj\u00ed i poskytov\u00e1n\u00edm zdravotn\u00ed p\u00e9\u010de m\u00edstn\u00edm obyvatel\u016fm.<\/strong> <!--more--><\/p>\n<p>B\u011bhem \u010dty\u0159 m\u011bs\u00edc\u016f sv\u00e9ho p\u016fsoben\u00ed na m\u00edst\u011b se takto postarali ji\u017e o n\u011bkolik des\u00edtek d\u011bt\u00ed a dosp\u011bl\u00fdch, kte\u0159\u00ed v\u011bt\u0161inou utrp\u011bli tr\u017en\u00e1 \u010di \u0159ezn\u00e1 poran\u011bn\u00ed, sd\u011blil plukovn\u00edk Jan \u0160ulc z Gener\u00e1ln\u00edho \u0161t\u00e1bu Arm\u00e1dy \u010cesk\u00e9 republiky. Ke konkr\u00e9tn\u00edm p\u0159\u00edpad\u016fm pomoci pat\u0159\u00ed i t\u0159\u00edlet\u00e1 afgh\u00e1nsk\u00e1 d\u00edvka Naz\u00edra.<br \/>\nNaz\u00edra se do p\u00e9\u010de p\u0159\u00edslu\u0161n\u00edk\u016f \u010desk\u00e9 arm\u00e1dy dostala, kdy\u017e voj\u00e1ci str\u00e1\u017en\u00ed \u010dety na jedn\u00e9 ze sv\u00fdch patrol potkali m\u00edstn\u00edho ob\u010dana, kter\u00fd m\u011bl v rukou slo\u017eku dokument\u016f. Tato v\u011bc je podle \u010desk\u00fdch voj\u00e1k\u016f v Afgh\u00e1nist\u00e1nu celkem nezvykl\u00e1, proto ho oslovili. B\u011bhem rozhovoru se uk\u00e1zalo, \u017ee jde o zdravotnickou dokumentaci jeho nemocn\u00e9 dcery, kter\u00e1 trp\u00ed v\u00e1\u017enou chorobou a byla doned\u00e1vna l\u00e9\u010dena v nemocnici v P\u00e1kist\u00e1nu. D\u011bv\u010d\u00e1tko mu ale ned\u00e1vno vr\u00e1tili zp\u011bt, proto\u017ee ji\u017e nebyl schopen pokr\u00fdt n\u00e1klady na l\u00e9\u010dbu.<br \/>\nL\u00e9ka\u0159 \u010desk\u00e9 jednotky po prostudov\u00e1n\u00ed zdravotn\u00ed dokumentace a vy\u0161et\u0159en\u00ed Naz\u00edry zjistil, \u017ee trp\u00ed takzvan\u00fdm nefrotick\u00fdm syndromem. Jde o z\u00e1va\u017en\u00e9 onemocn\u011bn\u00ed ledvin, kter\u00e9 je charakterizov\u00e1no neschopnost\u00ed ledvin zadr\u017eovat b\u00edlkoviny v t\u011ble, v d\u016fsledku \u010deho\u017e doch\u00e1z\u00ed k jejich ztr\u00e1t\u00e1m mo\u010d\u00ed. To pak vede k otok\u016fm po cel\u00e9m t\u011ble, sn\u00ed\u017een\u00ed imunity a vy\u0161\u0161\u00edmu riziku vzniku krevn\u00edch sra\u017eenin v c\u00e9vn\u00edm \u0159e\u010di\u0161ti. Ne\u00fasp\u011bch dosavadn\u00ed l\u00e9\u010dby spo\u010d\u00edval p\u0159edev\u0161\u00edm v jej\u00edm p\u0159ed\u010dasn\u00e9m ukon\u010den\u00ed.<br \/>\nPro \u00fasp\u011b\u0161nou l\u00e9\u010dbu je d\u016fle\u017eit\u00e1 nejen farmakologick\u00e1 terapie, ale tak\u00e9 podp\u016frn\u00e1 nefarmakologick\u00e1 p\u00e9\u010de, kter\u00e1 spo\u010d\u00edv\u00e1 v p\u0159\u00edjmu dostate\u010dn\u00e9ho mno\u017estv\u00ed \u017eivo\u010di\u0161n\u00fdch b\u00edlkovin a ml\u00e9\u010dn\u00fdch v\u00fdrobk\u016f. Na z\u00e1klad\u011b t\u00e9to informace se voj\u00e1ci 4. str\u00e1\u017en\u00ed roty rozhodli uspo\u0159\u00e1dat sb\u00edrku, jej\u00ed\u017e v\u00fdt\u011b\u017eek byl 721 dolar\u016f. Tyto pen\u00edze jsou v pr\u016fb\u011bhu l\u00e9\u010dby pou\u017e\u00edv\u00e1ny k n\u00e1kupu kvalitn\u00edch masn\u00fdch a ml\u00e9\u010dn\u00fdch v\u00fdrobk\u016f k zaji\u0161t\u011bn\u00ed co nejlep\u0161\u00ed podp\u016frn\u00e9 terapie.<br \/>\nVoj\u00e1ci p\u0159ipom\u00ednaj\u00ed, \u017ee podm\u00ednky pro l\u00e9\u010dbu v m\u00edst\u011b nasazen\u00ed se z\u00e1sadn\u011b li\u0161\u00ed od zp\u016fsobu l\u00e9\u010den\u00ed v podm\u00ednk\u00e1ch \u010cesk\u00e9 republiky, kde m\u00e1 l\u00e9ka\u0159 z\u00e1zem\u00ed laboratorn\u00edho a p\u0159\u00edstrojov\u00e9ho vybaven\u00ed. P\u0159i \u00fasp\u011b\u0161n\u00e9 l\u00e9\u010db\u011b doch\u00e1z\u00ed ke zmen\u0161en\u00ed otok\u016f a zlep\u0161ov\u00e1n\u00ed laboratorn\u00edch ukazatel\u016f v krvi a mo\u010di. V afgh\u00e1nsk\u00fdch podm\u00ednk\u00e1ch bylo mo\u017en\u00e9 pouze kontrolovat \u00fabytek v\u00e1hy (otok\u016f) sledov\u00e1n\u00edm hmotnosti mal\u00e9 pacientky a orienta\u010dn\u00edm vy\u0161et\u0159en\u00edm mo\u010di diagnostick\u00fdmi pap\u00edrky.<br \/>\n&#8222;I p\u0159es z\u00e1va\u017enost tohoto onemocn\u011bn\u00ed doch\u00e1z\u00ed u na\u0161\u00ed mal\u00e9 pacientky k \u00fasp\u011bch\u016fm. Do\u0161lo k v\u00fdrazn\u00e9mu \u00fastupu otok\u016f a vymizen\u00ed patologick\u00e9ho n\u00e1lezu v mo\u010di. D\u00e1le, podle na\u0161eho pozorov\u00e1n\u00ed i slov rodi\u010d\u016f, je Naz\u00edra \u017eiv\u011bj\u0161\u00ed a veselej\u0161\u00ed,&#8220; dod\u00e1v\u00e1 l\u00e9ka\u0159 4. str\u00e1\u017en\u00ed roty.<br \/>\nJeliko\u017e i p\u0159es \u00fasp\u011bch dosavadn\u00ed l\u00e9\u010dby st\u00e1le hroz\u00ed op\u011btovn\u00e9 vzplanut\u00ed t\u00e9to choroby, je Naz\u00ed\u0159e nad\u00e1le poskytov\u00e1na odborn\u00e1 p\u00e9\u010de l\u00e9ka\u0159em 4. str\u00e1\u017en\u00ed roty.<\/p>\n","protected":false},"excerpt":{"rendered":"<div class=\"mh-excerpt\"><p>\u010ce\u0161t\u00ed voj\u00e1ci, kte\u0159\u00ed jsou nasazeni v afgh\u00e1nsk\u00e9 provincii Parv\u00e1n, si d\u016fv\u011bru Afgh\u00e1nc\u016f z\u00edsk\u00e1vaj\u00ed i poskytov\u00e1n\u00edm zdravotn\u00ed p\u00e9\u010de m\u00edstn\u00edm obyvatel\u016fm.<\/p>\n<\/div>","protected":false},"author":1,"featured_media":11768,"comment_status":"open","ping_status":"closed","sticky":false,"template":"","format":"standard","meta":{"footnotes":""},"categories":[7],"tags":[],"class_list":["post-22497","post","type-post","status-publish","format-standard","has-post-thumbnail","hentry","category-spolecnost"],"_links":{"self":[{"href":"https:\/\/www.invarena.cz\/index.php?rest_route=\/wp\/v2\/posts\/22497","targetHints":{"allow":["GET"]}}],"collection":[{"href":"https:\/\/www.invarena.cz\/index.php?rest_route=\/wp\/v2\/posts"}],"about":[{"href":"https:\/\/www.invarena.cz\/index.php?rest_route=\/wp\/v2\/types\/post"}],"author":[{"embeddable":true,"href":"https:\/\/www.invarena.cz\/index.php?rest_route=\/wp\/v2\/users\/1"}],"replies":[{"embeddable":true,"href":"https:\/\/www.invarena.cz\/index.php?rest_route=%2Fwp%2Fv2%2Fcomments&post=22497"}],"version-history":[{"count":0,"href":"https:\/\/www.invarena.cz\/index.php?rest_route=\/wp\/v2\/posts\/22497\/revisions"}],"wp:featuredmedia":[{"embeddable":true,"href":"https:\/\/www.invarena.cz\/index.php?rest_route=\/wp\/v2\/media\/11768"}],"wp:attachment":[{"href":"https:\/\/www.invarena.cz\/index.php?rest_route=%2Fwp%2Fv2%2Fmedia&parent=22497"}],"wp:term":[{"taxonomy":"category","embeddable":true,"href":"https:\/\/www.invarena.cz\/index.php?rest_route=%2Fwp%2Fv2%2Fcategories&post=22497"},{"taxonomy":"post_tag","embeddable":true,"href":"https:\/\/www.invarena.cz\/index.php?rest_route=%2Fwp%2Fv2%2Ftags&post=22497"}],"curies":[{"name":"wp","href":"https:\/\/api.w.org\/{rel}","templated":true}]}}