{"id":22499,"date":"2015-08-26T07:51:33","date_gmt":"2015-08-26T05:51:33","guid":{"rendered":"http:\/\/www.invarena.cz\/?p=22499"},"modified":"2015-08-26T07:51:33","modified_gmt":"2015-08-26T05:51:33","slug":"kontaminace-podzemnich-vod-se-loni-zvysila","status":"publish","type":"post","link":"https:\/\/www.invarena.cz\/?p=22499","title":{"rendered":"Kontaminace podzemn\u00edch vod se loni zv\u00fd\u0161ila"},"content":{"rendered":"<p><strong>Kontaminace podzemn\u00edch vod anorganick\u00fdmi l\u00e1tkami a pesticidy se loni m\u00edrn\u011b zv\u00fd\u0161ila. Limity byly p\u0159ekro\u010den\u00e9 v 83,8 procenta m\u011b\u0159en\u00ed, zat\u00edmco o rok d\u0159\u00edve byly limity p\u0159ekro\u010den\u00e9 v 82 procentech m\u011b\u0159en\u00ed.<br \/>\n<\/strong><!--more--><\/p>\n<p>photo : stock.xchng<\/p>\n<p>Uv\u00e1d\u00ed to tzv. Modr\u00e1 zpr\u00e1va, kterou ve st\u0159edu p\u0159edlo\u017e\u00ed na jedn\u00e1n\u00ed vl\u00e1dy z\u00e1stupci ministerstev zem\u011bd\u011blstv\u00ed a \u017eivotn\u00edho prost\u0159ed\u00ed.<\/p>\n<p>    Z anorganick\u00fdch l\u00e1tek p\u0159ekra\u010dovaly limity nej\u010dast\u011bji mangan, amonn\u00e9 ionty a dusi\u010dnany. U organick\u00fdch l\u00e1tek \u0161lo nap\u0159\u00edklad o rozpu\u0161t\u011bn\u00fd organick\u00fd uhl\u00edk. Prakticky v\u017edy byly limity p\u0159ekro\u010den\u00e9 u m\u011blk\u00fdch vrt\u016f, kter\u00e9 jsou orientovan\u00e9 do \u0159\u00ed\u010dn\u00edch sediment\u016f, kde jsou z\u00e1sahy \u010dlov\u011bka vid\u011bt nejv\u00edce. U kov\u016f pak \u0161lo nej\u010dast\u011bji o baryum, d\u00e1le pak kobalt a nikl. U nadlimitn\u00edch dat pesticid\u016f &#8222;v\u00edt\u011bzily&#8220; metabolity herbicid\u016f, referen\u010dn\u00ed hodnota byla p\u0159ekro\u010dena i u 40 procent vod\u00e1rensk\u00fdch zdroj\u016f.<br \/>\n    Asociace pro bezpe\u010dn\u00e9 potraviny pova\u017euje stav za alarmuj\u00edc\u00ed. &#8222;Bez d\u016fsledn\u00e9ho legislativn\u00edho omezen\u00ed u\u017e\u00edv\u00e1n\u00ed chemick\u00fdch l\u00e1tek v zem\u011bd\u011blstv\u00ed se situace vysoce pravd\u011bpodobn\u011b bude d\u00e1le zhor\u0161ovat. Zne\u010di\u0161t\u011bn\u00ed spodn\u00edch i povrchov\u00fdch vod p\u0159itom nen\u00ed odstraniteln\u00e9 ze dne na den, kup\u0159\u00edkladu nechvaln\u011b zn\u00e1m\u00e9 DDT je dle zpr\u00e1vy v na\u0161ich \u0159ek\u00e1ch \u010detn\u011b detekov\u00e1no i po pades\u00e1ti letech, \u0159ekl p\u0159edseda asociace David Pal\u00e1n.<br \/>\n    Podle zpr\u00e1vy se v roce 2013 neuskute\u010dnily odb\u011bry v jarn\u00edm i podzimn\u00edm obdob\u00ed, proto se data za lo\u0148sk\u00fd rok bl\u00ed\u017e\u00ed hodnot\u00e1m z roku 2012.<\/p>\n<p>Objekty\tPo\u010det objekt\u016f\tPo\u010det objekt\u016f s p\u0159ekro\u010den\u00edm limit\u016f pro podzemn\u00ed vodu\tPod\u00edl objekt\u016f s p\u0159ekro\u010den\u00edm limit\u016f v roce 2012 (%)\tPod\u00edl objekt\u016f s p\u0159ekro\u010den\u00edm limit\u016f v roce 2013 (%)\tPod\u00edl objekt\u016f s p\u0159ekro\u010den\u00edm limit\u016f v roce 2014 (%)<br \/>\nM\u011blk\u00e9 vrty\t224\t214\t94,8\t94,1\t95,5<br \/>\nHlubok\u00e9 vrty a prameny\t442\t344\t78,1\t75,8\t77,8<br \/>\nVe\u0161ker\u00e9 objekty\t666\t558\t83,6\t82,0\t83,8<\/p>\n<p>    Zdroj: \u010cHM\u00da, Zpr\u00e1va o stavu vodn\u00edho hospod\u00e1\u0159stv\u00ed \u010cR<\/p>\n","protected":false},"excerpt":{"rendered":"<div class=\"mh-excerpt\"><p>Kontaminace podzemn\u00edch vod anorganick\u00fdmi l\u00e1tkami a pesticidy se loni m\u00edrn\u011b zv\u00fd\u0161ila. Limity byly p\u0159ekro\u010den\u00e9 v 83,8 procenta m\u011b\u0159en\u00ed, zat\u00edmco o rok d\u0159\u00edve byly limity p\u0159ekro\u010den\u00e9 <a class=\"mh-excerpt-more\" href=\"https:\/\/www.invarena.cz\/?p=22499\" title=\"Kontaminace podzemn\u00edch vod se loni zv\u00fd\u0161ila\">[&#8230;]<\/a><\/p>\n<\/div>","protected":false},"author":1,"featured_media":21142,"comment_status":"open","ping_status":"closed","sticky":false,"template":"","format":"standard","meta":{"footnotes":""},"categories":[11],"tags":[],"class_list":["post-22499","post","type-post","status-publish","format-standard","has-post-thumbnail","hentry","category-zdravi"],"_links":{"self":[{"href":"https:\/\/www.invarena.cz\/index.php?rest_route=\/wp\/v2\/posts\/22499","targetHints":{"allow":["GET"]}}],"collection":[{"href":"https:\/\/www.invarena.cz\/index.php?rest_route=\/wp\/v2\/posts"}],"about":[{"href":"https:\/\/www.invarena.cz\/index.php?rest_route=\/wp\/v2\/types\/post"}],"author":[{"embeddable":true,"href":"https:\/\/www.invarena.cz\/index.php?rest_route=\/wp\/v2\/users\/1"}],"replies":[{"embeddable":true,"href":"https:\/\/www.invarena.cz\/index.php?rest_route=%2Fwp%2Fv2%2Fcomments&post=22499"}],"version-history":[{"count":0,"href":"https:\/\/www.invarena.cz\/index.php?rest_route=\/wp\/v2\/posts\/22499\/revisions"}],"wp:featuredmedia":[{"embeddable":true,"href":"https:\/\/www.invarena.cz\/index.php?rest_route=\/wp\/v2\/media\/21142"}],"wp:attachment":[{"href":"https:\/\/www.invarena.cz\/index.php?rest_route=%2Fwp%2Fv2%2Fmedia&parent=22499"}],"wp:term":[{"taxonomy":"category","embeddable":true,"href":"https:\/\/www.invarena.cz\/index.php?rest_route=%2Fwp%2Fv2%2Fcategories&post=22499"},{"taxonomy":"post_tag","embeddable":true,"href":"https:\/\/www.invarena.cz\/index.php?rest_route=%2Fwp%2Fv2%2Ftags&post=22499"}],"curies":[{"name":"wp","href":"https:\/\/api.w.org\/{rel}","templated":true}]}}