{"id":22502,"date":"2015-08-29T08:20:55","date_gmt":"2015-08-29T06:20:55","guid":{"rendered":"http:\/\/www.invarena.cz\/?p=22502"},"modified":"2015-08-29T08:20:55","modified_gmt":"2015-08-29T06:20:55","slug":"uzkostne-stavy-jsou-castejsi","status":"publish","type":"post","link":"https:\/\/www.invarena.cz\/?p=22502","title":{"rendered":"\u00dazkostn\u00e9 stavy jsou \u010dast\u011bj\u0161\u00ed"},"content":{"rendered":"<p><strong>Psychologov\u00e9 a psychiat\u0159i v dne\u0161n\u00ed dob\u011b \u010dasto pom\u00e1haj\u00ed lidem s \u00fazkostmi, nespavost\u00ed nebo depresemi. <\/strong><!--more--><\/p>\n<p>Region \u2013 Obsedantn\u011b kompulzivn\u00ed porucha, nespavost, deprese nebo schizofrenie. Du\u0161evn\u00edch onemocn\u011bn\u00ed, se kter\u00fdmi psychologov\u00e9 a psychiat\u0159i pacient\u016fm pom\u00e1haj\u00ed, je cel\u00e1 \u0159ada. Podle n\u011bkter\u00fdch odborn\u00edk\u016f pacient\u016f s ur\u010dit\u00fdmi nemocemi p\u0159ib\u00fdv\u00e1.<br \/>\n&#8222;Diagnostikujeme v\u00edce pacient\u016f s \u00fazkostn\u00fdmi poruchami a nespavost\u00ed. \u010cast\u00e9 jsou tak\u00e9 probl\u00e9my zap\u0159\u00ed\u010din\u011bn\u00e9 ztr\u00e1tou zam\u011bstn\u00e1n\u00ed,&#8220; \u0159ekl fr\u00fddecko\u00acm\u00edsteck\u00fd psychiatr Miroslav Bukovjan. Doplnil, \u017ee pr\u00e1v\u011b nemoci, o kter\u00fdch se nejv\u00edce mluv\u00ed, jako jsou schizofrenie nebo r\u016fzn\u00e9 poruchy osobnosti, tvo\u0159\u00ed mezi du\u0161evn\u00edmi onemocn\u011bn\u00edmi nejmen\u0161\u00ed pod\u00edl. N\u00e1r\u016fst pacient\u016f s \u00fazkostn\u00fdmi poruchami m\u016f\u017ee b\u00fdt zn\u00e1mkou dne\u0161n\u00ed usp\u011bchan\u00e9 doby, podle Miroslava Bukovjana svou roli hraje tak\u00e9 v\u011bt\u0161\u00ed informovanost lid\u00ed. &#8222;M\u00e9n\u011b se boj\u00ed, chodit k psychiatrovi u\u017e ve spole\u010dnosti neznamen\u00e1 ostudu. Lid\u00e9 trp\u011bli \u00fazkostmi i d\u0159\u00edve, d\u00edky osv\u011bt\u011b ale dnes \u010dast\u011bji doraz\u00ed k l\u00e9ka\u0159i,&#8220; dodal psychiatr.<br \/>\nP\u0159esto\u017ee p\u0159edsudky postupn\u011b miz\u00ed, v n\u011bkter\u00fdch oblastech jsou podle psycholog\u016f st\u00e1le znateln\u00e9.<br \/>\nFr\u00fddecko\u00acm\u00edsteck\u00fd psycholog Bo\u0159ivoj Hegner potvrdil, \u017ee v souvislosti s n\u011bkter\u00fdmi tragick\u00fdmi ud\u00e1lostmi se objevuj\u00ed negativn\u00ed reakce v\u016f\u010di lidem se schizofrenn\u00edm onemocn\u011bn\u00edm. &#8222;Lid\u00e9 si neuv\u011bdomuj\u00ed, \u017ee pokud pacient u\u017e\u00edv\u00e1 l\u00e9ky a spolupracuje, tak je stabilizovan\u00fd a riziko je pot\u00e9 minim\u00e1ln\u00ed,&#8220; \u0159ekl psycholog s p\u011btadvacetiletou prax\u00ed. Krom\u011b \u00fazkostn\u011b\u00acdepresivn\u00edch poruch jeho ordinaci \u010dasto nav\u0161t\u011bvuj\u00ed lid\u00e9 s poruchami afektivity nebo stavy po mozkov\u00fdch a c\u00e9vn\u00edch p\u0159\u00edhod\u00e1ch.<br \/>\n&#8222;Po t\u011bchto nemocech b\u00fdvaj\u00ed posti\u017een\u00e9 kognitivn\u00ed funkce. Zji\u0161\u0165ujeme nap\u0159\u00edklad, do jak\u00e9 m\u00edry nemoc zas\u00e1hla pam\u011b\u0165, a prov\u00e1d\u00edme kognitivn\u00ed tr\u00e9nink,&#8220; \u0159ekl Bo\u0159ivoj Hegner s t\u00edm, \u017ee si v\u0161\u00edm\u00e1 n\u00e1r\u016fstu pacient\u016f se z\u00e1vislostmi na n\u00e1vykov\u00fdch l\u00e1tk\u00e1ch, nap\u0159\u00edklad na alkoholu \u010di pervitinu.<br \/>\nOrdinace psychiatr\u016f a psycholog\u016f nav\u0161t\u011bvuj\u00ed tak\u00e9 d\u011bti. &#8222;\u010casto to b\u00fdv\u00e1 rozvodov\u00e1 tematika \u2013 vyrovn\u00e1v\u00e1n\u00ed se s rozchodem rodi\u010d\u016f, p\u0159\u00edpadn\u011b n\u011bjak\u00e1 trag\u00e9die v rodin\u011b. D\u00e1le to jsou nap\u0159\u00edklad probl\u00e9my v souvislosti s adaptac\u00ed na \u0161kolu nebo \u0161koln\u00ed kolektiv,&#8220; \u0159ekla psycholo\u017eka pro d\u011bti a dosp\u011bl\u00e9 Lenka Haluz\u00edkov\u00e1 a potvrdila, \u017ee dosp\u011bl\u00ed \u010dasto trp\u00ed \u00fazkostmi, depresivn\u00edmi poruchami nebo se vyrovn\u00e1vaj\u00ed s rozchody \u010di ztr\u00e1tou v rodin\u011b. <\/p>\n<p>&#8212; <\/p>\n<p>Psycholog a psychiatr P\u0159esto\u017ee se jedn\u00e1 o dv\u011b rozd\u00edln\u00e9 p\u016fsobnosti, lid\u00e9 je \u010dasto nerozezn\u00e1vaj\u00ed. Zat\u00edmco psychiatr je l\u00e9ka\u0159, kter\u00fd vystudoval medic\u00ednu a m\u016f\u017ee pacient\u016fm p\u0159edepisovat l\u00e9ky, psycholog je \u010dlov\u011bk s vystudovanou psychologi\u00ed. S pacientem obvykle tr\u00e1v\u00ed v\u00edce \u010dasu a vede s n\u00edm rozhovor. Psycholog se m\u016f\u017ee st\u00e1t psychoterapeutem nebo klinick\u00fdm psychologem.<\/p>\n<p>PATRIK RYMEL<br \/>\nFr\u00fddecko-M\u00edsteck\u00fd a T\u0159ineck\u00fd den\u00edk<br \/>\n<a href=\"http:\/\/www.frydeckomistecky.denik.cz\/\">http:\/\/www.frydeckomistecky.denik.cz\/<\/a><\/p>\n","protected":false},"excerpt":{"rendered":"<div class=\"mh-excerpt\"><p>Psychologov\u00e9 a psychiat\u0159i v dne\u0161n\u00ed dob\u011b \u010dasto pom\u00e1haj\u00ed lidem s \u00fazkostmi, nespavost\u00ed nebo depresemi.<\/p>\n<\/div>","protected":false},"author":1,"featured_media":1419,"comment_status":"open","ping_status":"closed","sticky":false,"template":"","format":"standard","meta":{"footnotes":""},"categories":[9],"tags":[],"class_list":["post-22502","post","type-post","status-publish","format-standard","has-post-thumbnail","hentry","category-zpravy"],"_links":{"self":[{"href":"https:\/\/www.invarena.cz\/index.php?rest_route=\/wp\/v2\/posts\/22502","targetHints":{"allow":["GET"]}}],"collection":[{"href":"https:\/\/www.invarena.cz\/index.php?rest_route=\/wp\/v2\/posts"}],"about":[{"href":"https:\/\/www.invarena.cz\/index.php?rest_route=\/wp\/v2\/types\/post"}],"author":[{"embeddable":true,"href":"https:\/\/www.invarena.cz\/index.php?rest_route=\/wp\/v2\/users\/1"}],"replies":[{"embeddable":true,"href":"https:\/\/www.invarena.cz\/index.php?rest_route=%2Fwp%2Fv2%2Fcomments&post=22502"}],"version-history":[{"count":0,"href":"https:\/\/www.invarena.cz\/index.php?rest_route=\/wp\/v2\/posts\/22502\/revisions"}],"wp:featuredmedia":[{"embeddable":true,"href":"https:\/\/www.invarena.cz\/index.php?rest_route=\/wp\/v2\/media\/1419"}],"wp:attachment":[{"href":"https:\/\/www.invarena.cz\/index.php?rest_route=%2Fwp%2Fv2%2Fmedia&parent=22502"}],"wp:term":[{"taxonomy":"category","embeddable":true,"href":"https:\/\/www.invarena.cz\/index.php?rest_route=%2Fwp%2Fv2%2Fcategories&post=22502"},{"taxonomy":"post_tag","embeddable":true,"href":"https:\/\/www.invarena.cz\/index.php?rest_route=%2Fwp%2Fv2%2Ftags&post=22502"}],"curies":[{"name":"wp","href":"https:\/\/api.w.org\/{rel}","templated":true}]}}