{"id":22510,"date":"2015-08-29T08:18:23","date_gmt":"2015-08-29T06:18:23","guid":{"rendered":"http:\/\/www.invarena.cz\/?p=22510"},"modified":"2015-08-29T08:18:23","modified_gmt":"2015-08-29T06:18:23","slug":"kazde-kilo-se-pocita-orion-prosi-o-pomoc","status":"publish","type":"post","link":"https:\/\/www.invarena.cz\/?p=22510","title":{"rendered":"Ka\u017ed\u00e9 kilo se po\u010d\u00edt\u00e1. Orion pros\u00ed o pomoc"},"content":{"rendered":"<p><strong>Sdru\u017een\u00ed rodi\u010d\u016f a p\u0159\u00e1tel d\u011bt\u00ed s handicapem koupilo rehabilita\u010dn\u00ed stroj za t\u00e9m\u011b\u0159 sto pades\u00e1t tis\u00edc. Ve\u0159ejnost m\u016f\u017ee pomoci s jeho zaplacen\u00edm, a to d\u00edky sb\u00edr\u00e1n\u00ed pap\u00edru <\/strong><!--more--><\/p>\n<p>ilustra\u010dn\u00ed foto: Cohdra \/ MorgueFile<\/p>\n<p>Rozhovor Den\u00edku <\/p>\n<p>Rychnov nad Kn\u011b\u017enou \u2013 Do poloviny listopadu trv\u00e1 kampa\u0148, kterou vyhl\u00e1silo Ob\u010dansk\u00e9 sdru\u017een\u00ed rodi\u010d\u016f a p\u0159\u00e1tel d\u011bt\u00ed s handicapem Orion v Rychnov\u011b nad Kn\u011b\u017enou. Nese n\u00e1zev Pap\u00edr pro Orion = motomed pro Orion, aneb Sb\u00edrejte s n\u00e1mi,m\u00e1to smysl!<br \/>\nJak\u00fd c\u00edl m\u00e1 tato kampa\u0148, odpov\u00eddaj\u00ed ILONA MIKU\u0160OV\u00c1 a MIROSLAVA \u010cERVINKOV\u00c1, kter\u00e9 stoj\u00ed v \u010dele t\u00e9to rychnovsk\u00e9 organizace. <\/p>\n<p>&#8211; O co v kampani jde? <\/p>\n<p>Pro kvalitn\u011bj\u0161\u00ed cvi\u010den\u00ed klient\u016f s t\u011b\u017ek\u00fdm t\u011blesn\u00fdm posti\u017een\u00edm jsme do Centra Orion v Dlouh\u00e9 Vsi zakoupili rehabilita\u010dn\u00ed p\u0159\u00edstroj motomed, jeho\u017e cena je 148 126 korun. Ty postupn\u011b spl\u00e1c\u00edme. Rozhodli jsme se, \u017ee spoj\u00edme dva dobr\u00e9 skutky \u2013 umo\u017en\u00edme osob\u00e1m s handicapem protahovat svaly a \u0161lachy a tak\u00e9 v r\u00e1mci ekologick\u00e9 v\u00fdchovy pom\u016f\u017eeme se sb\u011brem surovin. <\/p>\n<p>&#8211; Kdo m\u016f\u017ee pomoci a jak? <\/p>\n<p>Tato v\u00fdzva je zam\u011b\u0159en\u00e1 na ve\u0159ejnost \u2013 na v\u0161echny, kte\u0159\u00ed jsou ochotni pomoci dobr\u00e9 v\u011bci. Co tedy maj\u00ed ud\u011blat? Sta\u010d\u00ed posb\u00edrat v\u0161echen star\u00fd pap\u00edr, lepenky, noviny a \u010dasopisy, kter\u00e9 doma \u010di v kancel\u00e1\u0159i m\u00e1te (je dobr\u00e9 rozt\u0159\u00eddit sm\u011bsn\u00fd pap\u00edr \u2013 pap\u00edry, \u010dasopisy a noviny mohou b\u00fdt spole\u010dn\u011b a zvl\u00e1\u0161\u0165 kartony) a v\u0161e p\u0159iv\u00e9zt do sb\u011brny surovin pana Krej\u010d\u00edho Na Jam\u00e1ch v Rychnov\u011b nad Kn\u011b\u017enou. Tampak ka\u017ed\u00fd podep\u00ed\u0161e, kolik kilo odevzdal, a pen\u00edze n\u00e1sledn\u011b p\u0159ijdou na n\u00e1\u0161 \u00fa\u010det. Samoz\u0159ejm\u011b v\u0161ichni mohou odevzdat i jin\u00e9 druhotn\u00e9 suroviny, nejen pap\u00edr. <\/p>\n<p>&#8211; Co to vlastn\u011b je ten motomed? <\/p>\n<p>Tento pohybov\u011b l\u00e9\u010debn\u00fd p\u0159\u00edstroj je ur\u010den nejen pro voz\u00ed\u010dk\u00e1\u0159e, ale tak\u00e9 pro osoby s dal\u0161\u00edmi pohybov\u00fdmi posti\u017een\u00edmi a poruchami koordinace pohyb\u016f. P\u0159ipom\u00edn\u00e1 rotoped, ale \u0161lapky se d\u00edky motorku a elektronice pohybuj\u00ed samy a t\u00edm motomed umo\u017e\u0148uje klient\u016fm udr\u017eovat pohyblivost, redukovat k\u0159e\u010de a uvol\u0148ovat spasmy \u2013 k\u0159e\u010de, mobilizuje zbytkovou s\u00edlu sval\u016f, podporuje ch\u016fzi a podobn\u011b. Procvi\u010dovat se d\u00edkyn\u011bmumohou nejen nohy, ale tak\u00e9 ruce. Rozvoj motorick\u00fdch dovednost\u00ed pova\u017eujeme za d\u016fle\u017eitou sou\u010d\u00e1st komplexn\u00ed p\u00e9\u010de Centra denn\u00edch slu\u017eeb. V\u00edce ne\u017e dv\u011b t\u0159etiny na\u0161ich klient\u016fm\u00e1 t\u011b\u017ek\u00e9 t\u011blesn\u00e9 nebo kombinovan\u00e9 posti\u017een\u00ed, tyto d\u011bti maj\u00ed t\u00e9m\u011b\u0159 v\u017edy poruchy koordinace pohyb\u016f, p\u0159\u00edpadn\u011b jsou upout\u00e1ny na voz\u00edk a jejich pohyb je v\u00fdrazn\u011b omezen. C\u00edlem n\u00e1mi poskytovan\u00e9 p\u00e9\u010de je snaha o zlep\u0161en\u00ed \u017eivotn\u00edch mo\u017enost\u00ed t\u011bchto lid\u00ed \u2013 rozvoj motorick\u00fdch dovednost\u00ed vede ke zvy\u0161ov\u00e1n\u00ed svalov\u00e9 s\u00edly a kvality pohybu, \u00fakony vy\u017eaduj\u00edc\u00ed zapojen\u00ed jemn\u00e9 motoriky napom\u00e1haj\u00ed n\u00e1cviku sebeobsluhy. <\/p>\n<p>&#8211; Kolik klient\u016f cvi\u010den\u00ed na motomedu vyu\u017e\u00edv\u00e1? <\/p>\n<p>Pravideln\u011b chod\u00ed cvi\u010dit zhruba 15 d\u011bt\u00ed a mlad\u00fdch dosp\u011bl\u00fdch s posti\u017een\u00edm jednou a\u017e t\u0159ikr\u00e1t t\u00fddn\u011b. Samoz\u0159ejmost\u00ed je individu\u00e1ln\u00ed p\u0159\u00edstup ke ka\u017ed\u00e9mu d\u00edt\u011bti i vyu\u017eit\u00ed nejr\u016fzn\u011bj\u0161\u00edch cvi\u010debn\u00edch, rehabilita\u010dn\u00edch, balan\u010dn\u00edch i mas\u00e1\u017en\u00edch pom\u016fcek. <\/p>\n<p>&#8211; Do kdy kampa\u0148 trv\u00e1 a co v\u0161echno je s n\u00ed d\u00e1le spojeno? <\/p>\n<p>Kampa\u0148potrv\u00e1 do 15. listopadu. Podpo\u0159it n\u00e1s mohou jednotlivci, kolektivy, kancel\u00e1\u0159e, instituce, firmy a dal\u0161\u00ed lid\u00e9. Ka\u017ed\u00e9 kilo se po\u010d\u00edt\u00e1 . Vyhl\u00e1sili jsme tak\u00e9 sout\u011b\u017e o nejlep\u0161\u00edho sb\u011bra\u010de. Nabenefi\u010dn\u00edm ve\u010deru pro Orion, kter\u00fd prob\u011bhne dne 19. listopadu 2015 v Pelclov\u011b divadle v Rychnov\u011b nad Kn\u011b\u017enou, ozn\u00e1m\u00edme nejen celkov\u00fd v\u00fdt\u011b\u017eek t\u00e9to kampan\u011b, ale z\u00e1rove\u0148 tak\u00e9 vyhl\u00e1s\u00edme dva v\u00fdherce \u2013 v kategorii firem a v kategorii jednotlivc\u016f. V\u00fdherce ka\u017ed\u00e9 kategorie obdr\u017e\u00ed d\u00e1rek a certifik\u00e1t. Pros\u00edme \u2013 podpo\u0159te na\u0161e sdru\u017een\u00ed v t\u00e9to kampani, nevyhazujte pap\u00edr, ale odevzdejte ho ve sb\u011brn\u011b s t\u00edm, \u017ee pen\u00edze p\u0159ijdou kn\u00e1mdo Orionu na splacen\u00ed rehabilita\u010dn\u00edho p\u0159\u00edstroje motopedu.<\/p>\n<p>Rychnovsk\u00fd den\u00edk<br \/>\n<a href=\"http:\/\/rychnovsky.denik.cz\/\">http:\/\/rychnovsky.denik.cz\/<\/a><\/p>\n","protected":false},"excerpt":{"rendered":"<div class=\"mh-excerpt\"><p>Sdru\u017een\u00ed rodi\u010d\u016f a p\u0159\u00e1tel d\u011bt\u00ed s handicapem koupilo rehabilita\u010dn\u00ed stroj za t\u00e9m\u011b\u0159 sto pades\u00e1t tis\u00edc. Ve\u0159ejnost m\u016f\u017ee pomoci s jeho zaplacen\u00edm, a to d\u00edky sb\u00edr\u00e1n\u00ed <a class=\"mh-excerpt-more\" href=\"https:\/\/www.invarena.cz\/?p=22510\" title=\"Ka\u017ed\u00e9 kilo se po\u010d\u00edt\u00e1. Orion pros\u00ed o pomoc\">[&#8230;]<\/a><\/p>\n<\/div>","protected":false},"author":1,"featured_media":14577,"comment_status":"open","ping_status":"closed","sticky":false,"template":"","format":"standard","meta":{"footnotes":""},"categories":[7,9],"tags":[],"class_list":["post-22510","post","type-post","status-publish","format-standard","has-post-thumbnail","hentry","category-spolecnost","category-zpravy"],"_links":{"self":[{"href":"https:\/\/www.invarena.cz\/index.php?rest_route=\/wp\/v2\/posts\/22510","targetHints":{"allow":["GET"]}}],"collection":[{"href":"https:\/\/www.invarena.cz\/index.php?rest_route=\/wp\/v2\/posts"}],"about":[{"href":"https:\/\/www.invarena.cz\/index.php?rest_route=\/wp\/v2\/types\/post"}],"author":[{"embeddable":true,"href":"https:\/\/www.invarena.cz\/index.php?rest_route=\/wp\/v2\/users\/1"}],"replies":[{"embeddable":true,"href":"https:\/\/www.invarena.cz\/index.php?rest_route=%2Fwp%2Fv2%2Fcomments&post=22510"}],"version-history":[{"count":0,"href":"https:\/\/www.invarena.cz\/index.php?rest_route=\/wp\/v2\/posts\/22510\/revisions"}],"wp:featuredmedia":[{"embeddable":true,"href":"https:\/\/www.invarena.cz\/index.php?rest_route=\/wp\/v2\/media\/14577"}],"wp:attachment":[{"href":"https:\/\/www.invarena.cz\/index.php?rest_route=%2Fwp%2Fv2%2Fmedia&parent=22510"}],"wp:term":[{"taxonomy":"category","embeddable":true,"href":"https:\/\/www.invarena.cz\/index.php?rest_route=%2Fwp%2Fv2%2Fcategories&post=22510"},{"taxonomy":"post_tag","embeddable":true,"href":"https:\/\/www.invarena.cz\/index.php?rest_route=%2Fwp%2Fv2%2Ftags&post=22510"}],"curies":[{"name":"wp","href":"https:\/\/api.w.org\/{rel}","templated":true}]}}