{"id":22511,"date":"2015-08-29T08:15:27","date_gmt":"2015-08-29T06:15:27","guid":{"rendered":"http:\/\/www.invarena.cz\/?p=22511"},"modified":"2015-08-29T08:15:27","modified_gmt":"2015-08-29T06:15:27","slug":"nevidome-navede-na-urad-majak","status":"publish","type":"post","link":"https:\/\/www.invarena.cz\/?p=22511","title":{"rendered":"Nevidom\u00e9 navede na \u00fa\u0159ad maj\u00e1k"},"content":{"rendered":"<p><strong>Za\u0159\u00edzen\u00ed vyd\u00e1v\u00e1 hlasov\u00fd sign\u00e1l. D\u00edky n\u011bmu se zrakov\u011b posti\u017een\u00fd \u010dlov\u011bk dostane k budov\u011b <\/strong><!--more--><\/p>\n<p>Strakonice\u2013M\u011bsto z\u0159\u00eddilo pro nevidom\u00e9 ob\u010dany novou slu\u017ebu \u2013 tzv. Maj\u00e1k. &#8222;Jedn\u00e1 se o elektronick\u00e9 za\u0159\u00edzen\u00ed instalovan\u00e9 na pl\u00e1\u0161ti budovy M\u011bstsk\u00e9ho \u00fa\u0159adu Strakonice nad vstupem do infocentra,&#8220; uvedla tiskov\u00e1 mluv\u010d\u00ed radnice Mark\u00e9ta Bu\u010dokov\u00e1.<br \/>\nU zrodu t\u00e9to my\u0161lenky byl Ji\u0159\u00ed Ma\u0159\u00edk ze Strakonic. Nevidom\u00fd je od roku 1975 n\u00e1sledkem druhotn\u00e9ho v\u00fdboje blesku. &#8222;Letos v dubnu jsem jednal s m\u00edstostarostkou Helenou Brejchovou o ozvu\u010den\u00ed m\u011bstsk\u00e9 hromadn\u00e9 dopravy. P\u0159i\u0161la \u0159e\u010d i na m\u011bstsk\u00fd \u00fa\u0159ad,&#8220; vysv\u011btlil Ji\u0159\u00ed Ma\u0159\u00edk.<br \/>\nZa\u0159\u00edzen\u00ed vyd\u00e1v\u00e1 hlasov\u00fd sign\u00e1l, d\u00edky n\u011bmu\u017e se nevidom\u00fd dostane k samotn\u00e9 budov\u011b \u00fa\u0159adu. N\u00e1sledn\u011b, po stisknut\u00ed druh\u00e9ho tla\u010d\u00edtka, usly\u0161\u00ed namluvenou navigaci, podle n\u00ed\u017e je schopen p\u0159esunu po jednotliv\u00fdch odborech, tak jak je s\u00e1m pot\u0159ebuje nav\u0161t\u00edvit. &#8222;Existuj\u00ed dv\u011b za\u0159\u00edzen\u00ed. Jedno do ruky, druh\u00e9 lze instalovat do slepeck\u00e9 hole,&#8220; dodal Ji\u0159\u00ed Ma\u0159\u00edk. Ob\u011b vys\u00edla\u010dky stoj\u00ed 3500 korun, nevidom\u00fd p\u0159isp\u00edv\u00e1 \u010d\u00e1stkou 1000 korun. O zbytek m\u016f\u017ee za\u017e\u00e1dat na Kontaktn\u00edm pracovi\u0161ti \u00fa\u0159adu pr\u00e1ce Strakonice.<br \/>\nZa\u0159\u00edzen\u00ed instalovala firma Apex, spol. s. r. o., Jesenice. &#8222;Strakonice jsou na jihu \u010cech ojedin\u011bl\u00fdm m\u011bstem, kde jsme maj\u00e1k na radnici instalovali,&#8220; uvedl vedouc\u00ed obchodn\u00edho odd\u011blen\u00ed firmy Petr Vojt\u011bch.<br \/>\nZa\u0159\u00edzen\u00ed m\u00e1 t\u00e9m\u011b\u0159 osmdes\u00e1timetrov\u00fd dosah. Namluvenou navigaci je mo\u017en\u00e9 m\u011bnit podle pot\u0159eb a po\u017eadavk\u016f klient\u016f. <\/p>\n<p>&#8212; <\/p>\n<p>Maj\u00e1k Namluvenou navigaci je mo\u017en\u00e9 m\u011bnit dle pot\u0159eb klient\u016f. Proto, a\u017e bude navigace v provozu a pr\u00e1v\u011b tito klienti zjist\u00ed nedostatky, kter\u00e9 jim samotn\u00fdm znesnad\u0148uj\u00ed orientaci, mohou se obr\u00e1tit na vedouc\u00edho odd\u011blen\u00ed informatiky Rudolfa Ul\u010de na mailovou adresu rudolf.ulc@mu\u00acst.cz nebo na telefonn\u00ed \u010d\u00edslo 606 669 915.<\/p>\n<p>PETR \u0160KOTKO<br \/>\nStrakonick\u00fd den\u00edk<br \/>\n<a href=\"http:\/\/strakonicky.denik.cz\/\">http:\/\/strakonicky.denik.cz\/<\/a><\/p>\n","protected":false},"excerpt":{"rendered":"<div class=\"mh-excerpt\"><p>Za\u0159\u00edzen\u00ed vyd\u00e1v\u00e1 hlasov\u00fd sign\u00e1l. D\u00edky n\u011bmu se zrakov\u011b posti\u017een\u00fd \u010dlov\u011bk dostane k budov\u011b<\/p>\n<\/div>","protected":false},"author":1,"featured_media":14015,"comment_status":"open","ping_status":"closed","sticky":false,"template":"","format":"standard","meta":{"footnotes":""},"categories":[9],"tags":[],"class_list":["post-22511","post","type-post","status-publish","format-standard","has-post-thumbnail","hentry","category-zpravy"],"_links":{"self":[{"href":"https:\/\/www.invarena.cz\/index.php?rest_route=\/wp\/v2\/posts\/22511","targetHints":{"allow":["GET"]}}],"collection":[{"href":"https:\/\/www.invarena.cz\/index.php?rest_route=\/wp\/v2\/posts"}],"about":[{"href":"https:\/\/www.invarena.cz\/index.php?rest_route=\/wp\/v2\/types\/post"}],"author":[{"embeddable":true,"href":"https:\/\/www.invarena.cz\/index.php?rest_route=\/wp\/v2\/users\/1"}],"replies":[{"embeddable":true,"href":"https:\/\/www.invarena.cz\/index.php?rest_route=%2Fwp%2Fv2%2Fcomments&post=22511"}],"version-history":[{"count":0,"href":"https:\/\/www.invarena.cz\/index.php?rest_route=\/wp\/v2\/posts\/22511\/revisions"}],"wp:featuredmedia":[{"embeddable":true,"href":"https:\/\/www.invarena.cz\/index.php?rest_route=\/wp\/v2\/media\/14015"}],"wp:attachment":[{"href":"https:\/\/www.invarena.cz\/index.php?rest_route=%2Fwp%2Fv2%2Fmedia&parent=22511"}],"wp:term":[{"taxonomy":"category","embeddable":true,"href":"https:\/\/www.invarena.cz\/index.php?rest_route=%2Fwp%2Fv2%2Fcategories&post=22511"},{"taxonomy":"post_tag","embeddable":true,"href":"https:\/\/www.invarena.cz\/index.php?rest_route=%2Fwp%2Fv2%2Ftags&post=22511"}],"curies":[{"name":"wp","href":"https:\/\/api.w.org\/{rel}","templated":true}]}}