{"id":22512,"date":"2015-08-28T11:25:45","date_gmt":"2015-08-28T09:25:45","guid":{"rendered":"http:\/\/www.invarena.cz\/?p=22512"},"modified":"2015-08-28T11:25:45","modified_gmt":"2015-08-28T09:25:45","slug":"sumava-bude-pomahat-nemocnym","status":"publish","type":"post","link":"https:\/\/www.invarena.cz\/?p=22512","title":{"rendered":"\u0160umava bude pom\u00e1hat nemocn\u00fdm"},"content":{"rendered":"<p><strong>Koncert m\u00e1 p\u0159isp\u011bt na matraci pro B\u00e1ru, termopytel pro Lucinku, voz\u00edk pro Tom\u00e1\u0161e, ale t\u0159eba i l\u00e1zn\u011b pro Pavl\u00edka<\/strong><!--more--><\/p>\n<p>Vimperk \u2013 V sobotu 19. z\u00e1\u0159\u00ed bude ve Vimperku Koncert \u0160umava na nohou. &#8222;To zn\u00ed jako obvykl\u00e9 ozn\u00e1men\u00ed o region\u00e1ln\u00edm kulturn\u00edm d\u011bn\u00ed, ale tentokr\u00e1t jde o n\u011bco jin\u00e9ho. Jde o koncert, kter\u00fd bude pom\u00e1hat. Na koncertu vystoup\u00ed Anna K., Olats Otesoc a Narttu. V\u0161ichni, kdo maj\u00ed jejich muziku r\u00e1di, si je mohou p\u0159ij\u00edt poslechnout a t\u00edm, \u017ee si koup\u00ed l\u00edstek, p\u0159isp\u011bj\u00ed do ve\u0159ejn\u00e9 sb\u00edrky pro B\u00e1ru, Baru\u0161ku, Lucku, Jon\u00e1\u0161e, Pavl\u00edka a Tom\u00e1\u0161ka. To jsou d\u011bti ze \u0160umavy, kter\u00e9 trp\u00ed siln\u00fdm stupn\u011bm t\u011blesn\u00e9ho a ment\u00e1ln\u00edho posti\u017een\u00ed. Poch\u00e1zej\u00ed z Borov\u00fdch Lad, Ka\u0161persk\u00fdch Hor, Str\u00e1\u017en\u00e9ho, Vimperka a ze Zd\u00edkova,&#8220; uvedla za organiz\u00e1tory Jana K\u016fsov\u00e1.<\/p>\n<p>Z ka\u017ed\u00e9ho prodan\u00e9ho l\u00edstku jde cel\u00e1 \u010d\u00e1stka do ve\u0159ejn\u00e9 sb\u00edrky, kter\u00e1 bude slou\u017eit k tomu, aby ka\u017ed\u00e9 z d\u011bt\u00ed dostalo to, co mu pom\u016f\u017ee k pohodln\u011bj\u0161\u00edmu \u017eivotu. U Lucky jde o termopytel za 15 000 korun. &#8222;Napadlo v\u00e1s, \u017ee to je hodnota 52 l\u00edstk\u016f, kter\u00e9 jsou v p\u0159edprodeji za 290 korun? A s ostatn\u00edmi v\u011bcmi, kter\u00e9 se budou z v\u00fdt\u011b\u017eku koncertu po\u0159izovat, je to stejn\u00e9. Cena matrace a polohovac\u00ed postele pro B\u00e1ru, kter\u00e1 v noci trp\u00edv\u00e1 siln\u00fdmi epileptick\u00fdmi z\u00e1chvaty, je okolo 30 000 korun. To je 104 vstupenek na koncert. Tom\u00e1\u0161 um\u00ed skv\u011ble ovl\u00e1dat elektrick\u00fd invalidn\u00ed voz\u00edk a na konci roku bude pot\u0159ebovat nov\u00fd. Bude se na n\u011bj p\u0159ipl\u00e1cet okolo 45 000 korun a \u0160umava na nohou by r\u00e1da pomohla. K tomu je t\u0159eba prodat 155 vstupenek. Jon\u00e1\u0161 to m\u00e1 podobn\u00e9, ale pot\u0159ebuje voz\u00edtko, ve kter\u00e9m by mohl le\u017eet. To stoj\u00ed stejn\u011b jako p\u0159\u00edsp\u011bvek na voz\u00edk pro Tom\u00e1\u0161e. Op\u011bt jde o dal\u0161\u00edch 155 l\u00edstk\u016f. Hygenick\u00e9 pom\u016fcky pro Baru\u0161ku v hodnot\u011b 30 000 korun se daj\u00ed po\u0159\u00eddit za cenu 104 vstupenek. A Pavl\u00edk\u016fv pobyt v l\u00e1zn\u00edch a tablet, kter\u00e9 mu pomohou p\u0159ekon\u00e1vat n\u00e1sledky d\u011btsk\u00e9 mozkov\u00e9 obrny, maj\u00ed cenu 69 a\u017e 121 vstupenek, tedy 20 000 a\u017e 35 000 korun,&#8220; up\u0159esnila Jana K\u016fsov\u00e1.<\/p>\n<p>Vy\u00fa\u010dtov\u00e1n\u00ed cel\u00e9 akce bude kontrolovat Rada m\u011bsta Vimperk, Krajsk\u00fd \u00fa\u0159ad Jiho\u010desk\u00e9ho kraje, pod kter\u00fdm je sb\u00edrka vyhl\u00e1\u0161ena a bude zve\u0159ejn\u011bno na webu sumavananohou.cz. Organiz\u00e1to\u0159i sami pracuj\u00ed zdarma.<\/p>\n<p>&#8222;Zapamatujte si tedy, \u017ee 19. z\u00e1\u0159\u00ed budou hr\u00e1t ve Vimperku v Ciheln\u011b Olats Otesoc, Narttu a hlavn\u00ed host ve\u010dera, Anna K. Mnohem d\u016fle\u017eit\u011bj\u0161\u00ed ale je, \u017ee ka\u017ed\u00e1 prodan\u00e1 vstupenka je kus n\u011bjak\u00e9 t\u00e9to v\u011bci. Vstupenky jsou v prodeji ve Vimperku, v \u010cesk\u00fdch Bud\u011bjovic\u00edch, Husinci, Ka\u0161persk\u00fdch Hor\u00e1ch, na Kvild\u011b, Rokyt\u011b, v Prachatic\u00edch, Strakonic\u00edch, v Su\u0161ici, ve Vod\u0148anech, Volarech a Volyni. Konkr\u00e9tn\u00ed adresy a otev\u00edrac\u00ed doby m\u00edst najdete na adrese www.sumavananohou. cz\/vstupenky,&#8220; up\u0159esnila k p\u0159edprodeji Jana K\u016fsov\u00e1.<\/p>\n<p>K podpo\u0159e koncertu a tedy i d\u011bt\u00ed samotn\u00fdch se ji\u017e p\u0159ipojilo prost\u0159ednictv\u00edm informa\u010dn\u00edch center a finan\u010dn\u00edch p\u0159\u00edsp\u011bvk\u016f mnoho \u0161umavsk\u00fdch obc\u00ed a m\u011bst. Te\u010f je podle organiz\u00e1tor\u016f t\u0159eba, aby se p\u0159idali i jejich obyvatel\u00e9.<\/p>\n<p>&#8222;Vezm\u011bte svoji partu t\u0159eba deseti lid\u00ed, kupte si vstupenku a m\u00e1te o z\u00e1bavu na cel\u00fd ve\u010der postar\u00e1no. Nav\u00edc jste p\u0159isp\u011bli na t\u0159etinu pytle Lucce, nebo na kolo od invalidn\u00edho voz\u00edku. V tuto chv\u00edli je z\u00e1sadn\u00ed, aby se informace o koncertu \u0161\u00ed\u0159ily a l\u00edstky se prod\u00e1valy. Proto pom\u016f\u017eete i t\u00edm, kdy\u017e budete chodit a mezi sv\u00fdmi bl\u00edzk\u00fdmi, p\u0159\u00e1teli a zn\u00e1m\u00fdmi \u0161\u00ed\u0159it zpr\u00e1vy o tom, co se to v z\u00e1\u0159\u00ed ve Vimperku chyst\u00e1 za koncert. A hlavn\u011b \u2013 kupujte si l\u00edstky. Vydat se v z\u00e1\u0159\u00ed do Vimperka toti\u017e znamen\u00e1 poslat vzkaz n\u011bkolika posti\u017een\u00fdm \u0161umavsk\u00fdm d\u011btem a jejich rodin\u00e1m, \u017ee o nich v\u00edme a chceme jim pom\u00e1hat,&#8220; dopl\u0148uj\u00ed organiz\u00e1to\u0159i.<\/p>\n<p>Prachatick\u00fd den\u00edk<br \/>\n<a href=\"http:\/\/prachaticky.denik.cz\/\">http:\/\/prachaticky.denik.cz\/<\/a><\/p>\n","protected":false},"excerpt":{"rendered":"<div class=\"mh-excerpt\"><p>Koncert m\u00e1 p\u0159isp\u011bt na matraci pro B\u00e1ru, termopytel pro Lucinku, voz\u00edk pro Tom\u00e1\u0161e, ale t\u0159eba i l\u00e1zn\u011b pro Pavl\u00edka<\/p>\n<\/div>","protected":false},"author":1,"featured_media":14146,"comment_status":"open","ping_status":"closed","sticky":false,"template":"","format":"standard","meta":{"footnotes":""},"categories":[9],"tags":[],"class_list":["post-22512","post","type-post","status-publish","format-standard","has-post-thumbnail","hentry","category-zpravy"],"_links":{"self":[{"href":"https:\/\/www.invarena.cz\/index.php?rest_route=\/wp\/v2\/posts\/22512","targetHints":{"allow":["GET"]}}],"collection":[{"href":"https:\/\/www.invarena.cz\/index.php?rest_route=\/wp\/v2\/posts"}],"about":[{"href":"https:\/\/www.invarena.cz\/index.php?rest_route=\/wp\/v2\/types\/post"}],"author":[{"embeddable":true,"href":"https:\/\/www.invarena.cz\/index.php?rest_route=\/wp\/v2\/users\/1"}],"replies":[{"embeddable":true,"href":"https:\/\/www.invarena.cz\/index.php?rest_route=%2Fwp%2Fv2%2Fcomments&post=22512"}],"version-history":[{"count":0,"href":"https:\/\/www.invarena.cz\/index.php?rest_route=\/wp\/v2\/posts\/22512\/revisions"}],"wp:featuredmedia":[{"embeddable":true,"href":"https:\/\/www.invarena.cz\/index.php?rest_route=\/wp\/v2\/media\/14146"}],"wp:attachment":[{"href":"https:\/\/www.invarena.cz\/index.php?rest_route=%2Fwp%2Fv2%2Fmedia&parent=22512"}],"wp:term":[{"taxonomy":"category","embeddable":true,"href":"https:\/\/www.invarena.cz\/index.php?rest_route=%2Fwp%2Fv2%2Fcategories&post=22512"},{"taxonomy":"post_tag","embeddable":true,"href":"https:\/\/www.invarena.cz\/index.php?rest_route=%2Fwp%2Fv2%2Ftags&post=22512"}],"curies":[{"name":"wp","href":"https:\/\/api.w.org\/{rel}","templated":true}]}}