{"id":22513,"date":"2015-08-26T12:07:20","date_gmt":"2015-08-26T10:07:20","guid":{"rendered":"http:\/\/www.invarena.cz\/?p=22513"},"modified":"2015-08-26T12:07:20","modified_gmt":"2015-08-26T10:07:20","slug":"napul-v-nebi-a-s-ocenenim","status":"publish","type":"post","link":"https:\/\/www.invarena.cz\/?p=22513","title":{"rendered":"Nap\u016fl v nebi a s ocen\u011bn\u00edm"},"content":{"rendered":"<p><strong>P\u0159\u00edb\u011bh mlad\u00e9ho mu\u017ee ukazuje, \u017ee s t\u011b\u017ek\u00fdm posti\u017een\u00edm se d\u00e1 nejen \u017e\u00edt, ale i pom\u00e1hat druh\u00fdm.<\/strong> <!--more--><\/p>\n<p>Kdy\u017e se P\u00e9\u0165a v roce 1981 narodil, \u0159ekla n\u00e1m pan\u00ed doktorka: Tohle d\u00edt\u011b bude akor\u00e1t j\u00edst a vylu\u010dovat,&#8220; vzpom\u00ednaj\u00ed rodi\u010de Petra Pa\u0161n\u00edka. P\u0159esto je dnes Petr \u00fasp\u011b\u0161n\u00fdm mlad\u00fdm mu\u017eem, kter\u00fd vystudoval Evangelickou akademii \u2013 VO\u0160 soci\u00e1ln\u00ed pr\u00e1ce. Splnil si i sen, kdy\u017e se stal lektorem hlasov\u00fdch technologi\u00ed v neziskov\u00e9 spole\u010dnosti Polovina nebe. A za svou pr\u00e1ci v soci\u00e1ln\u00ed sf\u00e9\u0159e byl letos dokonce nominov\u00e1n na cenu V\u00fdboru dobr\u00e9 v\u016fle Nadace Olgy Havlov\u00e9.<\/p>\n<p>\u00davazek na cel\u00fd \u017eivot<\/p>\n<p>&#8222;Na za\u010d\u00e1tku jsme dostali n\u011bkolik \u0161patn\u00fdch rad. Prvn\u00ed: Dejte P\u00e9\u0165u do \u00fastavu. Druhou n\u00e1m dal jeden pan doktor, kter\u00fd to jist\u011b myslel dob\u0159e, ale sv\u00e1 slova nedomyslel. \u0158\u00edkal: V\u011bnujte se d\u00edt\u011bti, na v\u0161e se vyka\u0161lete, proto\u017ee to je\u0161t\u011b stihnete, v\u0161e p\u0159e\u010dtete a v\u0161echny obl\u00edben\u00e9 filmy uvid\u00edte. My se tedy na v\u0161e vyka\u0161lali, maxim\u00e1ln\u011b se sna\u017eili a jezdili s P\u00e9\u0165ou na cvi\u010den\u00ed, rehabilitace, do l\u00e1zn\u00ed. \u00dapln\u011b jsme se tomu oddali, ale ono je pot\u0159eba \u010d\u00e1st povinnost\u00ed \u010das od \u010dasu na n\u011bkoho p\u0159esunout, navyknout si na odleh\u010dovac\u00ed slu\u017ebu, kdy v\u00e1s n\u011bkdo vyst\u0159\u00edd\u00e1, abyste si odpo\u010dinuli a na\u010derpali s\u00edly. Tohle je toti\u017e \u00favazek na cel\u00fd \u017eivot! My jsme s t\u00edm srozum\u011bni, ale kdy\u017e vid\u00edm n\u011bkter\u00e9 m\u00e1my v podobn\u00e9 situaci v televizi, jak \u0159\u00edkaj\u00ed: To d\u00edt\u011b mi stra\u0161n\u011b dalo, nejrad\u0161i bych je pra\u0161tila. P\u00e9\u0165a n\u00e1s nau\u010dil velk\u00e9 ohleduplnosti a trp\u011blivosti, ale jde i o to, nechat si \u010d\u00e1st \u017eivota pro sebe,&#8220; l\u00ed\u010d\u00ed Pa\u0161n\u00edkov\u00e1 specifi\u010dnost rodinn\u00e9 situace.<\/p>\n<p>Sna\u017e\u00ed se to vysv\u011btlit o to usilovn\u011bji, \u017ee mezi probl\u00e9my integrace zdravotn\u011b posti\u017een\u00fdch do spole\u010dnosti z\u0159ejm\u011b pat\u0159\u00ed i fakt, \u017ee o tomto t\u00e9matu \u010dasto p\u00ed\u0161\u00ed auto\u0159i bez handicapu. Mo\u017en\u00e1 i proto se Petrova bakal\u00e1\u0159sk\u00e1 pr\u00e1ce Rub a l\u00edc integrace zdravotn\u011b posti\u017een\u00fdch ob\u010dan\u016f do spole\u010dnosti stala v\u00fdukov\u00fdm materi\u00e1lem pro studenty speci\u00e1ln\u00ed pedagogiky oboru vychovatelstv\u00ed.<\/p>\n<p>Zku\u0161enost &#8222;na vlastn\u00ed k\u016f\u017ei&#8220; je i d\u016fvod, pro\u010d se pan\u00ed Pa\u0161n\u00edkov\u00e1 chyst\u00e1 napsat do Nadace Olgy Havlov\u00e9. I ona by toti\u017e sv\u00e9 zku\u0161enosti r\u00e1da n\u011bkomu p\u0159edala. &#8222;Kdy\u017e se \u017een\u011b narod\u00ed d\u00edt\u011b, p\u0159em\u00fd\u0161l\u00ed nad t\u00edm, jestli m\u00e1 vy\u017eehlen\u00e9 pr\u00e1d\u00e9lko a p\u0159ipravenou post\u00fdlku. Nikdo nen\u00ed p\u0159ipraven\u00fd na n\u011bco takov\u00e9ho, co se p\u0159ihodilo n\u00e1m. Teprve postupn\u011b jsme se dozv\u00eddali, co to obn\u00e1\u0161\u00ed. Proto jsem si \u0159ekla, \u017ee v\u0161e, co jsem se dodnes dozv\u011bd\u011bla, mus\u00edm nau\u010dit i jin\u00e9.&#8220;<\/p>\n<p>N\u011bkdy zahanb\u00ed i ty zdrav\u00e9<\/p>\n<p>&#8222;Mo\u017en\u00e1 se budete divit, ale hodn\u011b cestujeme,&#8220; \u0159\u00edk\u00e1 Pa\u0161n\u00edkov\u00e1. &#8222;Ka\u017ed\u00fd rok jezd\u00edme cel\u00e1 rodina do zahrani\u010d\u00ed. Je a\u017e komick\u00e9 sledovat ned\u016fv\u011b\u0159iv\u00e9 pohledy ostatn\u00edch ze z\u00e1jezdu, jak se boj\u00ed, \u017ee je bude voz\u00ed\u010dk\u00e1\u0159 zdr\u017eovat. U\u017e jsme zvykl\u00ed, a tak se sna\u017e\u00edme a b\u00fdv\u00e1me naopak v\u017edy mezi prvn\u00edmi. To my \u010dek\u00e1me na n\u011b. Naposledy jsme byli v Myk\u00e9n\u00e1ch, po\u0159\u00e1d sam\u00e9 kopce, a kdy\u017e jsme se vraceli z takov\u00e9ho v\u011bt\u0161\u00edho v\u00fd\u0161lapu, okomentoval to jeden spoluturista slovy: Kdy\u017e jste to zvl\u00e1dli vy, tak j\u00e1 taky!&#8220; V pr\u00e1ci m\u011bl Petr \u0161t\u011bst\u00ed. Dva m\u011bs\u00edce po skon\u010den\u00ed VO\u0160 se mu ozvalo Sdru\u017een\u00ed pro komplexn\u00ed p\u00e9\u010di p\u0159i d\u011btsk\u00e9 mozkov\u00e9 obrn\u011b ze St\u0159ediska ucelen\u00e9 rehabilitace v Praze. P\u011bt let zde pracoval jako soci\u00e1ln\u00ed pracovn\u00edk. Byl vysl\u00e1n na veletrh kompenza\u010dn\u00edch pom\u016fcek INSPO a pr\u00e1v\u011b zde se sezn\u00e1mil s lidmi z Poloviny nebe. V r\u00e1mci projektu Duhov\u00fd Most si v &#8222;Nebi&#8220; zajistil rekvalifikaci na ovl\u00e1d\u00e1n\u00ed po\u010d\u00edta\u010de hlasem a stal se jedn\u00edm z lektor\u016f. Je j\u00edm st\u00e1le. Ve spole\u010dnosti pom\u00e1h\u00e1 i s jej\u00edmi PR aktivitami, a je tak ji\u017e jej\u00ed ned\u00edlnou sou\u010d\u00e1st\u00ed.<\/p>\n<p>Luk\u00e1\u0161 Hudec, spolupracovn\u00edk redakce<\/p>\n<p>Mlad\u00e1 fronta DNES<\/p>\n","protected":false},"excerpt":{"rendered":"<div class=\"mh-excerpt\"><p>P\u0159\u00edb\u011bh mlad\u00e9ho mu\u017ee ukazuje, \u017ee s t\u011b\u017ek\u00fdm posti\u017een\u00edm se d\u00e1 nejen \u017e\u00edt, ale i pom\u00e1hat druh\u00fdm.<\/p>\n<\/div>","protected":false},"author":1,"featured_media":14245,"comment_status":"open","ping_status":"closed","sticky":false,"template":"","format":"standard","meta":{"footnotes":""},"categories":[9],"tags":[],"class_list":["post-22513","post","type-post","status-publish","format-standard","has-post-thumbnail","hentry","category-zpravy"],"_links":{"self":[{"href":"https:\/\/www.invarena.cz\/index.php?rest_route=\/wp\/v2\/posts\/22513","targetHints":{"allow":["GET"]}}],"collection":[{"href":"https:\/\/www.invarena.cz\/index.php?rest_route=\/wp\/v2\/posts"}],"about":[{"href":"https:\/\/www.invarena.cz\/index.php?rest_route=\/wp\/v2\/types\/post"}],"author":[{"embeddable":true,"href":"https:\/\/www.invarena.cz\/index.php?rest_route=\/wp\/v2\/users\/1"}],"replies":[{"embeddable":true,"href":"https:\/\/www.invarena.cz\/index.php?rest_route=%2Fwp%2Fv2%2Fcomments&post=22513"}],"version-history":[{"count":0,"href":"https:\/\/www.invarena.cz\/index.php?rest_route=\/wp\/v2\/posts\/22513\/revisions"}],"wp:featuredmedia":[{"embeddable":true,"href":"https:\/\/www.invarena.cz\/index.php?rest_route=\/wp\/v2\/media\/14245"}],"wp:attachment":[{"href":"https:\/\/www.invarena.cz\/index.php?rest_route=%2Fwp%2Fv2%2Fmedia&parent=22513"}],"wp:term":[{"taxonomy":"category","embeddable":true,"href":"https:\/\/www.invarena.cz\/index.php?rest_route=%2Fwp%2Fv2%2Fcategories&post=22513"},{"taxonomy":"post_tag","embeddable":true,"href":"https:\/\/www.invarena.cz\/index.php?rest_route=%2Fwp%2Fv2%2Ftags&post=22513"}],"curies":[{"name":"wp","href":"https:\/\/api.w.org\/{rel}","templated":true}]}}