{"id":22515,"date":"2015-08-27T08:34:37","date_gmt":"2015-08-27T06:34:37","guid":{"rendered":"http:\/\/www.invarena.cz\/?p=22515"},"modified":"2015-08-27T08:34:37","modified_gmt":"2015-08-27T06:34:37","slug":"v-prostejove-vzniklo-30-novych-luzek-pro-seniory-s-alzheimerem","status":"publish","type":"post","link":"https:\/\/www.invarena.cz\/?p=22515","title":{"rendered":"V Prost\u011bjov\u011b vzniklo 30 nov\u00fdch l\u016f\u017eek pro seniory s Alzheimerem"},"content":{"rendered":"<p><b>T\u0159i des\u00edtky l\u016f\u017eek pro seniory s Alzheimerovou chorobou vznikly v opraven\u00e9m Centru soci\u00e1ln\u00edch slu\u017eeb v Prost\u011bjov\u011b, na jeho\u017e provoz finan\u010dn\u011b p\u0159isp\u00edv\u00e1 Olomouck\u00fd kraj. <\/b><!--more--><\/p>\n<p><b>Dokon\u010den\u00e1 oprava dvou budov v are\u00e1lu b\u00fdval\u00e9 nemocnice, v nich\u017e maj\u00ed senio\u0159i k dispozici tak\u00e9 nov\u00e9 chr\u00e1n\u011bn\u00e9 bydlen\u00ed, st\u00e1la v\u00edce ne\u017e 70 milion\u016f korun, sd\u011blil hejtman Ji\u0159\u00ed Rozbo\u0159il (\u010cSSD).<\/b><\/p>\n<p>&#8222;D\u016fle\u017eitou \u010d\u00e1st\u00ed rekonstrukce byl vznik domova se zvl\u00e1\u0161tn\u00edm re\u017eimem pro seniory s Alzheimerovou chorobou. Celkov\u00e1 p\u00e9\u010de o nemocn\u00e9ho je pro jeho nejbli\u017e\u0161\u00ed natolik n\u00e1ro\u010dn\u00e1 a dlouhodob\u00e1, \u017ee se v naprost\u00e9 v\u011bt\u0161in\u011b p\u0159\u00edpad\u016f p\u0159esouv\u00e1 z rodinn\u00e9ho prost\u0159ed\u00ed do r\u016fzn\u00fdch za\u0159\u00edzen\u00ed,&#8220; uvedl Rozbo\u0159il, podle kter\u00e9ho d\u016fstojn\u00e9 prost\u0159ed\u00ed m\u016f\u017ee senior\u016fm usnadnit \u017eivot s touto nemoc\u00ed.<\/p>\n<p>\u010ctvrtina ze 150.000 tuzemsk\u00fdch pacient\u016f s Alzheimerovou demenc\u00ed pot\u0159ebuje p\u00e9\u010di v odborn\u00e9m l\u016f\u017ekov\u00e9m za\u0159\u00edzen\u00ed. L\u016f\u017eek v nich ale je v \u010cesku m\u00e9n\u011b ne\u017e 2000. V\u011bt\u0161ina p\u00e9\u010de tak je na bedrech rodin. Nemoc zasahuje nejv\u00edc lidi mezi 60 a\u017e 85 lety v\u011bku, jde vlastn\u011b o zrychlen\u00e9 st\u00e1rnut\u00ed mozku. Probl\u00e9m se bude se st\u00e1rnut\u00edm populace vyhrocovat. V roce 2050 by po\u010det nemocn\u00fdch v \u010cR mohl dos\u00e1hnout 225.000.<\/p>\n<p>Po\u010det l\u016f\u017eek pro pacienty s touto chorobou se v Olomouck\u00e9m kraji pozvolna zvy\u0161uje. Nap\u0159\u00edklad v Olomouci byl v \u010dervnu otev\u0159en soukrom\u00fd domov pro seniory se 112 m\u00edsty. Stavba tohoto specializovan\u00e9ho domova pro seniory st\u00e1la p\u0159ibli\u017en\u011b 70 milion\u016f korun.<\/p>\n<p>V Centru soci\u00e1ln\u00edch slu\u017eeb v Prost\u011bjov\u011b se d\u00edky rekonstrukci zv\u00fd\u0161ila kapacita denn\u00edho stacion\u00e1\u0159e na 20 m\u00edst. V are\u00e1lu p\u0159\u00edsp\u011bvkov\u00e9 organizace vzniklo tak\u00e9 chr\u00e1n\u011bn\u00e9 bydlen\u00ed s t\u0159emi m\u00edsty a odleh\u010dovac\u00ed slu\u017eba, kter\u00e1 pe\u010duj\u00edc\u00edm osob\u00e1m umo\u017en\u00ed si na chv\u00edli odpo\u010dinout od n\u00e1ro\u010dn\u00e9 pomoci.<\/p>\n<p>&#8222;Chr\u00e1n\u011bn\u00e9 bydlen\u00ed je ur\u010deno pro \u017eeny s psychick\u00fdm onemocn\u011bn\u00edm. Tato slu\u017eba se bl\u00ed\u017e\u00ed sv\u00fdm charakterem k samostatn\u00e9mu bydlen\u00ed. U\u017eivatelk\u00e1m je poskytov\u00e1na takov\u00e1 podpora, aby samostatn\u00e9 bydlen\u00ed zvl\u00e1dly,&#8220; uvedla hejtmanova n\u00e1m\u011bstkyn\u011b Yvona Kubj\u00e1tov\u00e1 (\u010cSSD).<\/p>\n<p>D\u00edky roz\u0161\u00ed\u0159en\u00ed kapacity Centra soci\u00e1ln\u00edch slu\u017eeb vzniknou v Prost\u011bjov\u011b zhruba t\u0159i des\u00edtky nov\u00fdch pracovn\u00edch m\u00edst. &#8222;P\u016fjde p\u0159edev\u0161\u00edm o pracovn\u00edky v soci\u00e1ln\u00edch slu\u017eb\u00e1ch a kvalifikovan\u00e9 zdravotn\u00ed sestry,&#8220; dodala mluv\u010d\u00ed hejtmanstv\u00ed Kamila Navr\u00e1tilov\u00e1.<\/p>\n","protected":false},"excerpt":{"rendered":"<div class=\"mh-excerpt\"><p>T\u0159i des\u00edtky l\u016f\u017eek pro seniory s Alzheimerovou chorobou vznikly v opraven\u00e9m Centru soci\u00e1ln\u00edch slu\u017eeb v Prost\u011bjov\u011b, na jeho\u017e provoz finan\u010dn\u011b p\u0159isp\u00edv\u00e1 Olomouck\u00fd kraj.<\/p>\n<\/div>","protected":false},"author":1,"featured_media":17515,"comment_status":"open","ping_status":"closed","sticky":false,"template":"","format":"standard","meta":{"footnotes":""},"categories":[11],"tags":[],"class_list":["post-22515","post","type-post","status-publish","format-standard","has-post-thumbnail","hentry","category-zdravi"],"_links":{"self":[{"href":"https:\/\/www.invarena.cz\/index.php?rest_route=\/wp\/v2\/posts\/22515","targetHints":{"allow":["GET"]}}],"collection":[{"href":"https:\/\/www.invarena.cz\/index.php?rest_route=\/wp\/v2\/posts"}],"about":[{"href":"https:\/\/www.invarena.cz\/index.php?rest_route=\/wp\/v2\/types\/post"}],"author":[{"embeddable":true,"href":"https:\/\/www.invarena.cz\/index.php?rest_route=\/wp\/v2\/users\/1"}],"replies":[{"embeddable":true,"href":"https:\/\/www.invarena.cz\/index.php?rest_route=%2Fwp%2Fv2%2Fcomments&post=22515"}],"version-history":[{"count":0,"href":"https:\/\/www.invarena.cz\/index.php?rest_route=\/wp\/v2\/posts\/22515\/revisions"}],"wp:featuredmedia":[{"embeddable":true,"href":"https:\/\/www.invarena.cz\/index.php?rest_route=\/wp\/v2\/media\/17515"}],"wp:attachment":[{"href":"https:\/\/www.invarena.cz\/index.php?rest_route=%2Fwp%2Fv2%2Fmedia&parent=22515"}],"wp:term":[{"taxonomy":"category","embeddable":true,"href":"https:\/\/www.invarena.cz\/index.php?rest_route=%2Fwp%2Fv2%2Fcategories&post=22515"},{"taxonomy":"post_tag","embeddable":true,"href":"https:\/\/www.invarena.cz\/index.php?rest_route=%2Fwp%2Fv2%2Ftags&post=22515"}],"curies":[{"name":"wp","href":"https:\/\/api.w.org\/{rel}","templated":true}]}}