{"id":22524,"date":"2015-08-27T17:08:28","date_gmt":"2015-08-27T15:08:28","guid":{"rendered":"http:\/\/www.invarena.cz\/?p=22524"},"modified":"2015-08-27T17:08:28","modified_gmt":"2015-08-27T15:08:28","slug":"beh-pro-zrakove-postizene-ma-po-premiere-byla-uspesna","status":"publish","type":"post","link":"https:\/\/www.invarena.cz\/?p=22524","title":{"rendered":"B\u011bh pro zrakov\u011b posti\u017een\u00e9 m\u00e1 po premi\u00e9\u0159e. Byla \u00fasp\u011b\u0161n\u00e1"},"content":{"rendered":"<p><strong>Vl\u00e1dlo slunn\u00e9 po\u010das\u00ed, kdy\u017e se v Olomouci konal prvn\u00ed ro\u010dn\u00edk B\u011bhu pro Nadaci profesora Vejdovsk\u00e9ho, kter\u00e1 ji\u017e t\u0159iadvacet let pom\u00e1h\u00e1 zrakov\u011b posti\u017een\u00fdm lidem.<\/strong> <!--more--><\/p>\n<p>Patronem projektu se stal zp\u011bv\u00e1k Jaro Smejkal, jeho\u017e image tvo\u0159\u00ed p\u0159edev\u0161\u00edm nedioptrick\u00e9 br\u00fdle s \u010dern\u00fdmi obrou\u010dkami \u2013 takzvan\u00e9 Smejkalovky.<\/p>\n<p>Jejich zakoupen\u00edm p\u0159\u00edmo na sobotn\u00ed akci bylo mo\u017en\u00e9 pomoci lidem s t\u011b\u017ek\u00fdm zrakov\u00fdm posti\u017een\u00edm. Kdosi je chce po\u0159\u00eddit, m\u016f\u017ee tak u\u010dinit tak\u00e9 prost\u0159ednictv\u00edm internetov\u00fdch str\u00e1nek nadace www.inpv.cz. &#8222;Je to stra\u0161n\u011b, stra\u0161n\u011b zvl\u00e1\u0161tn\u00ed pocit. Ka\u017ed\u00fd by si to m\u011bl vyzkou\u0161et, proto\u017ee je to pak \u00fapln\u011b jin\u00fd pohled na v\u011bc,&#8220; \u0159\u00edk\u00e1 zp\u011bv\u00e1k Jaro Smejkal, kter\u00fd si tra\u0165 B\u011bhu pro Nadaci prof. Vejdovsk\u00e9ho zab\u011bhl poslepu. &#8222;\u010clov\u011bk m\u00e1 neust\u00e1le pocit, \u017ee do n\u011b\u010deho naraz\u00ed, nebo n\u011bkam spadne,&#8220; poznamenal \u00fasp\u011b\u0161n\u00fd \u00fa\u010dastn\u00edk sout\u011b\u017ee Super Star bezprost\u0159edn\u011b po dob\u011bhnut\u00ed do c\u00edle.<\/p>\n<p>Akce se z\u00fa\u010dastnili b\u011b\u017eci z Olomoucka, ale tak\u00e9 nap\u0159\u00edklad z Kop\u0159ivnice, Zl\u00edna a Prahy. Absolutn\u00ed v\u00edt\u011bzkou b\u011bhu na p\u011bt a osm kilometr\u016f se stala Olomou\u010danka Marie Krappmannov\u00e1. Z\u00e1\u0161titu nad projektem p\u0159evzal za Statut\u00e1rn\u00ed m\u011bsto Olomouc n\u00e1m\u011bstek prim\u00e1tora Ale\u0161 Jakubec.<\/p>\n<p>Dagmar S\u00fdkorov\u00e1<br \/>\nOlomouck\u00fd den\u00edk<br \/>\n<a href=\"http:\/\/www.olomoucky.denik.cz\/\">http:\/\/www.olomoucky.denik.cz\/<\/a><\/p>\n","protected":false},"excerpt":{"rendered":"<div class=\"mh-excerpt\"><p>Vl\u00e1dlo slunn\u00e9 po\u010das\u00ed, kdy\u017e se v Olomouci konal prvn\u00ed ro\u010dn\u00edk B\u011bhu pro Nadaci profesora Vejdovsk\u00e9ho, kter\u00e1 ji\u017e t\u0159iadvacet let pom\u00e1h\u00e1 zrakov\u011b posti\u017een\u00fdm lidem.<\/p>\n<\/div>","protected":false},"author":1,"featured_media":5466,"comment_status":"open","ping_status":"closed","sticky":false,"template":"","format":"standard","meta":{"footnotes":""},"categories":[9],"tags":[],"class_list":["post-22524","post","type-post","status-publish","format-standard","has-post-thumbnail","hentry","category-zpravy"],"_links":{"self":[{"href":"https:\/\/www.invarena.cz\/index.php?rest_route=\/wp\/v2\/posts\/22524","targetHints":{"allow":["GET"]}}],"collection":[{"href":"https:\/\/www.invarena.cz\/index.php?rest_route=\/wp\/v2\/posts"}],"about":[{"href":"https:\/\/www.invarena.cz\/index.php?rest_route=\/wp\/v2\/types\/post"}],"author":[{"embeddable":true,"href":"https:\/\/www.invarena.cz\/index.php?rest_route=\/wp\/v2\/users\/1"}],"replies":[{"embeddable":true,"href":"https:\/\/www.invarena.cz\/index.php?rest_route=%2Fwp%2Fv2%2Fcomments&post=22524"}],"version-history":[{"count":0,"href":"https:\/\/www.invarena.cz\/index.php?rest_route=\/wp\/v2\/posts\/22524\/revisions"}],"wp:featuredmedia":[{"embeddable":true,"href":"https:\/\/www.invarena.cz\/index.php?rest_route=\/wp\/v2\/media\/5466"}],"wp:attachment":[{"href":"https:\/\/www.invarena.cz\/index.php?rest_route=%2Fwp%2Fv2%2Fmedia&parent=22524"}],"wp:term":[{"taxonomy":"category","embeddable":true,"href":"https:\/\/www.invarena.cz\/index.php?rest_route=%2Fwp%2Fv2%2Fcategories&post=22524"},{"taxonomy":"post_tag","embeddable":true,"href":"https:\/\/www.invarena.cz\/index.php?rest_route=%2Fwp%2Fv2%2Ftags&post=22524"}],"curies":[{"name":"wp","href":"https:\/\/api.w.org\/{rel}","templated":true}]}}