{"id":22527,"date":"2015-08-27T17:21:29","date_gmt":"2015-08-27T15:21:29","guid":{"rendered":"http:\/\/www.invarena.cz\/?p=22527"},"modified":"2015-08-27T17:21:29","modified_gmt":"2015-08-27T15:21:29","slug":"dva-ceske-rekordy-i-cela-rada-osobaku","status":"publish","type":"post","link":"https:\/\/www.invarena.cz\/?p=22527","title":{"rendered":"Dva \u010desk\u00e9 rekordy i cela \u0159ada &#8222;osob\u00e1k\u016f&#8220;"},"content":{"rendered":"<p><strong>Se svou tro\u0161kou do ml\u00fdna&#8230; Sou\u010d\u00e1st\u00ed Pardubick\u00e9ho atletick\u00e9ho m\u00edtink se znovu staly Velk\u00e9 ceny pro t\u011blesn\u011b posti\u017een\u00e9 sportovce. A ti se po\u0159adatel\u016fm z Hv\u011bzdy odvd\u011b\u010dili \u010desk\u00fdmi rekordy.<\/strong><!--more--><\/p>\n<p>Na M\u011bstsk\u00e9m atletick\u00e9m stadionu na Dukle sout\u011b\u017eili ve t\u0159ech discipl\u00edn\u00e1ch.<\/p>\n<p>T\u011b\u017eko vyb\u00edrat nejlep\u0161\u00ed v\u00fdkon \u010di nejv\u011bt\u0161\u00ed \u00fasp\u011bch z \u0159ad Hv\u011bzdy. Rozhodn\u011b nejv\u011bt\u0161\u00edm p\u0159ekvapen\u00edm ale bylo ob\u0159\u00ed zlep\u0161en\u00ed Martina Zacha v hodu ku\u017eelkou. Ten posunul sv\u00e9 maximum z 22,30mna 23,84 m! Dokonce o centimetr p\u0159ekonal \u010desk\u00e9ho reprezentanta a sv\u00e9ho odd\u00edlov\u00e9ho kolegu Jana Va\u0148ka, kter\u00fd moment\u00e1ln\u011b vede \u010cesk\u00fd poh\u00e1r v atletice voz\u00ed\u010dk\u00e1\u0159\u016f. V hodu ku\u017eelkou nakonec bral druh\u00e9 m\u00edsto!<\/p>\n<p>Obrovskou motivac\u00ed pro diska\u0159e Jaroslava Petrou\u0161e byla mo\u017enost z\u00e1vodit s nejlep\u0161\u00edmi \u010desk\u00fdmi zdrav\u00fdmi atlety. Nastoupil v sout\u011b\u017e\u00edch p\u0159edn\u00edch \u010desk\u00fdch koula\u0159\u016f a diska\u0159\u016f a v obou discipl\u00edn\u00e1ch odch\u00e1zel se zlep\u0161en\u00fdm osobn\u00edm maximem. V p\u0159\u00edpad\u011b disku dokonce s nov\u00fdm \u010desk\u00fdm rekordem. Jeho v\u00fdkony: koule 10,49 m, disk 38,14 m.<\/p>\n<p>Za pov\u0161imnut\u00ed jist\u011b stoj\u00ed i v\u00fdkony ji\u017e v\u00fd\u0161e zmi\u0148ovan\u00e9ho Jana Va\u0148ka v hodu ku\u017eelkou (23,83 m) a v hodu diskem (7,03 m) a tak\u00e9 Michala Engeho v hodu ku\u017eelkou (22,53 m). Sv\u00e9 kvality potvrdil i Jan N\u011bme\u010dek t\u0159et\u00edm m\u00edstem ve vrhu koul\u00ed v\u00fdkonem 7,21 m. Hodnotn\u00fd v\u00fdkon podal i v hodu o\u0161t\u011bpem (16,68 m).<\/p>\n<p>Jedinou z\u00e1stupkyn\u00ed Hv\u011bzdy v sout\u011b\u017e\u00edch handicapovan\u00fdch byla Vendula P\u00edsa\u0159\u00edkov\u00e1, kter\u00e1 startovala ve v\u0161ech t\u0159ech discipl\u00edn\u00e1ch. Dos\u00e1hla v\u00fdkon\u016f 2,90m v kouli, 4,56m v disku a 10,32m v hodu ku\u017eelkou.<\/p>\n<p>Pardubick\u00fd den\u00edk<br \/>\n<a href=\"http:\/\/pardubicky.denik.cz\/\">http:\/\/pardubicky.denik.cz\/<\/a><\/p>\n","protected":false},"excerpt":{"rendered":"<div class=\"mh-excerpt\"><p>Se svou tro\u0161kou do ml\u00fdna&#8230; Sou\u010d\u00e1st\u00ed Pardubick\u00e9ho atletick\u00e9ho m\u00edtink se znovu staly Velk\u00e9 ceny pro t\u011blesn\u011b posti\u017een\u00e9 sportovce. A ti se po\u0159adatel\u016fm z Hv\u011bzdy odvd\u011b\u010dili <a class=\"mh-excerpt-more\" href=\"https:\/\/www.invarena.cz\/?p=22527\" title=\"Dva \u010desk\u00e9 rekordy i cela \u0159ada &#8222;osob\u00e1k\u016f&#8220;\">[&#8230;]<\/a><\/p>\n<\/div>","protected":false},"author":1,"featured_media":7022,"comment_status":"open","ping_status":"closed","sticky":false,"template":"","format":"standard","meta":{"footnotes":""},"categories":[9],"tags":[],"class_list":["post-22527","post","type-post","status-publish","format-standard","has-post-thumbnail","hentry","category-zpravy"],"_links":{"self":[{"href":"https:\/\/www.invarena.cz\/index.php?rest_route=\/wp\/v2\/posts\/22527","targetHints":{"allow":["GET"]}}],"collection":[{"href":"https:\/\/www.invarena.cz\/index.php?rest_route=\/wp\/v2\/posts"}],"about":[{"href":"https:\/\/www.invarena.cz\/index.php?rest_route=\/wp\/v2\/types\/post"}],"author":[{"embeddable":true,"href":"https:\/\/www.invarena.cz\/index.php?rest_route=\/wp\/v2\/users\/1"}],"replies":[{"embeddable":true,"href":"https:\/\/www.invarena.cz\/index.php?rest_route=%2Fwp%2Fv2%2Fcomments&post=22527"}],"version-history":[{"count":0,"href":"https:\/\/www.invarena.cz\/index.php?rest_route=\/wp\/v2\/posts\/22527\/revisions"}],"wp:featuredmedia":[{"embeddable":true,"href":"https:\/\/www.invarena.cz\/index.php?rest_route=\/wp\/v2\/media\/7022"}],"wp:attachment":[{"href":"https:\/\/www.invarena.cz\/index.php?rest_route=%2Fwp%2Fv2%2Fmedia&parent=22527"}],"wp:term":[{"taxonomy":"category","embeddable":true,"href":"https:\/\/www.invarena.cz\/index.php?rest_route=%2Fwp%2Fv2%2Fcategories&post=22527"},{"taxonomy":"post_tag","embeddable":true,"href":"https:\/\/www.invarena.cz\/index.php?rest_route=%2Fwp%2Fv2%2Ftags&post=22527"}],"curies":[{"name":"wp","href":"https:\/\/api.w.org\/{rel}","templated":true}]}}