{"id":22536,"date":"2015-08-28T13:39:35","date_gmt":"2015-08-28T11:39:35","guid":{"rendered":"http:\/\/www.invarena.cz\/?p=22536"},"modified":"2015-08-28T13:39:35","modified_gmt":"2015-08-28T11:39:35","slug":"startuje-czech-open-telesne-postizenych","status":"publish","type":"post","link":"https:\/\/www.invarena.cz\/?p=22536","title":{"rendered":"Startuje Czech Open t\u011blesn\u011b posti\u017een\u00fdch"},"content":{"rendered":"<p><strong>Olomouck\u00fd atletick\u00fd stadion host\u00ed mezin\u00e1rodn\u00ed mistrovstv\u00ed \u010cR<\/strong><!--more--><\/p>\n<p>Olomouc \u2013 Tradi\u010dn\u011b siln\u00e9 obsazen\u00ed hl\u00e1s\u00ed Czech Open t\u011blesn\u011b posti\u017een\u00fdch atlet\u016f. Stadion TJ Lokomotiva v Olomouci dnes a z\u00edtra host\u00ed presti\u017en\u00ed mezin\u00e1rodn\u00ed mistrovstv\u00ed \u010cesk\u00e9 republiky, kter\u00e9ho se z\u00fa\u010dastn\u00ed z\u00e1vodn\u00edci z patn\u00e1cti zem\u00ed sv\u011bta.<\/p>\n<p>&#8222;Jedn\u00e1 se o jeden z nejv\u011bt\u0161\u00edch m\u00edtink\u016f v Evrop\u011b pro t\u011blesn\u011b posti\u017een\u00e9. V Olomouci se p\u0159edstav\u00ed 162 z\u00e1vodn\u00edk\u016f z patn\u00e1cti zem\u00ed cel\u00e9ho sv\u011bta,&#8220; \u0159\u00edk\u00e1 \u0159editel z\u00e1vod\u016f Pavel Vrzala. Na Han\u00e9 se tak p\u0159edstav\u00ed krom\u011b dom\u00e1c\u00edch nad\u011bj\u00ed tak\u00e9 handicapovan\u00ed atleti z USA, Ruska, Ir\u00e1ku, Al\u017e\u00edrska nebo Uzbekist\u00e1nu.<\/p>\n<p>&#8222;Na startu bude spousta z\u00e1vodn\u00edk\u016f, kte\u0159\u00ed maj\u00ed ve sv\u00e9 sb\u00edrce medaile z mistrovstv\u00ed Evropy, mistrovstv\u00ed sv\u011bta a paralympi\u00e1d,&#8220; upozornil Pavel Vrzala.<\/p>\n<p>Z \u010desk\u00fdch reprezentant\u016f nem\u016f\u017ee v Olomouci chyb\u011bt Eva Kacanu. Z\u00e1vodnice m\u00edstn\u00edho atletick\u00e9ho klubu, kter\u00e1 je mistryn\u00ed sv\u011bta a paralympijskou v\u00edt\u011bzkou ve vrhu koul\u00ed, se bude cht\u00edt uk\u00e1zat doma v co nejlep\u0161\u00edm sv\u011btle.<\/p>\n<p>P\u0159edstav\u00ed se i Franti\u0161ek Serbus, mistr sv\u011bta a paralympijsk\u00fd v\u00edt\u011bz v hodu ku\u017eelkou. Ve vrha\u010dsk\u00e9m sektoru se objev\u00ed i \u010de\u0161t\u00ed reprezentanti Jan Van\u011bk, Radim B\u011ble\u0161 a Du\u0161an Gr\u00e9zl. V sout\u011b\u017ei \u017een bude pat\u0159it mezi favoritky Eva Bern\u00e1, kter\u00e1 je dr\u017eitelkou leto\u0161n\u00edho nejlep\u0161\u00edho sv\u011btov\u00e9ho v\u00fdkonu ve vrhu koul\u00ed.<\/p>\n<p>Mezi cizinci se do skupiny favorit\u016f \u0159ad\u00ed slovensk\u00fd o\u0161t\u011bpa\u0159 Marek Margo\u010d, chorvatsk\u00fd koula\u0159 Mladen Tomi\u010d nebo rusk\u00e1 d\u00e1lka\u0159ka Irina Ru\u010dkina. O skv\u011bl\u00fd v\u00fdkon bude usilovat i polsk\u00fd diska\u0159 Janusz Rokicki, kter\u00fd um\u00ed sv\u00e9 sportovn\u00ed n\u00e1\u010din\u00ed poslat za p\u011bta\u010dty\u0159icet metr\u016f.<\/p>\n<p>MIROSLAV MAZAL<br \/>\n28.08.2015<br \/>\nOlomouck\u00fd den\u00edk<br \/>\n<a href=\"http:\/\/www.olomoucky.denik.cz\/\">http:\/\/www.olomoucky.denik.cz\/<\/a><\/p>\n","protected":false},"excerpt":{"rendered":"<div class=\"mh-excerpt\"><p>Olomouck\u00fd atletick\u00fd stadion host\u00ed mezin\u00e1rodn\u00ed mistrovstv\u00ed \u010cR<\/p>\n<\/div>","protected":false},"author":1,"featured_media":8523,"comment_status":"open","ping_status":"closed","sticky":false,"template":"","format":"standard","meta":{"footnotes":""},"categories":[9],"tags":[],"class_list":["post-22536","post","type-post","status-publish","format-standard","has-post-thumbnail","hentry","category-zpravy"],"_links":{"self":[{"href":"https:\/\/www.invarena.cz\/index.php?rest_route=\/wp\/v2\/posts\/22536","targetHints":{"allow":["GET"]}}],"collection":[{"href":"https:\/\/www.invarena.cz\/index.php?rest_route=\/wp\/v2\/posts"}],"about":[{"href":"https:\/\/www.invarena.cz\/index.php?rest_route=\/wp\/v2\/types\/post"}],"author":[{"embeddable":true,"href":"https:\/\/www.invarena.cz\/index.php?rest_route=\/wp\/v2\/users\/1"}],"replies":[{"embeddable":true,"href":"https:\/\/www.invarena.cz\/index.php?rest_route=%2Fwp%2Fv2%2Fcomments&post=22536"}],"version-history":[{"count":0,"href":"https:\/\/www.invarena.cz\/index.php?rest_route=\/wp\/v2\/posts\/22536\/revisions"}],"wp:featuredmedia":[{"embeddable":true,"href":"https:\/\/www.invarena.cz\/index.php?rest_route=\/wp\/v2\/media\/8523"}],"wp:attachment":[{"href":"https:\/\/www.invarena.cz\/index.php?rest_route=%2Fwp%2Fv2%2Fmedia&parent=22536"}],"wp:term":[{"taxonomy":"category","embeddable":true,"href":"https:\/\/www.invarena.cz\/index.php?rest_route=%2Fwp%2Fv2%2Fcategories&post=22536"},{"taxonomy":"post_tag","embeddable":true,"href":"https:\/\/www.invarena.cz\/index.php?rest_route=%2Fwp%2Fv2%2Ftags&post=22536"}],"curies":[{"name":"wp","href":"https:\/\/api.w.org\/{rel}","templated":true}]}}