{"id":22548,"date":"2015-08-31T07:57:00","date_gmt":"2015-08-31T05:57:00","guid":{"rendered":"http:\/\/www.invarena.cz\/?p=22548"},"modified":"2015-08-31T07:57:00","modified_gmt":"2015-08-31T05:57:00","slug":"praha-chce-zavest-hromadne-zasilani-varovnych-sms","status":"publish","type":"post","link":"https:\/\/www.invarena.cz\/?p=22548","title":{"rendered":"Praha chce zav\u00e9st hromadn\u00e9 zas\u00edl\u00e1n\u00ed varovn\u00fdch SMS"},"content":{"rendered":"<p><strong>Hlavn\u00ed m\u011bsto Praha chce zav\u00e9st hromadn\u00e9 zas\u00edl\u00e1n\u00ed varovn\u00fdch SMS, kter\u00e9 by bylo mo\u017en\u00e9 v p\u0159\u00edpad\u011b nehod nebo ne\u0161t\u011bst\u00ed zas\u00edlat obyvatel\u016fm posti\u017een\u00fdch m\u011bstsk\u00fdch \u010d\u00e1st\u00ed. <\/strong><!--more--><\/p>\n<p> \tfoto rileyroxx \/ Flickr.com <\/p>\n<p>V sou\u010dasnosti mohou varovn\u00e9 sms dostat pouze obyvatel\u00e9, kte\u0159\u00ed se k p\u0159ij\u00edm\u00e1n\u00ed varovn\u00fdch zpr\u00e1v p\u0159ihl\u00e1s\u00ed.<\/p>\n<p>V praxi tak tato elektronick\u00e1 varov\u00e1n\u00ed dostane jen minimum lid\u00ed. Na setk\u00e1n\u00ed s novin\u00e1\u0159i v r\u00e1mci Dne integrovan\u00e9ho z\u00e1chrann\u00e9ho syst\u00e9mu to \u0159ekla pra\u017esk\u00e1 prim\u00e1torka Adriana Krn\u00e1\u010dov\u00e1 (za ANO).<\/p>\n<p>Informov\u00e1n\u00ed lid\u00ed, kte\u0159\u00ed se p\u0159edem p\u0159ihl\u00e1s\u00ed, m\u00e1 miziv\u00fd dopad, uvedl starosta sedm\u00e9 m\u011bstsk\u00e9 \u010d\u00e1sti Jan \u010ci\u017einsk\u00fd (KDU-\u010cSL). Pra\u017esk\u00e9 vodovody a kanalizace (PVK) nab\u00edzej\u00ed lidem podobnou slu\u017ebu v p\u0159\u00edpad\u011b, \u017ee se n\u011bco z\u00e1va\u017en\u00e9ho stane s vodou. Kdy\u017e pitnou vodu v Dejvic\u00edch a Buben\u010di na konci kv\u011btna kontaminovala spla\u0161kov\u00e1 voda, varov\u00e1n\u00ed dostaly jen des\u00edtky lid\u00ed, dodal starosta.<\/p>\n<p>Zas\u00edl\u00e1n\u00ed takov\u00fdchto sms by podle \u010ci\u017einsk\u00e9ho pokladnu m\u011bsta a radnic, kter\u00e9 na projektu spolupracuj\u00ed, p\u0159\u00edli\u0161 nezat\u00ed\u017e\u00ed. Cena zpr\u00e1vy p\u0159edstavuje hal\u00ed\u0159ov\u00e9 polo\u017eky. P\u0159i konkr\u00e9tn\u00edm p\u0159\u00edpad\u011b tak m\u016f\u017ee j\u00edt o des\u00edtky tis\u00edc korun, kter\u00e9 magistr\u00e1t r\u00e1d v\u011bnuje na to, aby obyvatel\u00e9 byli bezprost\u0159edn\u011b informov\u00e1ni, \u017ee nemaj\u00ed otev\u00edrat okno nebo p\u00edt vodu z vodovodu, dodal.<\/p>\n<p>Mo\u017enost\u00ed hromadn\u00e9ho zas\u00edl\u00e1n\u00ed varovn\u00fdch sms se bude v nejbli\u017e\u0161\u00ed dob\u011b zab\u00fdvat i sn\u011bmovn\u00ed v\u00fdbor pro obranu, uvedl jeho m\u00edstop\u0159edseda Bohuslav Chalupa. Problematiku by m\u011bl \u0159e\u0161it u\u017e p\u0159\u00edmo s poskytovateli komunika\u010dn\u00edch slu\u017eeb.<\/p>\n<p>Krom\u011b varovn\u00e9ho syst\u00e9mu sms existuj\u00ed pro upozorn\u011bn\u00ed obyvatel na r\u016fzn\u00e1 nebezpe\u010d\u00ed i jin\u00e9 syst\u00e9my, kter\u00e9 funguj\u00ed plo\u0161n\u011b. Zn\u00e1m\u00e1 je nap\u0159\u00edklad s\u00ed\u0165 sir\u00e9n, z nich\u017e \u0159ada um\u00ed vys\u00edlat nejen zn\u00e1m\u00fd akustick\u00fd sign\u00e1l, ale i mluven\u00e9 slovo.<\/p>\n","protected":false},"excerpt":{"rendered":"<div class=\"mh-excerpt\"><p>Hlavn\u00ed m\u011bsto Praha chce zav\u00e9st hromadn\u00e9 zas\u00edl\u00e1n\u00ed varovn\u00fdch SMS, kter\u00e9 by bylo mo\u017en\u00e9 v p\u0159\u00edpad\u011b nehod nebo ne\u0161t\u011bst\u00ed zas\u00edlat obyvatel\u016fm posti\u017een\u00fdch m\u011bstsk\u00fdch \u010d\u00e1st\u00ed.<\/p>\n<\/div>","protected":false},"author":1,"featured_media":21736,"comment_status":"open","ping_status":"closed","sticky":false,"template":"","format":"standard","meta":{"footnotes":""},"categories":[7],"tags":[],"class_list":["post-22548","post","type-post","status-publish","format-standard","has-post-thumbnail","hentry","category-spolecnost"],"_links":{"self":[{"href":"https:\/\/www.invarena.cz\/index.php?rest_route=\/wp\/v2\/posts\/22548","targetHints":{"allow":["GET"]}}],"collection":[{"href":"https:\/\/www.invarena.cz\/index.php?rest_route=\/wp\/v2\/posts"}],"about":[{"href":"https:\/\/www.invarena.cz\/index.php?rest_route=\/wp\/v2\/types\/post"}],"author":[{"embeddable":true,"href":"https:\/\/www.invarena.cz\/index.php?rest_route=\/wp\/v2\/users\/1"}],"replies":[{"embeddable":true,"href":"https:\/\/www.invarena.cz\/index.php?rest_route=%2Fwp%2Fv2%2Fcomments&post=22548"}],"version-history":[{"count":0,"href":"https:\/\/www.invarena.cz\/index.php?rest_route=\/wp\/v2\/posts\/22548\/revisions"}],"wp:featuredmedia":[{"embeddable":true,"href":"https:\/\/www.invarena.cz\/index.php?rest_route=\/wp\/v2\/media\/21736"}],"wp:attachment":[{"href":"https:\/\/www.invarena.cz\/index.php?rest_route=%2Fwp%2Fv2%2Fmedia&parent=22548"}],"wp:term":[{"taxonomy":"category","embeddable":true,"href":"https:\/\/www.invarena.cz\/index.php?rest_route=%2Fwp%2Fv2%2Fcategories&post=22548"},{"taxonomy":"post_tag","embeddable":true,"href":"https:\/\/www.invarena.cz\/index.php?rest_route=%2Fwp%2Fv2%2Ftags&post=22548"}],"curies":[{"name":"wp","href":"https:\/\/api.w.org\/{rel}","templated":true}]}}